{"id":20450,"date":"2021-12-09T10:54:53","date_gmt":"2021-12-09T10:54:53","guid":{"rendered":"https:\/\/blog.justhvk.hu\/blog\/?p=20450"},"modified":"2021-12-09T10:55:26","modified_gmt":"2021-12-09T10:55:26","slug":"rolunk-irtak-370","status":"publish","type":"post","link":"https:\/\/blog.justhvk.hu\/blog\/rolunk-irtak-370\/","title":{"rendered":"R\u00f3lunk \u00edrt\u00e1k"},"content":{"rendered":"\n<p>Novemberi cikkek, tud\u00f3s\u00edt\u00e1sok r\u00f3lunk! <span class=\"has-inline-color has-white-color\">M\u00e1r csak egy kattint\u00e1s\u2026 klikkelj a c\u00edmre!<\/span><\/p>\n\n\n\n<!--more-->\n\n\n\n<ul class=\"wp-block-list\" id=\"block-0aea6728-06b0-44cc-b05e-1be62135e1d6\"><li>Programaj\u00e1nl\u00f3. \u2013 In. Orosh\u00e1zi \u00c9let, 24. \u00e9vf., 43. sz. (2021. november 5.). \u2013 p. 5. [<a href=\"https:\/\/issuu.com\/oroscafe\/docs\/oroshazielet_20211105_kicsi\/1\">https:\/\/issuu.com\/oroscafe\/docs\/oroshazielet_20211105_kicsi\/1<\/a>] <\/li><li>Ezen a k\u00fcl\u00f6nleges napon m\u00e9g hangoskodni is lehetett a k\u00f6nyvt\u00e1rban \/ Bogd\u00e1nffy-Sz\u0151ke Anett. &#8211; In. OrosCaf\u00e9 (2021. november 9.) [<a href=\"https:\/\/oroscafe.hu\/2021\/11\/09\/meg-hangoskodni-is-lehetett-a-konyvtarban-justh-zsigmond-varosi-konyvtar-marton-nap-lud-liba-nepszokas-nephagyomany-oroshaza\/\">https:\/\/oroscafe.hu\/2021\/11\/09\/meg-hangoskodni-is-lehetett-a-konyvtarban-justh-zsigmond-varosi-konyvtar-marton-nap-lud-liba-nepszokas-nephagyomany-oroshaza\/<\/a>] <\/li><li>M\u00e1rton nap \u00f3vod\u00e1soknak. R\u00e9szlet az Orosh\u00e1zi V\u00e1rosi Telev\u00edzi\u00f3 2021. november 9-i H\u00edrad\u00f3j\u00e1b\u00f3l [<a href=\"https:\/\/youtu.be\/niduKo-ICHA?t=503\">https:\/\/youtu.be\/niduKo-ICHA?t=503<\/a>] <\/li><li>Olt\u00e1si regisztr\u00e1ci\u00f3 \u00e9s id\u0151pont foglal\u00e1s \u2013 seg\u00edtenek a k\u00f6nyvt\u00e1rosok. &#8211; In. OrosCaf\u00e9 (2021. november 11.) [<a href=\"https:\/\/oroscafe.hu\/2021\/11\/11\/oltasi-regisztracio-es-idopont-foglalas-segitenek-a-konyvtarosok\/\">https:\/\/oroscafe.hu\/2021\/11\/11\/oltasi-regisztracio-es-idopont-foglalas-segitenek-a-konyvtarosok\/<\/a>] <\/li><li>Olt\u00e1si regisztr\u00e1ci\u00f3 \u00e9s id\u0151pontfoglal\u00e1s &#8211; seg\u00edtenek a k\u00f6nyvt\u00e1rosok. \u2013 In. Orosh\u00e1zi \u00c9let, 24. \u00e9vf., 44. sz. (2021. november 12.). \u2013 p. 3. [<a href=\"https:\/\/issuu.com\/oroscafe\/docs\/oroshazielet_20211112\/1\">https:\/\/issuu.com\/oroscafe\/docs\/oroshazielet_20211112\/1<\/a>]<\/li><li>Programaj\u00e1nl\u00f3. \u2013 In. Orosh\u00e1zi \u00c9let, 24. \u00e9vf., 44. sz. (2021. november 12.). \u2013 p. 5. [<a href=\"https:\/\/issuu.com\/oroscafe\/docs\/oroshazielet_20211112\/1\">https:\/\/issuu.com\/oroscafe\/docs\/oroshazielet_20211112\/1<\/a>]<\/li><li>B\u00e9k\u00e9s Megyei programaj\u00e1nl\u00f3. \u2013 In. B\u00e9k\u00e9s Megyei H\u00edrlap, 76. \u00e9vf., 262. sz. (2021. november 12.). \u2013 p. 5.<\/li><li>Ezek a B\u00e9k\u00e9s megyei programok v\u00e1rnak r\u00e1nk a napokban. &#8211; In. Beol.hu (2021. november 12.) [<a href=\"https:\/\/www.beol.hu\/kozelet\/helyi-kozelet\/ezek-a-bekes-megyei-programok-varnak-rank-a-napokban-10-4496534\/\">https:\/\/www.beol.hu\/kozelet\/helyi-kozelet\/ezek-a-bekes-megyei-programok-varnak-rank-a-napokban-10-4496534\/<\/a>]<\/li><li>Szab\u00f3 Magda m\u0171vei \u00e9s gy\u00f6ny\u00f6r\u0171 festm\u00e9nyek az olvas\u00f3k\u00f6r \u00f6sszej\u00f6vetel\u00e9n \/ Cs\u00e1nyi J\u00f3zsef. &#8211; In. OrosCaf\u00e9 (2021. november 12.) [<a href=\"https:\/\/oroscafe.hu\/2021\/11\/12\/szabo-magda-muvei-es-gyonyoru-festmenyek-az-olvasokor-osszejovetelen\/\">https:\/\/oroscafe.hu\/2021\/11\/12\/szabo-magda-muvei-es-gyonyoru-festmenyek-az-olvasokor-osszejovetelen\/<\/a>] <\/li><li>K\u00f6nyvt\u00e1ros seg\u00edt regisztr\u00e1lni az olt\u00e1sra \/ Cs. I. [Csete Ilona]. \u2013 In. B\u00e9k\u00e9s Megyei H\u00edrlap, 76. \u00e9vf., 263. sz. (2021. november 13.). \u2013 p. 2. <\/li><li>\u201cNem vagyunk orvosok, tan\u00e1csot adni nem tudunk, de a regisztr\u00e1ci\u00f3ban sz\u00edvesen seg\u00edt\u00fcnk\u201d \/ Bogd\u00e1nffy-Sz\u0151ke Anett. &#8211; In. OrosCaf\u00e9 (2021. november 13.) [<a href=\"https:\/\/oroscafe.hu\/2021\/11\/13\/nem-vagyunk-orvosok-tanacsot-adni-nem-tudunk-de-az-ugyintezesben-szivesen-segitunk-konyvtar-justh-zsigmond-varosi-konyvtar-oltas-regisztracio-oroshaza\/\">https:\/\/oroscafe.hu\/2021\/11\/13\/nem-vagyunk-orvosok-tanacsot-adni-nem-tudunk-de-az-ugyintezesben-szivesen-segitunk-konyvtar-justh-zsigmond-varosi-konyvtar-oltas-regisztracio-oroshaza\/<\/a>] <\/li><li>Playboy magazin, RTL Klub\u2026most pedig egy novell\u00e1sk\u00f6tet \/ Bogd\u00e1nffy-Sz\u0151ke Anett. &#8211; In. OrosCaf\u00e9 (2021. november 14.) [<a href=\"https:\/\/oroscafe.hu\/2021\/11\/14\/playboy-magazin-rtl-klub-most-pedig-egy-novellaskotet-renyi-adam-osztalytalalkozo-novella-kotet-konyvbemutato-oroshaza-justh-zsigmond-varosi-konyvtar\/\">https:\/\/oroscafe.hu\/2021\/11\/14\/playboy-magazin-rtl-klub-most-pedig-egy-novellaskotet-renyi-adam-osztalytalalkozo-novella-kotet-konyvbemutato-oroshaza-justh-zsigmond-varosi-konyvtar\/<\/a>] <\/li><li>Seg\u00edtenek az olt\u00e1sregisztr\u00e1ci\u00f3ban. R\u00e9szlet az Orosh\u00e1zi V\u00e1rosi Telev\u00edzi\u00f3 2021. november 16-i H\u00edrad\u00f3j\u00e1b\u00f3l [<a href=\"https:\/\/youtu.be\/ygkbAbsfD2c?t=155\">https:\/\/youtu.be\/ygkbAbsfD2c?t=155<\/a>]<\/li><li>R\u00e9nyi \u00c1d\u00e1m k\u00f6nyv\u00e9nek bemutat\u00f3ja. R\u00e9szlet az Orosh\u00e1zi V\u00e1rosi Telev\u00edzi\u00f3 2021. november 16-i H\u00edrad\u00f3j\u00e1b\u00f3l [<a href=\"https:\/\/youtu.be\/ygkbAbsfD2c?t=515\">https:\/\/youtu.be\/ygkbAbsfD2c?t=515<\/a>]<\/li><li>Ezek a B\u00e9k\u00e9s megyei programok v\u00e1rnak r\u00e1nk a napokban. &#8211; In. Beol.hu (2021. november 19.) [<a href=\"https:\/\/www.beol.hu\/programajanlo\/ezek-a-bekes-megyei-programok-varnak-rank-a-napokban-11-4517420\/\">https:\/\/www.beol.hu\/programajanlo\/ezek-a-bekes-megyei-programok-varnak-rank-a-napokban-11-4517420\/<\/a>]<\/li><li>Pofonnal z\u00e1rulnak \/ BSZA [Bogd\u00e1nffy-Sz\u0151ke Anett]. \u2013 In. Orosh\u00e1zi \u00c9let, 24. \u00e9vf., 45. sz. (2021. november 19.). \u2013 p. 5. [<a href=\"https:\/\/issuu.com\/oroscafe\/docs\/oroshazielet_20211119\/1\">https:\/\/issuu.com\/oroscafe\/docs\/oroshazielet_20211119\/1<\/a>]<\/li><li>B\u00e9k\u00e9s Megyei programaj\u00e1nl\u00f3. \u2013 In. B\u00e9k\u00e9s Megyei H\u00edrlap, 76. \u00e9vf., 268. sz. (2021. november 19.). \u2013 p. 5. <\/li><\/ul>\n\n\n\n<p><\/p>\n<div class=\"fcbkbttn_buttons_block\" id=\"fcbkbttn_left\"><div class=\"fcbkbttn_like \"><fb:like href=\"https:\/\/blog.justhvk.hu\/blog\/rolunk-irtak-370\/\" action=\"like\" colorscheme=\"light\" layout=\"button_count\"  size=\"small\"><\/fb:like><\/div><div class=\"fb-share-button  \" data-href=\"https:\/\/blog.justhvk.hu\/blog\/rolunk-irtak-370\/\" data-type=\"button_count\" data-size=\"small\"><\/div><\/div>","protected":false},"excerpt":{"rendered":"<p>Novemberi cikkek, tud\u00f3s\u00edt\u00e1sok r\u00f3lunk! M\u00e1r csak egy kattint\u00e1s\u2026 klikkelj a c\u00edmre!<\/p>\n","protected":false},"author":5,"featured_media":0,"comment_status":"open","ping_status":"open","sticky":false,"template":"","format":"standard","meta":{"episode_type":"","audio_file":"","cover_image":"","cover_image_id":"","duration":"","filesize":"","date_recorded":"","explicit":"","block":"","filesize_raw":"","ngg_post_thumbnail":0,"footnotes":""},"categories":[186,664,255,282,942,431,452,503,991,515,528],"tags":[],"class_list":["post-20450","post","type-post","status-publish","format-standard","hentry","category-gyermekkonyvtar","category-justh-zsigmond-olvasokor","category-justh-zsigmond-varosi-konyvtar","category-konyvbemutato","category-koronavirus","category-nyugdijas-pedagogusok-justh-zsigmond-olvasokore","category-oroshaza","category-programajanlo","category-renyi-adam","category-rolunk_irtak","category-sajtofigyeles"],"_links":{"self":[{"href":"https:\/\/blog.justhvk.hu\/blog\/wp-json\/wp\/v2\/posts\/20450","targetHints":{"allow":["GET"]}}],"collection":[{"href":"https:\/\/blog.justhvk.hu\/blog\/wp-json\/wp\/v2\/posts"}],"about":[{"href":"https:\/\/blog.justhvk.hu\/blog\/wp-json\/wp\/v2\/types\/post"}],"author":[{"embeddable":true,"href":"https:\/\/blog.justhvk.hu\/blog\/wp-json\/wp\/v2\/users\/5"}],"replies":[{"embeddable":true,"href":"https:\/\/blog.justhvk.hu\/blog\/wp-json\/wp\/v2\/comments?post=20450"}],"version-history":[{"count":18,"href":"https:\/\/blog.justhvk.hu\/blog\/wp-json\/wp\/v2\/posts\/20450\/revisions"}],"predecessor-version":[{"id":20727,"href":"https:\/\/blog.justhvk.hu\/blog\/wp-json\/wp\/v2\/posts\/20450\/revisions\/20727"}],"wp:attachment":[{"href":"https:\/\/blog.justhvk.hu\/blog\/wp-json\/wp\/v2\/media?parent=20450"}],"wp:term":[{"taxonomy":"category","embeddable":true,"href":"https:\/\/blog.justhvk.hu\/blog\/wp-json\/wp\/v2\/categories?post=20450"},{"taxonomy":"post_tag","embeddable":true,"href":"https:\/\/blog.justhvk.hu\/blog\/wp-json\/wp\/v2\/tags?post=20450"}],"curies":[{"name":"wp","href":"https:\/\/api.w.org\/{rel}","templated":true}]}}