{"id":20786,"date":"2022-01-03T09:12:26","date_gmt":"2022-01-03T09:12:26","guid":{"rendered":"https:\/\/blog.justhvk.hu\/blog\/?p=20786"},"modified":"2022-01-03T09:15:14","modified_gmt":"2022-01-03T09:15:14","slug":"2022-21-justh-zsigmond-szavaloverseny","status":"publish","type":"post","link":"https:\/\/blog.justhvk.hu\/blog\/2022-21-justh-zsigmond-szavaloverseny\/","title":{"rendered":"2022: 21. Justh Zsigmond szaval\u00f3verseny"},"content":{"rendered":"\n<p><strong>Kedves di\u00e1kok, sz\u00fcl\u0151k, pedag\u00f3gusok!<\/strong><\/p>\n\n\n\n<p>2022. febru\u00e1r 16-\u00e1n lesz 159 \u00e9ve, hogy az Orosh\u00e1z\u00e1hoz k\u00f6zeli Pusztaszentorny\u00e1n megsz\u00fcletett Justh Zsigmond. Az elm\u00falt \u00e9vek hagyom\u00e1ny\u00e1t folytatva k\u00f6nyvt\u00e1runk \u2013 \u00edr\u00f3, irodalomszervez\u0151 n\u00e9vad\u00f3ja el\u0151tt tisztelegve, sz\u00fclet\u00e9s\u00e9nek \u00e9vfordul\u00f3ja alkalm\u00e1b\u00f3l, \u2013 2022-ben is megrendezi a<\/p>\n\n\n\n<p><strong>Justh Zsigmond szaval\u00f3verseny<\/strong>t.<\/p>\n\n\n\n<!--more-->\n\n\n\n<p>2021-ben a j\u00e1rv\u00e1nyhelyzet nem engedte, hogy megszervezz\u00fck a versenyt, de b\u00edzunk benne, hogy 2022-ben tudjuk folytatni az imm\u00e1r k\u00e9t \u00e9vtizedes trad\u00edci\u00f3t. Szeretn\u00e9nk, ha id\u00e9n is min\u00e9l t\u00f6bben megtiszteln\u00e9k rendezv\u00e9ny\u00fcnket r\u00e9szv\u00e9tel\u00fckkel.<\/p>\n\n\n\n<p>A versmond\u00f3k&nbsp;<strong>k\u00e9t kateg\u00f3ri\u00e1ban<\/strong>&nbsp;nevezhetnek:<\/p>\n\n\n\n<ul class=\"wp-block-list\"><li>9-10. \u00e9vfolyamosok<\/li><li>11-14. \u00e9vfolyamosok<\/li><\/ul>\n\n\n\n<p>Egy iskol\u00e1b\u00f3l kateg\u00f3ri\u00e1nk\u00e9nt<strong>&nbsp;t\u00f6bb di\u00e1k<\/strong>&nbsp;is nevezhet!<\/p>\n\n\n\n<p>Minden tanul\u00f3nak&nbsp;<strong>k\u00e9t m\u0171vel<\/strong>, k\u00f6telez\u0151en egy vil\u00e1girodalmi \u00e9s egy magyar iro\u00addalmi alkot\u00e1ssal kell nevezni.<\/p>\n\n\n\n<p>A verseny id\u0151pontja:&nbsp;<strong>2022. febru\u00e1r 16. (szerda) 9 \u00f3ra 30 perc<\/strong><\/p>\n\n\n\n<p>Nevez\u00e9si hat\u00e1rid\u0151: 2022. febru\u00e1r 4.<\/p>\n\n\n\n<p><strong><span class=\"has-inline-color has-vivid-red-color\">A jelentkez\u00e9si lapot <a href=\"https:\/\/forms.gle\/YwGMtEgV2PeqFd7n8\">ide kattintva<\/a> t\u00f6lthetik ki! <\/span><\/strong><\/p>\n\n\n\n<p>A versennyel kapcsolatos egy\u00e9b tudnival\u00f3k:<\/p>\n\n\n\n<p>Helysz\u00edn:&nbsp;<strong>Justh Zsigmond V\u00e1rosi K\u00f6nyvt\u00e1r, Orosh\u00e1za, Kossuth u. 3. (<a href=\"https:\/\/www.google.com\/maps\/preview#!q=Justh+Zsigmond+V%C3%A1rosi+K%C3%B6nyvt%C3%A1r%2C+Orosh%C3%A1za%2C+Kossuth+Lajos+utca%2C+Magyarorsz%C3%A1g&amp;data=!4m15!2m14!1m13!1s0x47443ef2bcd1967f%3A0xdf3cba09ccbaacc4!3m8!1m3!1d21327144!2d-95.677068!3d37.0625!3m2!1i1366!2i628!4f13.1!4m2!3d46.559717!4d20.668194\">t\u00e9rk\u00e9p<\/a>)<\/strong><\/p>\n\n\n\n<p>Gy\u00fclekez\u0151:&nbsp;<strong>8 \u00f3ra \u00e9s 9 \u00f3ra 15 perc k\u00f6z\u00f6tt<\/strong>.<\/p>\n\n\n\n<p>Az elm\u00falt \u00e9vek tapasztalata alapj\u00e1n a szaval\u00f3verseny kb. 14 \u00f3rakor \u00e9r v\u00e9get. A versennyel kapcsolatban \u00e9rdekl\u0151dni a (68) 412-075-\u00f6s telefonsz\u00e1mon&nbsp;<em>Hagym\u00e1sin\u00e9 Lazanyecz Anik\u00f3 <\/em>\u00e9s<em> Tengerics \u00c9va<\/em>&nbsp;k\u00f6nyvt\u00e1ros koll\u00e9gan\u0151kn\u00e9l lehet, vagy a megadott el\u00e9rhet\u0151s\u00e9gek b\u00e1rmelyik\u00e9n.<\/p>\n\n\n\n<p>Tisztelettel \u00e9s szeretettel v\u00e1rjuk jelentkez\u00e9s\u00fcket.<\/p>\n\n\n\n<p><strong>Fot\u00f3k<\/strong>&nbsp;a kor\u00e1bbi \u00e9vek szaval\u00f3versenyeir\u0151l:<\/p>\n\n\n\n<ul class=\"wp-block-list\"><li><a href=\"https:\/\/photos.app.goo.gl\/jn8ot67CeFkV1HLr8\">2020<\/a><\/li><li><a href=\"https:\/\/photos.app.goo.gl\/2pHpKYKMUcvNk6Mv7\">2019<\/a><\/li><li><a href=\"https:\/\/photos.app.goo.gl\/8HAUF2Tw3AgOalcB3\">2018<\/a><\/li><li><a href=\"https:\/\/goo.gl\/photos\/jz27r4f6dsmWcMCj9\">2017<\/a><\/li><li><a href=\"https:\/\/goo.gl\/photos\/uPn2L4Eqe8eAarQv6\">2016<\/a><\/li><li><a href=\"https:\/\/goo.gl\/photos\/6uojCR5Ws561j1YZ7\">2015<\/a><\/li><li><a href=\"https:\/\/goo.gl\/photos\/8AbZ2aSM8LYbkgps5\">2014<\/a><\/li><li><a href=\"https:\/\/goo.gl\/photos\/AMUj52wafPe73C2r8\">2013<\/a><\/li><li><a href=\"https:\/\/goo.gl\/photos\/PjgyRvXV4ZqPjnrb9\">2012<\/a><\/li><li><a href=\"https:\/\/goo.gl\/photos\/ifQfmwcvgvXyJsdN6\">2011<\/a><\/li><li><a href=\"https:\/\/goo.gl\/photos\/HLTLvyG4tb27DdKf8\">2010<\/a><\/li><li><a href=\"https:\/\/goo.gl\/photos\/tqr4gdqC84aCLecK9\">2009<\/a><\/li><li><a href=\"https:\/\/goo.gl\/photos\/bVAmFKJEVUrs7h8u5\">2008<\/a><\/li><\/ul>\n<div class=\"fcbkbttn_buttons_block\" id=\"fcbkbttn_left\"><div class=\"fcbkbttn_like \"><fb:like href=\"https:\/\/blog.justhvk.hu\/blog\/2022-21-justh-zsigmond-szavaloverseny\/\" action=\"like\" colorscheme=\"light\" layout=\"button_count\"  size=\"small\"><\/fb:like><\/div><div class=\"fb-share-button  \" data-href=\"https:\/\/blog.justhvk.hu\/blog\/2022-21-justh-zsigmond-szavaloverseny\/\" data-type=\"button_count\" data-size=\"small\"><\/div><\/div>","protected":false},"excerpt":{"rendered":"<p>Kedves di\u00e1kok, sz\u00fcl\u0151k, pedag\u00f3gusok! 2022. febru\u00e1r 16-\u00e1n lesz 159 \u00e9ve, hogy az Orosh\u00e1z\u00e1hoz k\u00f6zeli Pusztaszentorny\u00e1n megsz\u00fcletett Justh Zsigmond. Az elm\u00falt \u00e9vek hagyom\u00e1ny\u00e1t folytatva k\u00f6nyvt\u00e1runk \u2013 \u00edr\u00f3, irodalomszervez\u0151 n\u00e9vad\u00f3ja el\u0151tt tisztelegve, sz\u00fclet\u00e9s\u00e9nek \u00e9vfordul\u00f3ja alkalm\u00e1b\u00f3l, \u2013 2022-ben is megrendezi a Justh Zsigmond szaval\u00f3versenyt.<\/p>\n","protected":false},"author":5,"featured_media":20787,"comment_status":"open","ping_status":"open","sticky":false,"template":"","format":"standard","meta":{"episode_type":"","audio_file":"","cover_image":"","cover_image_id":"","duration":"","filesize":"","date_recorded":"","explicit":"","block":"","filesize_raw":"","ngg_post_thumbnail":0,"footnotes":""},"categories":[761,254,255,452,503,558],"tags":[],"class_list":["post-20786","post","type-post","status-publish","format-standard","has-post-thumbnail","hentry","category-felhivas","category-justh-zsigmond","category-justh-zsigmond-varosi-konyvtar","category-oroshaza","category-programajanlo","category-szavaloverseny"],"_links":{"self":[{"href":"https:\/\/blog.justhvk.hu\/blog\/wp-json\/wp\/v2\/posts\/20786","targetHints":{"allow":["GET"]}}],"collection":[{"href":"https:\/\/blog.justhvk.hu\/blog\/wp-json\/wp\/v2\/posts"}],"about":[{"href":"https:\/\/blog.justhvk.hu\/blog\/wp-json\/wp\/v2\/types\/post"}],"author":[{"embeddable":true,"href":"https:\/\/blog.justhvk.hu\/blog\/wp-json\/wp\/v2\/users\/5"}],"replies":[{"embeddable":true,"href":"https:\/\/blog.justhvk.hu\/blog\/wp-json\/wp\/v2\/comments?post=20786"}],"version-history":[{"count":6,"href":"https:\/\/blog.justhvk.hu\/blog\/wp-json\/wp\/v2\/posts\/20786\/revisions"}],"predecessor-version":[{"id":20828,"href":"https:\/\/blog.justhvk.hu\/blog\/wp-json\/wp\/v2\/posts\/20786\/revisions\/20828"}],"wp:featuredmedia":[{"embeddable":true,"href":"https:\/\/blog.justhvk.hu\/blog\/wp-json\/wp\/v2\/media\/20787"}],"wp:attachment":[{"href":"https:\/\/blog.justhvk.hu\/blog\/wp-json\/wp\/v2\/media?parent=20786"}],"wp:term":[{"taxonomy":"category","embeddable":true,"href":"https:\/\/blog.justhvk.hu\/blog\/wp-json\/wp\/v2\/categories?post=20786"},{"taxonomy":"post_tag","embeddable":true,"href":"https:\/\/blog.justhvk.hu\/blog\/wp-json\/wp\/v2\/tags?post=20786"}],"curies":[{"name":"wp","href":"https:\/\/api.w.org\/{rel}","templated":true}]}}