{"id":20837,"date":"2022-01-06T08:18:27","date_gmt":"2022-01-06T08:18:27","guid":{"rendered":"https:\/\/blog.justhvk.hu\/blog\/?p=20837"},"modified":"2022-01-22T08:53:10","modified_gmt":"2022-01-22T08:53:10","slug":"eletem-gyongye-az-europai-mehnyakrak-megelozesi-het-programja","status":"publish","type":"post","link":"https:\/\/blog.justhvk.hu\/blog\/eletem-gyongye-az-europai-mehnyakrak-megelozesi-het-programja\/","title":{"rendered":"\u00c9letem Gy\u00f6ngye &#8211; az Eur\u00f3pai M\u00e9hnyakr\u00e1k Megel\u0151z\u00e9si H\u00e9t programja"},"content":{"rendered":"\n<p>Az Orosh\u00e1zi M\u00e1lyvavir\u00e1g Pont \u00e9s a Justh Zsigmond V\u00e1rosi K\u00f6nyvt\u00e1r az \u00c9letem Gy\u00f6ngye &#8211; Eur\u00f3pai M\u00e9hnyakr\u00e1k Megel\u0151z\u00e9si H\u00e9t programja keret\u00e9ben szeretettel megh\u00edvja \u00d6nt rendezv\u00e9ny\u00fcnkre<\/p>\n\n\n\n<!--more-->\n\n\n\n<p>Programok:<\/p>\n\n\n\n<ul class=\"wp-block-list\"><li><strong>\u00c9letem Gy\u00f6ngye p\u00e1ly\u00e1zat eredm\u00e9nyhirdet\u00e9se<\/strong><\/li><li><strong>Dr. J\u00f3n\u00e1s Krisztina fogorvos el\u0151ad\u00e1sa<\/strong> a HPV \u00e9s a sz\u00e1j\u00fcregi r\u00e1kok \u00f6sszef\u00fcgg\u00e9s\u00e9r\u0151l<\/li><li><strong>Nyolczas Erika (Orosh\u00e1zi M\u00e1lyvavir\u00e1g Pont) el\u0151ad\u00e1sa<\/strong> a citol\u00f3giai leletek \u00e9rtelmez\u00e9s\u00e9r\u0151l<\/li><li><strong>K\u00f6z\u00f6s gy\u00f6ngyf\u0171z\u00e9s<\/strong> (az itt k\u00e9sz\u00fclt kark\u00f6t\u0151k n\u0151gy\u00f3gy\u00e1szati betegekhez ker\u00fclnek)<\/li><\/ul>\n\n\n\n<p>Id\u0151pont: <strong>2022. janu\u00e1r 21., p\u00e9ntek, 16:30<\/strong><br>Helysz\u00edn: <strong>Justh Zsigmond V\u00e1rosi K\u00f6nyvt\u00e1r<\/strong><\/p>\n\n\n\n<p>A bel\u00e9p\u00e9s ingyenes.<\/p>\n\n\n\n<p>A rendezv\u00e9nyen t\u00f6rt\u00e9n\u0151 r\u00e9szv\u00e9tel felt\u00e9teleit a hat\u00e1lyos korm\u00e1nyrendelet szab\u00e1lyozza. A rendezv\u00e9nyen f\u00e9nyk\u00e9p-, hang- \u00e9s videofelv\u00e9telek k\u00e9sz\u00fclnek, melyek r\u00e9szben vagy eg\u00e9szben nyilv\u00e1noss\u00e1gra ker\u00fclnek. A szervez\u0151k a v\u00e1ltoztat\u00e1s jog\u00e1t fenntartj\u00e1k.<\/p>\n\n\n\n<p><a href=\"https:\/\/www.facebook.com\/events\/615686562998332\/\">Facebook-esem\u00e9ny<\/a><\/p>\n\n\n\n<a target=\"_blank\" href=\"https:\/\/calendar.google.com\/event?action=TEMPLATE&amp;tmeid=N3Q3NDQ1Nzk2aTg5YW04cjY2NXI3ZjltMWUganVzdGh2a0Bt&amp;tmsrc=justhvk%40gmail.com\" rel=\"noopener\"><img decoding=\"async\" border=\"0\" src=\"https:\/\/www.google.com\/calendar\/images\/ext\/gc_button1_hu.gif\"><\/a>\n\n\n\n<p><\/p>\n<div class=\"fcbkbttn_buttons_block\" id=\"fcbkbttn_left\"><div class=\"fcbkbttn_like \"><fb:like href=\"https:\/\/blog.justhvk.hu\/blog\/eletem-gyongye-az-europai-mehnyakrak-megelozesi-het-programja\/\" action=\"like\" colorscheme=\"light\" layout=\"button_count\"  size=\"small\"><\/fb:like><\/div><div class=\"fb-share-button  \" data-href=\"https:\/\/blog.justhvk.hu\/blog\/eletem-gyongye-az-europai-mehnyakrak-megelozesi-het-programja\/\" data-type=\"button_count\" data-size=\"small\"><\/div><\/div>","protected":false},"excerpt":{"rendered":"<p>Az Orosh\u00e1zi M\u00e1lyvavir\u00e1g Pont \u00e9s a Justh Zsigmond V\u00e1rosi K\u00f6nyvt\u00e1r az \u00c9letem Gy\u00f6ngye &#8211; Eur\u00f3pai M\u00e9hnyakr\u00e1k Megel\u0151z\u00e9si H\u00e9t programja keret\u00e9ben szeretettel megh\u00edvja \u00d6nt rendezv\u00e9ny\u00fcnkre<\/p>\n","protected":false},"author":5,"featured_media":20839,"comment_status":"open","ping_status":"open","sticky":false,"template":"","format":"standard","meta":{"episode_type":"","audio_file":"","cover_image":"","cover_image_id":"","duration":"","filesize":"","date_recorded":"","explicit":"","block":"","filesize_raw":"","ngg_post_thumbnail":0,"footnotes":""},"categories":[255,949,452,503],"tags":[],"class_list":["post-20837","post","type-post","status-publish","format-standard","has-post-thumbnail","hentry","category-justh-zsigmond-varosi-konyvtar","category-malyvapolc","category-oroshaza","category-programajanlo"],"_links":{"self":[{"href":"https:\/\/blog.justhvk.hu\/blog\/wp-json\/wp\/v2\/posts\/20837","targetHints":{"allow":["GET"]}}],"collection":[{"href":"https:\/\/blog.justhvk.hu\/blog\/wp-json\/wp\/v2\/posts"}],"about":[{"href":"https:\/\/blog.justhvk.hu\/blog\/wp-json\/wp\/v2\/types\/post"}],"author":[{"embeddable":true,"href":"https:\/\/blog.justhvk.hu\/blog\/wp-json\/wp\/v2\/users\/5"}],"replies":[{"embeddable":true,"href":"https:\/\/blog.justhvk.hu\/blog\/wp-json\/wp\/v2\/comments?post=20837"}],"version-history":[{"count":2,"href":"https:\/\/blog.justhvk.hu\/blog\/wp-json\/wp\/v2\/posts\/20837\/revisions"}],"predecessor-version":[{"id":20840,"href":"https:\/\/blog.justhvk.hu\/blog\/wp-json\/wp\/v2\/posts\/20837\/revisions\/20840"}],"wp:featuredmedia":[{"embeddable":true,"href":"https:\/\/blog.justhvk.hu\/blog\/wp-json\/wp\/v2\/media\/20839"}],"wp:attachment":[{"href":"https:\/\/blog.justhvk.hu\/blog\/wp-json\/wp\/v2\/media?parent=20837"}],"wp:term":[{"taxonomy":"category","embeddable":true,"href":"https:\/\/blog.justhvk.hu\/blog\/wp-json\/wp\/v2\/categories?post=20837"},{"taxonomy":"post_tag","embeddable":true,"href":"https:\/\/blog.justhvk.hu\/blog\/wp-json\/wp\/v2\/tags?post=20837"}],"curies":[{"name":"wp","href":"https:\/\/api.w.org\/{rel}","templated":true}]}}