{"id":212,"date":"2007-07-01T17:55:06","date_gmt":"2007-07-01T16:55:06","guid":{"rendered":"http:\/\/blog.justhvk.hu\/?p=212"},"modified":"2007-07-01T17:55:06","modified_gmt":"2007-07-01T16:55:06","slug":"egy-konyv-es-egy-majdnem","status":"publish","type":"post","link":"https:\/\/blog.justhvk.hu\/blog\/egy-konyv-es-egy-majdnem\/","title":{"rendered":"Egy k\u00f6nyv \u00e9s egy majdnem"},"content":{"rendered":"<p>Tulajdonk\u00e9ppen magam is bel\u00e1tom, \u00f3ri\u00e1si fanyalg\u00f3 vagyok a helyi kultur\u00e1lis \u00e9letet illet\u0151en, ami m\u00e9g akkor is kellemetlen n\u00e9ha, ha szerintem t\u00f6k jogosak az \u00e9szrev\u00e9teleim (most p\u00e9ld\u00e1ul volna kedvem elemezni a gyop\u00e1rosi road-show-t is, hogy az milyen g\u00e1z, de megtettem m\u00e1r p\u00e1rszor az elm\u00falt \u00e9vekben, \u00e9s mire mentem vele?). De ha \u00fagy alakul, tudok \u00f6r\u00fclni is a j\u00f3 \u00f6tleteknek. Most is azt teszem, elv\u00e9gre k\u00e9t helyt\u00f6rt\u00e9neti kiadv\u00e1nyt mutattak be k\u00e9t nap alatt.<\/p>\n<p>P\u00e9nteken 19:30-t\u00f3l Tiszat\u00e1j-est volt a Bille-h\u00e1z udvar\u00e1ban. A <a title=\"Tiszat\u00e1j honlap\" href=\"http:\/\/www.tiszataj.hu\/\">Tiszat\u00e1j <\/a>az egyik legnagyobb hagyom\u00e1nyokkal b\u00edr\u00f3 hazai irodalmi foly\u00f3irat, melynek j\u00faliusi sz\u00e1ma nagy terjedelemben foglalkozik Orosh\u00e1z\u00e1val. R\u00e9szben \u00fagy, hogy orosh\u00e1zi szerz\u0151k \u00edrtak tanulm\u00e1nyokat, r\u00e9szben orosh\u00e1ziakr\u00f3l k\u00e9sz\u00fcltek az \u00edr\u00e1sok, r\u00e9szben pedig orosh\u00e1ziak \u00edrtak orosh\u00e1ziakr\u00f3l. Vil\u00e1gos? Kevesen voltunk, de ett\u0151l f\u00fcggetlen\u00fcl j\u00f3 hangulat\u00fa besz\u00e9lget\u00e9s tan\u00fai lehett\u00fcnk. Varga Zolt\u00e1n, mint helyi irodalm\u00e1r k\u00f6sz\u00f6nt\u00f6tte a vend\u00e9geket, azut\u00e1n sz\u00f3t kapott a f\u0151szerkeszt\u0151 Olasz S\u00e1ndor, a nem mell\u00e9kesen a v\u00e1s\u00e1rhelyi olvas\u00f3k\u00f6r\u00f6k egyik legjelent\u0151sebb ismer\u0151je, Szenti Tibor, valamint k\u00e9t helyi er\u0151: Koszor\u00fas Oszk\u00e1r \u00e9s Veraszt\u00f3 Antal is.<\/p>\n<p>K\u00fcl\u00f6n\u00f6sebb elemz\u00e9s\u00e9be nem szeretn\u00e9k belemenni a Kincses Orosh\u00e1za c\u00edmet visel\u0151 Tiszat\u00e1j-sz\u00e1mnak, ami mer\u00e9sz dolog is lenne, l\u00e9v\u00e9n, hogy \u00e9pp csak \u00e1tlapoztam eddig. N\u00e9meth B\u00e9la polg\u00e1rmester bevezet\u0151je ut\u00e1n olvashatunk t\u00f6bbek k\u00f6z\u00f6tt a Don Quijote-t els\u0151k\u00e9nt leford\u00edt\u00f3 orosh\u00e1zi evang\u00e9likus lelk\u00e9szr\u0151l, Gy\u0151ry Vilmosr\u00f3l, k\u00f6nyvt\u00e1runk n\u00e9vad\u00f3j\u00e1r\u00f3l, Justh Zsigmondr\u00f3l, k\u00e9t h\u00edres m\u0171v\u00e9szember\u00fcnkr\u0151l, Th\u00e9k Endr\u00e9r\u0151l \u00e9s Osk\u00f3 Lajosr\u00f3l, \u00e9s a feledhetetlen m\u00fazeumigazgat\u00f3r\u00f3l, Nagy Gyul\u00e1r\u00f3l. B<a title=\"Tiszat\u00e1j\" class=\"imagelink\" href=\"http:\/\/192.168.10.245\/wp-content\/uploads\/2007\/07\/tiszataj200707.jpg\"><img loading=\"lazy\" decoding=\"async\" width=\"187\" height=\"255\" align=\"left\" alt=\"Tiszat\u00e1j\" id=\"image211\" src=\"http:\/\/192.168.10.245\/wp-content\/uploads\/2007\/07\/tiszataj200707.jpg\" \/><\/a>\u00e1r nem vagyok felt\u00e9tlen rajong\u00f3ja a szerz\u0151nek, m\u00e9gis ki merem jelenteni, hogy ami\u00e9rt keresett \u00e9s sokat id\u00e9zett sz\u00e1m lesz ez a mostani, az az orosh\u00e1zi sz\u00e1rmaz\u00e1s\u00fa zeneszerz\u0151, Szokolay S\u00e1ndor essz\u00e9je, melyet Kod\u00e1ly Zolt\u00e1nr\u00f3l fogalmazott meg. \u00c9s engem nagyon sz\u00edven \u00fct\u00f6tt a nemr\u00e9g elhunyt Hat\u00e1r Gy\u0151z\u0151 bar\u00e1tj\u00e1nak, Kass J\u00e1nosnak k\u00fcld\u00f6tt n\u00e9h\u00e1ny utols\u00f3 e-mailje, melyeket szint\u00e9n k\u00f6z\u00f6l a lap (tudtommal itt nincs orosh\u00e1zi kapcsolat).<\/p>\n<p>Na de visszat\u00e9rve a bemutat\u00f3ra: akik nem j\u00f6ttek el, b\u00e1nhatj\u00e1k, m\u00e1r csak az\u00e9rt is, mert a jelenl\u00e9v\u0151k aj\u00e1nd\u00e9kba kaptak egy-egy sz\u00e1mot, amit m\u00e9g dedik\u00e1ltatni is lehetett. (\u00c9n minden megjelent szerz\u0151vel dedik\u00e1ltattam, m\u00e9gpedig \u00fagy, hogy mindig az adott tanulm\u00e1nyn\u00e1l nyitottam ki a foly\u00f3iratot. Az els\u0151 al\u00e1\u00edr\u00f3m Oszk\u00e1r volt, \u00e9s mint l\u00e1that\u00f3 a mell\u00e9kelt illusztr\u00e1ci\u00f3n, akkor m\u00e9g nem nyitottam ki sehol. ;))<\/p>\n<p>A m\u00e1sik, a val\u00f3di k\u00f6nyvbemutat\u00f3ra tegnap d\u00e9lel\u0151tt ker\u00fclt sor a m\u0171vel\u0151d\u00e9si h\u00e1z Zomba-term\u00e9ben, ami csurig megtelt, azaz k\u00f6zel sz\u00e1z \u00e9rdekl\u0151d\u0151 elj\u00f6tt. A Mi orosh\u00e1ziak c\u00edm\u0171 k\u00f6nyv harmadik k\u00f6tet\u00e9r\u0151l van sz\u00f3, melynek szerz\u0151je, vagy ink\u00e1bb szerkeszt\u0151je most is dr. Kiss A. S\u00e1ndor volt. A bemutat\u00f3 h\u00e1zigazd\u00e1j\u00e1nak a kor\u00e1bbi \u00e9vek gyakorlat\u00e1nak megfelel\u0151en Koszor\u00fas Oszk\u00e1rt k\u00e9rt\u00e9k fel, aki brill\u00edrozott e szerep\u00e9ben. De besz\u00e9lt Moln\u00e1r B\u00e9la alpolg\u00e1rmester is, \u00e9nekelt P\u00f6rneki Anik\u00f3 (zongor\u00e1n k\u00eds\u00e9r Lesty\u00e1n Mih\u00e1lyn\u00e9), szavalt egy sr\u00e1c az evang\u00e9likus iskol\u00e1b\u00f3l, \u00e9s persze Sanyi b\u00e1csi is anekdot\u00e1zott egy sort. Kedvelem \u0151t, kiv\u00e1l\u00f3 el\u0151ad\u00f3, amit az egyetemi hallgat\u00f3i biztos nagyon \u00e9rt\u00e9keltek is (nem is mondtam m\u00e9g, \u0151 egy\u00e9bk\u00e9nt magn\u00e9zium-kutat\u00f3 professzor), de most kicsit sok volt szerintem, amikor sorba mondta az el\u0151re fel\u00edrt vicceit. \u00dagy l\u00e1tszik Sanyi b\u00e1ty\u00e1m m\u00e1r csak ilyen, mert a k\u00f6nyvben &#8211; ak\u00e1rcsak az els\u0151 k\u00e9t r\u00e9szben is &#8211; van egy \u201eTsalafintas\u00e1gok\u201d elnevez\u00e9s\u0171 r\u00e9sz, ahol olyan ludasmatyis karikat\u00far\u00e1k szerepelnek, csak nem tudom, pontosan mi\u00e9rt. Azt\u00e1n, ha m\u00e1r a b\u00edr\u00e1l\u00f3 megjegyz\u00e9seken a sor, azon is borultam egyet, hogy a k\u00f6nyv h\u00e1toldal\u00e1ra milyen id\u00e9zetet siker\u00fclt tal\u00e1lni. Na figyelj: \u201e<em>Soha se mondd! Hogy t\u00falvagy m\u00e1r mindenen. Soha se mondd, hogy tov\u00e1bb m\u00e1r nincs nekem. Mindig van \u00faj \u00e9s \u00fajabb, h\u00e1t v\u00e1rd a csod\u00e1t. \u00c9s soha se mondd, hogy nincs tov\u00e1bb!<\/em>\u201d. Jaj.<\/p>\n<p>Ezzel egy\u00fctt is komolyan gondolom, hogy \u00e9rt\u00e9kes k\u00f6nyvr\u0151l van sz\u00f3, \u00e9s nem csak az\u00e9rt mondom, mert nem szeretn\u00e9m m\u00e9g v\u00e9letlen\u00fcl sem megb\u00e1ntani a szerz\u0151t. A k\u00f6nyvben \u00fajabb harmincegyn\u00e9h\u00e1ny orosh\u00e1zi \u00e9letp\u00e1ly\u00e1j\u00e1t olvashatjuk, t\u00f6bbs\u00e9g\u00fckben olyanok\u00e9t, akik most el is tudtak j\u00f6nni a m\u0171vh\u00e1zba (innen a nagy l\u00e9tsz\u00e1m). \u00c9s erre azt mondta tegnap Koszor\u00fas Oszk\u00e1r, hogy milyen j\u00f3 is lenne, ha ugyan\u00edgy olvashatn\u00e1nk \u00e9letp\u00e1ly\u00e1kat mondjuk sz\u00e1z-sz\u00e1z\u00f6tven \u00e9vvel kor\u00e1bban \u00e9lt orosh\u00e1ziakr\u00f3l. Csakhogy ilyen k\u00f6nyv nincs, mert nem volt olyan szorgalmas ember egy se, mint Kiss A. S\u00e1ndor.<\/p>\n<p>Azt meg m\u00e1r csak \u00fagy mell\u00e9kesen teszem hozz\u00e1, hogy tegnap volt a szerz\u0151nek \u00e9s bar\u00e1tainak a 64 \u00e9ves oszt\u00e1lytal\u00e1lkoz\u00f3juk. Na ez \u00e1m a sz\u00e1m. Mi is gratul\u00e1lunk!<\/p>\n<div class=\"fcbkbttn_buttons_block\" id=\"fcbkbttn_left\"><div class=\"fcbkbttn_like \"><fb:like href=\"https:\/\/blog.justhvk.hu\/blog\/egy-konyv-es-egy-majdnem\/\" action=\"like\" colorscheme=\"light\" layout=\"button_count\"  size=\"small\"><\/fb:like><\/div><div class=\"fb-share-button  \" data-href=\"https:\/\/blog.justhvk.hu\/blog\/egy-konyv-es-egy-majdnem\/\" data-type=\"button_count\" data-size=\"small\"><\/div><\/div>","protected":false},"excerpt":{"rendered":"<p>Tulajdonk\u00e9ppen magam is bel\u00e1tom, \u00f3ri\u00e1si fanyalg\u00f3 vagyok a helyi kultur\u00e1lis \u00e9letet illet\u0151en, ami m\u00e9g akkor is kellemetlen n\u00e9ha, ha szerintem t\u00f6k jogosak az \u00e9szrev\u00e9teleim (most p\u00e9ld\u00e1ul volna kedvem elemezni a gyop\u00e1rosi road-show-t is, hogy az milyen g\u00e1z, de megtettem m\u00e1r p\u00e1rszor az elm\u00falt \u00e9vekben, \u00e9s mire mentem vele?). De ha \u00fagy alakul, tudok \u00f6r\u00fclni is [&hellip;]<\/p>\n","protected":false},"author":5,"featured_media":0,"comment_status":"open","ping_status":"open","sticky":false,"template":"","format":"standard","meta":{"episode_type":"","audio_file":"","cover_image":"","cover_image_id":"","duration":"","filesize":"","date_recorded":"","explicit":"","block":"","filesize_raw":"","ngg_post_thumbnail":0,"footnotes":""},"categories":[320,282,606],"tags":[],"class_list":["post-212","post","type-post","status-publish","format-standard","hentry","category-kiss-a-sandor","category-konyvbemutato","category-tiszataj"],"_links":{"self":[{"href":"https:\/\/blog.justhvk.hu\/blog\/wp-json\/wp\/v2\/posts\/212","targetHints":{"allow":["GET"]}}],"collection":[{"href":"https:\/\/blog.justhvk.hu\/blog\/wp-json\/wp\/v2\/posts"}],"about":[{"href":"https:\/\/blog.justhvk.hu\/blog\/wp-json\/wp\/v2\/types\/post"}],"author":[{"embeddable":true,"href":"https:\/\/blog.justhvk.hu\/blog\/wp-json\/wp\/v2\/users\/5"}],"replies":[{"embeddable":true,"href":"https:\/\/blog.justhvk.hu\/blog\/wp-json\/wp\/v2\/comments?post=212"}],"version-history":[{"count":0,"href":"https:\/\/blog.justhvk.hu\/blog\/wp-json\/wp\/v2\/posts\/212\/revisions"}],"wp:attachment":[{"href":"https:\/\/blog.justhvk.hu\/blog\/wp-json\/wp\/v2\/media?parent=212"}],"wp:term":[{"taxonomy":"category","embeddable":true,"href":"https:\/\/blog.justhvk.hu\/blog\/wp-json\/wp\/v2\/categories?post=212"},{"taxonomy":"post_tag","embeddable":true,"href":"https:\/\/blog.justhvk.hu\/blog\/wp-json\/wp\/v2\/tags?post=212"}],"curies":[{"name":"wp","href":"https:\/\/api.w.org\/{rel}","templated":true}]}}