{"id":215,"date":"2007-07-04T20:34:30","date_gmt":"2007-07-04T19:34:30","guid":{"rendered":"http:\/\/blog.justhvk.hu\/?p=215"},"modified":"2007-07-04T20:34:30","modified_gmt":"2007-07-04T19:34:30","slug":"kulturalis-hetvege-2","status":"publish","type":"post","link":"https:\/\/blog.justhvk.hu\/blog\/kulturalis-hetvege-2\/","title":{"rendered":"Kultur\u00e1lis h\u00e9tv\u00e9ge 2"},"content":{"rendered":"<p>Az orosh\u00e1zi Ny\u00e1ri Kultur\u00e1lis Napok azon esem\u00e9nyeir\u0151l, melyekre eljutottam, \u00edrtam m\u00e1r ezt-azt, \u00e9s ha k\u00f6vetkezetes szeretn\u00e9k maradni, k\u00e9t \u00e9lm\u00e9nnyel m\u00e9g ad\u00f3s vagyok. Kezden\u00e9m a szombat est\u00e9vel. Ha nincs \u00f6tlet a r\u00f6videsen meg\u00fcresed\u0151 k\u00f6nyvt\u00e1r \u00e9p\u00fclet\u00e9nek felhaszn\u00e1l\u00e1s\u00e1ra, legyen bel\u0151le a vil\u00e1g legnagyobb \u00edr kocsm\u00e1ja. Igen, az \u00edr est jobb volt, mint v\u00e1rtam. Pedig. Az \u00edr zen\u00e9t szeretem ugyan, de az \u00edr t\u00e1ncot, ezt az ugr\u00e1l\u00f3s, balett mozdulatokat id\u00e9z\u0151 id\u00e9tlens\u00e9get a kopog\u00f3s cip\u0151kben nem nekem tal\u00e1lt\u00e1k ki. Volt egy merev gyerek, aki g\u00e9ppuskal\u00e1b\u00fak\u00e9nt ropogtatta v\u00e9gig az est\u00e9t, iszony sokat dolgozott, meg minden, de m\u00e9gis ellenszenves volt, mit csin\u00e1ljak. Igaz, volt mellette nyolc l\u00e1ny, akik k\u00f6z\u00fcl \u00f6t kifejezetten a j\u00f3csaj kateg\u00f3ri\u00e1t er\u0151s\u00edtett\u00e9k, \u00edgy azt\u00e1n elment a m\u0171sorsz\u00e1m.<\/p>\n<p>Hanem! Az est k\u00f6z\u00e9ps\u0151 r\u00e9sz\u00e9ben a n\u00e9gytag\u00fa <a href=\"http:\/\/www.greenfields.hu\/\">Greenfields <\/a>egy\u00fcttes j\u00e1tszott, \u00e9s bizony, akkor j\u00f6tt az \u00f6tlet, hogy milyen j\u00f3 is lenne egy saj\u00e1t \u00edr kocsma, ahol ezek a sr\u00e1cok bazsev\u00e1ln\u00e1nak, \u00e9n meg a sok s\u00f6rt\u0151l k\u00f6d\u00f6s tekintettel, sz\u00e1zadmagammal \u00e9nekeln\u00e9m a <em>Dance-dance<\/em> c\u00edm\u0171 sl\u00e1gert. Nagyon j\u00f3l j\u00e1tszottak, r\u00e1ad\u00e1sul a frontember \u00e9nekes gyereknek piszok j\u00f3 humora is volt.<\/p>\n<p>H\u00e9tf\u0151n Hern\u00e1di Judit \u00e9s G\u00e1lfi L\u00e1szl\u00f3 f\u0151szerepl\u00e9s\u00e9vel l\u00e1thattuk A. R. Gurney Szerelmes levelek c\u00edm\u0171 darabj\u00e1t. Any\u00e1m konkr\u00e9tan elaludt rajta, r\u00e1ad\u00e1sul azt is megtudtam, hogy nem \u0151 volt az egyetlen, de ez bizony att\u00f3l m\u00e9g nagyon j\u00f3 el\u0151ad\u00e1s volt. A k\u00e9t sz\u00edn\u00e9sz \u00fagy adta el\u0151 ezt a darabot, ahogy kell, \u00fagy is fenn tudt\u00e1k tartani az \u00e9rdekl\u0151d\u00e9st (n\u00e9melyek\u00e9t tal\u00e1n nem mindig, van ilyen), hogy a mozg\u00e1suk kimer\u00fclt abban, hogy hol le\u00fcltek a sz\u00e9kre, hol fel\u00e1lltak onnan. G\u00e1lfi m\u00e9g mindig j\u00f3, \u00e9s Hern\u00e1di is, mondjon ak\u00e1rki ak\u00e1rmit. (Milyen j\u00f3, hogy mostan\u00e1ban m\u00e1r csak a k\u00f6telez\u0151 gagyis\u00e1gokat n\u00e9zem meg a t\u00e9v\u00e9ben, pl. Bar\u00e1tok k\u00f6zt. A Heti hetest legal\u00e1bb 3 \u00e9ve nem l\u00e1ttam, \u00edgy eszembe se jutott, hogy az\u00e9rt ne n\u00e9zzem meg a darabot, mer&#8217; az a Hern\u00e1di is szerepel benne.) Egy\u00e9bk\u00e9nt a netet b\u00f6ng\u00e9szve \u00e9rdekes t\u00e9nyre lettem figyelmes: a bel\u00e9p\u0151jegy n\u00e1lunk 1000-t\u0151l 1600 forintig volt megv\u00e1s\u00e1rolhat\u00f3, Pesten ugyanezt az el\u0151ad\u00e1st 2900-3600 forint\u00e9rt lehetett megn\u00e9zni. Mindezt csak az\u00e9rt jelzem most finoman, mert eddig sokan \u2013 k\u00f6zt\u00fck persze \u00e9n is \u2013 t\u00e1madt\u00e1k a m\u0171vh\u00e1zat a magas jegy\u00e1rak miatt. Nem tudom, mi v\u00e9gre ez a visszafogotts\u00e1g, de nagyon t\u00e1mogatom a l\u00e9p\u00e9st.<\/p>\n<div class=\"fcbkbttn_buttons_block\" id=\"fcbkbttn_left\"><div class=\"fcbkbttn_like \"><fb:like href=\"https:\/\/blog.justhvk.hu\/blog\/kulturalis-hetvege-2\/\" action=\"like\" colorscheme=\"light\" layout=\"button_count\"  size=\"small\"><\/fb:like><\/div><div class=\"fb-share-button  \" data-href=\"https:\/\/blog.justhvk.hu\/blog\/kulturalis-hetvege-2\/\" data-type=\"button_count\" data-size=\"small\"><\/div><\/div>","protected":false},"excerpt":{"rendered":"<p>Az orosh\u00e1zi Ny\u00e1ri Kultur\u00e1lis Napok azon esem\u00e9nyeir\u0151l, melyekre eljutottam, \u00edrtam m\u00e1r ezt-azt, \u00e9s ha k\u00f6vetkezetes szeretn\u00e9k maradni, k\u00e9t \u00e9lm\u00e9nnyel m\u00e9g ad\u00f3s vagyok. Kezden\u00e9m a szombat est\u00e9vel. Ha nincs \u00f6tlet a r\u00f6videsen meg\u00fcresed\u0151 k\u00f6nyvt\u00e1r \u00e9p\u00fclet\u00e9nek felhaszn\u00e1l\u00e1s\u00e1ra, legyen bel\u0151le a vil\u00e1g legnagyobb \u00edr kocsm\u00e1ja. Igen, az \u00edr est jobb volt, mint v\u00e1rtam. Pedig. Az \u00edr zen\u00e9t szeretem [&hellip;]<\/p>\n","protected":false},"author":5,"featured_media":0,"comment_status":"open","ping_status":"open","sticky":false,"template":"","format":"standard","meta":{"episode_type":"","audio_file":"","cover_image":"","cover_image_id":"","duration":"","filesize":"","date_recorded":"","explicit":"","block":"","filesize_raw":"","ngg_post_thumbnail":0,"footnotes":""},"categories":[519],"tags":[],"class_list":["post-215","post","type-post","status-publish","format-standard","hentry","category-rendezvenyek"],"_links":{"self":[{"href":"https:\/\/blog.justhvk.hu\/blog\/wp-json\/wp\/v2\/posts\/215","targetHints":{"allow":["GET"]}}],"collection":[{"href":"https:\/\/blog.justhvk.hu\/blog\/wp-json\/wp\/v2\/posts"}],"about":[{"href":"https:\/\/blog.justhvk.hu\/blog\/wp-json\/wp\/v2\/types\/post"}],"author":[{"embeddable":true,"href":"https:\/\/blog.justhvk.hu\/blog\/wp-json\/wp\/v2\/users\/5"}],"replies":[{"embeddable":true,"href":"https:\/\/blog.justhvk.hu\/blog\/wp-json\/wp\/v2\/comments?post=215"}],"version-history":[{"count":0,"href":"https:\/\/blog.justhvk.hu\/blog\/wp-json\/wp\/v2\/posts\/215\/revisions"}],"wp:attachment":[{"href":"https:\/\/blog.justhvk.hu\/blog\/wp-json\/wp\/v2\/media?parent=215"}],"wp:term":[{"taxonomy":"category","embeddable":true,"href":"https:\/\/blog.justhvk.hu\/blog\/wp-json\/wp\/v2\/categories?post=215"},{"taxonomy":"post_tag","embeddable":true,"href":"https:\/\/blog.justhvk.hu\/blog\/wp-json\/wp\/v2\/tags?post=215"}],"curies":[{"name":"wp","href":"https:\/\/api.w.org\/{rel}","templated":true}]}}