{"id":220,"date":"2007-07-09T14:29:33","date_gmt":"2007-07-09T13:29:33","guid":{"rendered":"http:\/\/blog.justhvk.hu\/?p=220"},"modified":"2007-07-09T14:29:33","modified_gmt":"2007-07-09T13:29:33","slug":"pedalblues","status":"publish","type":"post","link":"https:\/\/blog.justhvk.hu\/blog\/pedalblues\/","title":{"rendered":"Ped\u00e1lblues"},"content":{"rendered":"<p class=\"MsoPlainText\"><a title=\"lenaplakat20070709.jpg\" class=\"imagelink\" rel=\"attachment\" id=\"p219\" href=\"http:\/\/blog.justhvk.hu\/?attachment_id=219\"><img loading=\"lazy\" decoding=\"async\" width=\"267\" height=\"368\" align=\"right\" alt=\"lenaplakat20070709.jpg\" id=\"image219\" src=\"http:\/\/192.168.10.245\/wp-content\/uploads\/2007\/07\/lenaplakat20070709.jpg\" \/><\/a>Szombaton este <a href=\"http:\/\/eleterzes.hu\/\">L\u00e9na <\/a>bemutatta els\u0151 k\u00f6nyv\u00e9t, melyhez egy t\u00f6bb mint egy \u00f3r\u00e1s DVD is t\u00e1rsul az Eur\u00f3pa-k\u00f6r\u00fatj\u00e1r\u00f3l. Sz\u00f3val v\u00e9gre megjelent a Ped\u00e1lblues. Egy helyi k\u00f6nyvbemutat\u00f3r\u00f3l egy\u00e9bk\u00e9nt is illik blogunkon besz\u00e1molni, de L\u00e9na esete m\u00e1s, \u0151 oly gyakran sz\u00f3rakoztatja\/foglalkoztatja a k\u00f6nyvt\u00e1rosokat, hogy nem is mehetn\u00e9nk el sz\u00f3 n\u00e9lk\u00fcl a k\u00f6nyve mellett. M\u00e9g nem olvastam el, \u00edgy csak a bemutat\u00f3r\u00f3l merek \u00e9rdemben nyilatkozni: Feri bar\u00e1tunk k\u00f6sz\u00f6nt\u00f6tte az egybegy\u0171lteket, majd a j\u00f6v\u0151 \u00e9vi pekingi t\u00far\u00e1j\u00e1hoz hozz\u00e1 t\u00e1rsul szeg\u0151d\u00f6tt Berta Pista is mondott ezt-azt. P\u00e9ld\u00e1ul, hogy a MOB is erk\u00f6lcsi t\u00e1mogat\u00e1s\u00e1t \u00edg\u00e9rte a nagy kalandhoz, ami konkr\u00e9tan ugyan nekem semmit nem jelent, de arra tal\u00e1n garancia, hogy ha t\u00e9nyleg eljutnak ker\u00e9kp\u00e1rral a pekingi olimpiai faluba, nem hajtj\u00e1k \u0151ket r\u00f6gt\u00f6n haza. :) Ut\u00e1na bemutatt\u00e1k a k\u00f6nyvh\u00f6z tartoz\u00f3 DVD-t is, nekem a film nagy r\u00e9sze kimondottan tetszett.<\/p>\n<p class=\"MsoPlainText\">B\u00e1r az \u00e9n zenei \u00edzl\u00e9sem sokkal kommerszebb, mint az \u00f6v\u00e9, az a v\u00e1logat\u00e1s, mely a film alatt sz\u00f3lt, nagyon-nagyon tetszett &#8211; kiv\u00e9ve a Tour de France-t, ahelyett odaf\u00e9rt volna egy Nirvana-n\u00f3ta. ;) Tal\u00e1n furcsa, hogy a zen\u00e9r\u0151l besz\u00e9lek, de a film egyik jellegzetess\u00e9ge \u00e9ppen az, hogy L\u00e9na komment\u00e1lja ugyan a t\u00f6rt\u00e9nteket, de el\u00e9g ritk\u00e1n. Ha van a filmnek hi\u00e1nyoss\u00e1ga, az tal\u00e1n \u00e9ppen ez lehet, b\u00e1r erre nyilv\u00e1n magyar\u00e1zat, hogy ott van a k\u00f6nyv mellette, amiben minden r\u00e9szletesen ki van fejtve. Tess\u00e9k elolvasni! (van egy dedik\u00e1lt p\u00e9ld\u00e1nyom, beleolvastam, szerintem \u00e9lm\u00e9ny lesz, de el\u0151re justh se dics\u00e9rek). Most L\u00e9na ott tart, hogy eladta az \u00f6sszes p\u00e9ld\u00e1nyt, ami volt neki, \u00edgy a szombati L\u00e9na-napon a m\u00fazeumban m\u00e1r a m\u00e1sodik kiad\u00e1s k\u00f6teteit lehet majd megv\u00e1s\u00e1rolni. Ha addigra kij\u00f6n a nyomd\u00e1b\u00f3l.<\/p>\n<div class=\"fcbkbttn_buttons_block\" id=\"fcbkbttn_left\"><div class=\"fcbkbttn_like \"><fb:like href=\"https:\/\/blog.justhvk.hu\/blog\/pedalblues\/\" action=\"like\" colorscheme=\"light\" layout=\"button_count\"  size=\"small\"><\/fb:like><\/div><div class=\"fb-share-button  \" data-href=\"https:\/\/blog.justhvk.hu\/blog\/pedalblues\/\" data-type=\"button_count\" data-size=\"small\"><\/div><\/div>","protected":false},"excerpt":{"rendered":"<p>Szombaton este L\u00e9na bemutatta els\u0151 k\u00f6nyv\u00e9t, melyhez egy t\u00f6bb mint egy \u00f3r\u00e1s DVD is t\u00e1rsul az Eur\u00f3pa-k\u00f6r\u00fatj\u00e1r\u00f3l. Sz\u00f3val v\u00e9gre megjelent a Ped\u00e1lblues. Egy helyi k\u00f6nyvbemutat\u00f3r\u00f3l egy\u00e9bk\u00e9nt is illik blogunkon besz\u00e1molni, de L\u00e9na esete m\u00e1s, \u0151 oly gyakran sz\u00f3rakoztatja\/foglalkoztatja a k\u00f6nyvt\u00e1rosokat, hogy nem is mehetn\u00e9nk el sz\u00f3 n\u00e9lk\u00fcl a k\u00f6nyve mellett. M\u00e9g nem olvastam el, \u00edgy [&hellip;]<\/p>\n","protected":false},"author":5,"featured_media":0,"comment_status":"open","ping_status":"open","sticky":false,"template":"","format":"standard","meta":{"episode_type":"","audio_file":"","cover_image":"","cover_image_id":"","duration":"","filesize":"","date_recorded":"","explicit":"","block":"","filesize_raw":"","ngg_post_thumbnail":0,"footnotes":""},"categories":[282,353],"tags":[],"class_list":["post-220","post","type-post","status-publish","format-standard","hentry","category-konyvbemutato","category-lenart-lena-ferenc"],"_links":{"self":[{"href":"https:\/\/blog.justhvk.hu\/blog\/wp-json\/wp\/v2\/posts\/220","targetHints":{"allow":["GET"]}}],"collection":[{"href":"https:\/\/blog.justhvk.hu\/blog\/wp-json\/wp\/v2\/posts"}],"about":[{"href":"https:\/\/blog.justhvk.hu\/blog\/wp-json\/wp\/v2\/types\/post"}],"author":[{"embeddable":true,"href":"https:\/\/blog.justhvk.hu\/blog\/wp-json\/wp\/v2\/users\/5"}],"replies":[{"embeddable":true,"href":"https:\/\/blog.justhvk.hu\/blog\/wp-json\/wp\/v2\/comments?post=220"}],"version-history":[{"count":0,"href":"https:\/\/blog.justhvk.hu\/blog\/wp-json\/wp\/v2\/posts\/220\/revisions"}],"wp:attachment":[{"href":"https:\/\/blog.justhvk.hu\/blog\/wp-json\/wp\/v2\/media?parent=220"}],"wp:term":[{"taxonomy":"category","embeddable":true,"href":"https:\/\/blog.justhvk.hu\/blog\/wp-json\/wp\/v2\/categories?post=220"},{"taxonomy":"post_tag","embeddable":true,"href":"https:\/\/blog.justhvk.hu\/blog\/wp-json\/wp\/v2\/tags?post=220"}],"curies":[{"name":"wp","href":"https:\/\/api.w.org\/{rel}","templated":true}]}}