{"id":22408,"date":"2022-05-31T08:41:59","date_gmt":"2022-05-31T08:41:59","guid":{"rendered":"https:\/\/blog.justhvk.hu\/blog\/?p=22408"},"modified":"2022-06-07T07:48:40","modified_gmt":"2022-06-07T07:48:40","slug":"junius-10-14-ora-csupasziv-tortenetek-vendegunk-balazsy-panna-iro","status":"publish","type":"post","link":"https:\/\/blog.justhvk.hu\/blog\/junius-10-14-ora-csupasziv-tortenetek-vendegunk-balazsy-panna-iro\/","title":{"rendered":"ELMARAD &#8211; J\u00fanius 10., 14 \u00f3ra: Csupasz\u00edv t\u00f6rt\u00e9netek &#8211; vend\u00e9g\u00fcnk Bal\u00e1zsy Panna \u00edr\u00f3"},"content":{"rendered":"\n<p>Kedves Olvas\u00f3! Bal\u00e1zsy Panna k\u00f6z\u00f6ns\u00e9gtal\u00e1lkoz\u00f3ja betegs\u00e9g miatt elmarad. A programot k\u00e9s\u0151bb p\u00f3toljuk, k\u00e9rj\u00fck meg\u00e9rt\u00e9s\u00fcket!<\/p>\n\n\n\n<p class=\"has-cyan-bluish-gray-color has-text-color\">A 93. \u00dcnnepi K\u00f6nyvh\u00e9t rendezv\u00e9nysorozat keretein bel\u00fcl szeretettel v\u00e1runk mindenkit<\/p>\n\n\n\n<p class=\"has-cyan-bluish-gray-color has-text-color\"><strong>Bal\u00e1zsy Panna: Csupasz\u00edv t\u00f6rt\u00e9netek <\/strong><\/p>\n\n\n\n<p class=\"has-cyan-bluish-gray-color has-text-color\">c\u00edm\u0171 k\u00f6z\u00f6ns\u00e9gtal\u00e1lkoz\u00f3j\u00e1ra<\/p>\n\n\n\n<!--more-->\n\n\n\n<p class=\"has-cyan-bluish-gray-color has-text-color\">Helysz\u00edn:&nbsp;<strong>Justh Zsigmond V\u00e1rosi K\u00f6nyvt\u00e1r gyermekk\u00f6nyvt\u00e1ra <\/strong><\/p>\n\n\n\n<p class=\"has-cyan-bluish-gray-color has-text-color\">Id\u0151pont:&nbsp;<strong>2022. j\u00fanius 10., p\u00e9ntek, 14 \u00f3ra<\/strong><\/p>\n\n\n\n<p class=\"has-cyan-bluish-gray-color has-text-color\"><strong>A rendezv\u00e9nyre el\u0151zetes regisztr\u00e1ci\u00f3 sz\u00fcks\u00e9ges!<\/strong><\/p>\n\n\n\n<p class=\"has-cyan-bluish-gray-color has-text-color\"><em>A r\u00e9szv\u00e9tel d\u00edjtalan. A rendezv\u00e9nyen f\u00e9nyk\u00e9p-, hang- \u00e9s videofelv\u00e9telek k\u00e9sz\u00fclnek, melyek r\u00e9szben vagy eg\u00e9szben nyilv\u00e1noss\u00e1gra ker\u00fclnek. A szervez\u0151k a programv\u00e1ltoztat\u00e1s jog\u00e1t fenntartj\u00e1k.<\/em><\/p>\n\n\n\n<p><a href=\"https:\/\/www.facebook.com\/events\/1014554695858044\">Facebook-esem\u00e9ny<\/a><\/p>\n\n\n\n<a target=\"_blank\" href=\"https:\/\/calendar.google.com\/event?action=TEMPLATE&amp;tmeid=NWtxN2UzcHJnNmdtOXN1NGN1YTduNTBvOTUganVzdGh2a0Bt&amp;tmsrc=justhvk%40gmail.com\" rel=\"noopener\"><img decoding=\"async\" border=\"0\" src=\"https:\/\/www.google.com\/calendar\/images\/ext\/gc_button1_hu.gif\"><\/a>\n<div class=\"fcbkbttn_buttons_block\" id=\"fcbkbttn_left\"><div class=\"fcbkbttn_like \"><fb:like href=\"https:\/\/blog.justhvk.hu\/blog\/junius-10-14-ora-csupasziv-tortenetek-vendegunk-balazsy-panna-iro\/\" action=\"like\" colorscheme=\"light\" layout=\"button_count\"  size=\"small\"><\/fb:like><\/div><div class=\"fb-share-button  \" data-href=\"https:\/\/blog.justhvk.hu\/blog\/junius-10-14-ora-csupasziv-tortenetek-vendegunk-balazsy-panna-iro\/\" data-type=\"button_count\" data-size=\"small\"><\/div><\/div>","protected":false},"excerpt":{"rendered":"<p>Kedves Olvas\u00f3! Bal\u00e1zsy Panna k\u00f6z\u00f6ns\u00e9gtal\u00e1lkoz\u00f3ja betegs\u00e9g miatt elmarad. A programot k\u00e9s\u0151bb p\u00f3toljuk, k\u00e9rj\u00fck meg\u00e9rt\u00e9s\u00fcket! A 93. \u00dcnnepi K\u00f6nyvh\u00e9t rendezv\u00e9nysorozat keretein bel\u00fcl szeretettel v\u00e1runk mindenkit Bal\u00e1zsy Panna: Csupasz\u00edv t\u00f6rt\u00e9netek c\u00edm\u0171 k\u00f6z\u00f6ns\u00e9gtal\u00e1lkoz\u00f3j\u00e1ra<\/p>\n","protected":false},"author":5,"featured_media":22455,"comment_status":"open","ping_status":"open","sticky":false,"template":"","format":"standard","meta":{"episode_type":"","audio_file":"","cover_image":"","cover_image_id":"","duration":"","filesize":"","date_recorded":"","explicit":"","block":"","filesize_raw":"","ngg_post_thumbnail":0,"footnotes":""},"categories":[1015,255,452,503,977],"tags":[],"class_list":["post-22408","post","type-post","status-publish","format-standard","has-post-thumbnail","hentry","category-balazsy-panna","category-justh-zsigmond-varosi-konyvtar","category-oroshaza","category-programajanlo","category-unnepi-konyvhet"],"_links":{"self":[{"href":"https:\/\/blog.justhvk.hu\/blog\/wp-json\/wp\/v2\/posts\/22408","targetHints":{"allow":["GET"]}}],"collection":[{"href":"https:\/\/blog.justhvk.hu\/blog\/wp-json\/wp\/v2\/posts"}],"about":[{"href":"https:\/\/blog.justhvk.hu\/blog\/wp-json\/wp\/v2\/types\/post"}],"author":[{"embeddable":true,"href":"https:\/\/blog.justhvk.hu\/blog\/wp-json\/wp\/v2\/users\/5"}],"replies":[{"embeddable":true,"href":"https:\/\/blog.justhvk.hu\/blog\/wp-json\/wp\/v2\/comments?post=22408"}],"version-history":[{"count":6,"href":"https:\/\/blog.justhvk.hu\/blog\/wp-json\/wp\/v2\/posts\/22408\/revisions"}],"predecessor-version":[{"id":22457,"href":"https:\/\/blog.justhvk.hu\/blog\/wp-json\/wp\/v2\/posts\/22408\/revisions\/22457"}],"wp:featuredmedia":[{"embeddable":true,"href":"https:\/\/blog.justhvk.hu\/blog\/wp-json\/wp\/v2\/media\/22455"}],"wp:attachment":[{"href":"https:\/\/blog.justhvk.hu\/blog\/wp-json\/wp\/v2\/media?parent=22408"}],"wp:term":[{"taxonomy":"category","embeddable":true,"href":"https:\/\/blog.justhvk.hu\/blog\/wp-json\/wp\/v2\/categories?post=22408"},{"taxonomy":"post_tag","embeddable":true,"href":"https:\/\/blog.justhvk.hu\/blog\/wp-json\/wp\/v2\/tags?post=22408"}],"curies":[{"name":"wp","href":"https:\/\/api.w.org\/{rel}","templated":true}]}}