{"id":229,"date":"2007-07-20T20:08:06","date_gmt":"2007-07-20T19:08:06","guid":{"rendered":"http:\/\/blog.justhvk.hu\/?p=229"},"modified":"2007-07-20T20:08:06","modified_gmt":"2007-07-20T19:08:06","slug":"ket-festo-egy-ecset","status":"publish","type":"post","link":"https:\/\/blog.justhvk.hu\/blog\/ket-festo-egy-ecset\/","title":{"rendered":"K\u00e9t fest\u0151, egy ecset"},"content":{"rendered":"<p>A szegedi Kass Gal\u00e9ri\u00e1ban tekinthet\u0151 meg m\u00e1t\u00f3l eg\u00e9szen szeptember 23-ig F\u00fcl\u00f6p Ilona \u00e9s <a href=\"http:\/\/mesterkata.blogspot.com\/\">Mester Kata<\/a> orosh\u00e1zi grafikusm\u0171v\u00e9szek k\u00f6z\u00f6s ki\u00e1ll\u00edt\u00e1sa. Mi is ott voltunk. A gal\u00e9ria &#8222;Tan\u00edtv\u00e1nyok&#8221; c\u00edm\u0171 sorozat\u00e1nak hatodik ki\u00e1ll\u00edt\u00e1s\u00e1t a h\u00e1zigazda Kass J\u00e1nos nyitotta meg \u2013 iszonyatos h\u0151s\u00e9gben. Kass J\u00e1nos F\u00fcl\u00f6p Ilona mesterek\u00e9nt j\u00f3l ismeri a k\u00e9t alkot\u00f3t, ez kit\u0171nt a besz\u00e9d\u00e9b\u0151l is. Kiemelte, az els\u0151 tal\u00e1lkoz\u00e1sb\u00f3l egy m\u00e1ig tart\u00f3, harminc\u00e9ves bar\u00e1ts\u00e1g sz\u00fcletett.<\/p>\n<p><a title=\"dscf0040.JPG\" class=\"imagelink\" href=\"http:\/\/192.168.10.245\/wp-content\/uploads\/2007\/07\/dscf0040.jpg\" \/><\/p>\n<div style=\"text-align: center\"><a title=\"dscf0040.JPG\" class=\"imagelink\" href=\"http:\/\/192.168.10.245\/wp-content\/uploads\/2007\/07\/dscf0040.jpg\"><img loading=\"lazy\" decoding=\"async\" width=\"449\" height=\"339\" alt=\"dscf0040.JPG\" id=\"image227\" src=\"http:\/\/192.168.10.245\/wp-content\/uploads\/2007\/07\/dscf0040.jpg\" \/><\/a><\/div>\n<p align=\"center\"><em>K\u00e9zfog\u00f3 <\/em><\/p>\n<p>F\u00fcl\u00f6p Ilona hasonl\u00f3an meleg szavakkal sz\u00f3lt tan\u00edt\u00f3j\u00e1r\u00f3l, akir\u0151l h\u00e1l\u00e1san jegyezte meg, \u2013 r\u00e1mutatva Kass J\u00e1nos tan\u00edtv\u00e1nyainak soksz\u00edn\u0171s\u00e9g\u00e9re \u2013 hogy soha nem a st\u00edlust er\u0151ltette. Az \u00fcnnep\u00e9lyes megnyit\u00f3t k\u00f6vet\u0151en a pog\u00e1csamajszol\u00e1s k\u00f6zepette Kata is besz\u00e9lt v\u00e1logat\u00e1si elveir\u0151l: &#8211; <em>Jellemz\u0151en a leg\u00fajabb k\u00e9peimet v\u00e1logattam ki erre a ki\u00e1ll\u00edt\u00e1sra, \u00edgy t\u00f6bbek k\u00f6z\u00f6tt a gyermekk\u00f6nyvt\u00e1ri p\u00e1ly\u00e1zatra k\u00e9sz\u00edtett n\u00e9h\u00e1ny illusztr\u00e1ci\u00f3mat, a Lackfi J\u00e1nos mes\u00e9ihez k\u00e9sz\u00edtett, \u00e9s a M\u00f3ra K\u00f6nyvkiad\u00f3 k\u00fcl\u00f6nd\u00edj\u00e1t elnyer\u0151 p\u00e1lyamunk\u00e1im k\u00f6z\u00fcl p\u00e1rat. De megtekinthet\u0151 a szegedi gyermekklinik\u00e1nak aj\u00e1nd\u00e9kozott diplomamunk\u00e1m, illetve egy <a href=\"http:\/\/katifest.blogspot.com\/\">eg\u00e9szen friss munk\u00e1m<\/a> is: az E\u00f6tv\u00f6s J\u00f3zsef \u00c1ltal\u00e1nos Iskola fal\u00e1ra k\u00e9sz\u00edtett mesek\u00e9peim n\u00e9h\u00e1ny v\u00e1zlata.<\/em><\/p>\n<p><a title=\"dscf0047.JPG\" class=\"imagelink\" href=\"http:\/\/192.168.10.245\/wp-content\/uploads\/2007\/07\/dscf0047.jpg\" \/><\/p>\n<div style=\"text-align: center\"><a title=\"dscf0047.JPG\" class=\"imagelink\" href=\"http:\/\/192.168.10.245\/wp-content\/uploads\/2007\/07\/dscf0047.jpg\"><img loading=\"lazy\" decoding=\"async\" width=\"471\" height=\"359\" alt=\"dscf0047.JPG\" id=\"image228\" src=\"http:\/\/192.168.10.245\/wp-content\/uploads\/2007\/07\/dscf0047.jpg\" \/><\/a><\/div>\n<p align=\"center\"><em> Nem csak nek\u00fcnk nyilatkozik&#8230;<\/em><\/p>\n<p align=\"left\">A ki\u00e1ll\u00edt\u00e1s teh\u00e1t m\u00e9g b\u0151 k\u00e9t h\u00f3napig l\u00e1that\u00f3. Keressetek egy h\u0171v\u00f6sebb napot, \u00e9s lehet megn\u00e9zni.<\/p>\n<p class=\"MsoPlainText\">\n<div class=\"fcbkbttn_buttons_block\" id=\"fcbkbttn_left\"><div class=\"fcbkbttn_like \"><fb:like href=\"https:\/\/blog.justhvk.hu\/blog\/ket-festo-egy-ecset\/\" action=\"like\" colorscheme=\"light\" layout=\"button_count\"  size=\"small\"><\/fb:like><\/div><div class=\"fb-share-button  \" data-href=\"https:\/\/blog.justhvk.hu\/blog\/ket-festo-egy-ecset\/\" data-type=\"button_count\" data-size=\"small\"><\/div><\/div>","protected":false},"excerpt":{"rendered":"<p>A szegedi Kass Gal\u00e9ri\u00e1ban tekinthet\u0151 meg m\u00e1t\u00f3l eg\u00e9szen szeptember 23-ig F\u00fcl\u00f6p Ilona \u00e9s Mester Kata orosh\u00e1zi grafikusm\u0171v\u00e9szek k\u00f6z\u00f6s ki\u00e1ll\u00edt\u00e1sa. Mi is ott voltunk. A gal\u00e9ria &#8222;Tan\u00edtv\u00e1nyok&#8221; c\u00edm\u0171 sorozat\u00e1nak hatodik ki\u00e1ll\u00edt\u00e1s\u00e1t a h\u00e1zigazda Kass J\u00e1nos nyitotta meg \u2013 iszonyatos h\u0151s\u00e9gben. Kass J\u00e1nos F\u00fcl\u00f6p Ilona mesterek\u00e9nt j\u00f3l ismeri a k\u00e9t alkot\u00f3t, ez kit\u0171nt a besz\u00e9d\u00e9b\u0151l is. Kiemelte, [&hellip;]<\/p>\n","protected":false},"author":5,"featured_media":0,"comment_status":"open","ping_status":"open","sticky":false,"template":"","format":"standard","meta":{"episode_type":"","audio_file":"","cover_image":"","cover_image_id":"","duration":"","filesize":"","date_recorded":"","explicit":"","block":"","filesize_raw":"","ngg_post_thumbnail":0,"footnotes":""},"categories":[145,316,390,1],"tags":[],"class_list":["post-229","post","type-post","status-publish","format-standard","hentry","category-fulop-ilona","category-kiallitas","category-mester-kata","category-uncategorized"],"_links":{"self":[{"href":"https:\/\/blog.justhvk.hu\/blog\/wp-json\/wp\/v2\/posts\/229","targetHints":{"allow":["GET"]}}],"collection":[{"href":"https:\/\/blog.justhvk.hu\/blog\/wp-json\/wp\/v2\/posts"}],"about":[{"href":"https:\/\/blog.justhvk.hu\/blog\/wp-json\/wp\/v2\/types\/post"}],"author":[{"embeddable":true,"href":"https:\/\/blog.justhvk.hu\/blog\/wp-json\/wp\/v2\/users\/5"}],"replies":[{"embeddable":true,"href":"https:\/\/blog.justhvk.hu\/blog\/wp-json\/wp\/v2\/comments?post=229"}],"version-history":[{"count":0,"href":"https:\/\/blog.justhvk.hu\/blog\/wp-json\/wp\/v2\/posts\/229\/revisions"}],"wp:attachment":[{"href":"https:\/\/blog.justhvk.hu\/blog\/wp-json\/wp\/v2\/media?parent=229"}],"wp:term":[{"taxonomy":"category","embeddable":true,"href":"https:\/\/blog.justhvk.hu\/blog\/wp-json\/wp\/v2\/categories?post=229"},{"taxonomy":"post_tag","embeddable":true,"href":"https:\/\/blog.justhvk.hu\/blog\/wp-json\/wp\/v2\/tags?post=229"}],"curies":[{"name":"wp","href":"https:\/\/api.w.org\/{rel}","templated":true}]}}