{"id":23069,"date":"2022-09-07T07:08:18","date_gmt":"2022-09-07T07:08:18","guid":{"rendered":"https:\/\/blog.justhvk.hu\/blog\/?p=23069"},"modified":"2022-09-14T06:04:47","modified_gmt":"2022-09-14T06:04:47","slug":"zenetorteneti-estek-a-290-eve-szuletett-joseph-haydnra-emlekezunk","status":"publish","type":"post","link":"https:\/\/blog.justhvk.hu\/blog\/zenetorteneti-estek-a-290-eve-szuletett-joseph-haydnra-emlekezunk\/","title":{"rendered":"Zenet\u00f6rt\u00e9neti Est\u00e9k: a 290 \u00e9ve sz\u00fcletett Joseph Haydnra eml\u00e9kez\u00fcnk"},"content":{"rendered":"\n<p>Szeretettel v\u00e1runk minden \u00e9rdekl\u0151d\u0151t <strong>szeptember 13-\u00e1n kedden 17 \u00f3rakor<\/strong> a Justh Zsigmond V\u00e1rosi K\u00f6nyvt\u00e1r zenei gy\u0171jtem\u00e9ny\u00e9ben. <strong>Zenet\u00f6rt\u00e9neti Est\u00e9k sorozatunk 12. el\u0151ad\u00e1s\u00e1n a 290 \u00e9ve sz\u00fcletett Joseph Haydnra eml\u00e9kez\u00fcnk<\/strong>.<\/p>\n\n\n\n<!--more-->\n\n\n\n<p>M\u0171soron videofelv\u00e9telr\u0151l:<\/p>\n\n\n\n<ol class=\"wp-block-list\"><li>D-d\u00far von\u00f3sn\u00e9gyes op. 64. No. 5, A pacsirta<\/li><li>g-moll szimf\u00f3nia, No. 83 A ty\u00fak<\/li><\/ol>\n\n\n\n<p>Az esem\u00e9nyt felvezeti \u00e9s a m\u0171veket r\u00f6viden ismerteti: T\u00f6rk\u00f6ly J\u00f3zsef<\/p>\n\n\n\n<p><em>A r\u00e9szv\u00e9tel d\u00edjtalan. A rendezv\u00e9nyen f\u00e9nyk\u00e9p-, hang- \u00e9s videofelv\u00e9telek k\u00e9sz\u00fclnek, melyek r\u00e9szben vagy eg\u00e9szben nyilv\u00e1noss\u00e1gra ker\u00fclnek. A szervez\u0151k a programv\u00e1ltoztat\u00e1s jog\u00e1t fenntartj\u00e1k.<\/em><\/p>\n\n\n\n<p><a href=\"https:\/\/www.facebook.com\/events\/1051098132220454?ref=newsfeed\">Facebook-esem\u00e9nyre jelentkez\u00e9s itt &gt;&gt;<\/a><\/p>\n<div class=\"fcbkbttn_buttons_block\" id=\"fcbkbttn_left\"><div class=\"fcbkbttn_like \"><fb:like href=\"https:\/\/blog.justhvk.hu\/blog\/zenetorteneti-estek-a-290-eve-szuletett-joseph-haydnra-emlekezunk\/\" action=\"like\" colorscheme=\"light\" layout=\"button_count\"  size=\"small\"><\/fb:like><\/div><div class=\"fb-share-button  \" data-href=\"https:\/\/blog.justhvk.hu\/blog\/zenetorteneti-estek-a-290-eve-szuletett-joseph-haydnra-emlekezunk\/\" data-type=\"button_count\" data-size=\"small\"><\/div><\/div>","protected":false},"excerpt":{"rendered":"<p>Szeretettel v\u00e1runk minden \u00e9rdekl\u0151d\u0151t szeptember 13-\u00e1n kedden 17 \u00f3rakor a Justh Zsigmond V\u00e1rosi K\u00f6nyvt\u00e1r zenei gy\u0171jtem\u00e9ny\u00e9ben. Zenet\u00f6rt\u00e9neti Est\u00e9k sorozatunk 12. el\u0151ad\u00e1s\u00e1n a 290 \u00e9ve sz\u00fcletett Joseph Haydnra eml\u00e9kez\u00fcnk.<\/p>\n","protected":false},"author":5,"featured_media":23070,"comment_status":"open","ping_status":"open","sticky":false,"template":"","format":"standard","meta":{"episode_type":"","audio_file":"","cover_image":"","cover_image_id":"","duration":"","filesize":"","date_recorded":"","explicit":"","block":"","filesize_raw":"","ngg_post_thumbnail":0,"footnotes":""},"categories":[255,452,503,660,823],"tags":[],"class_list":["post-23069","post","type-post","status-publish","format-standard","has-post-thumbnail","hentry","category-justh-zsigmond-varosi-konyvtar","category-oroshaza","category-programajanlo","category-zenei-konyvtar","category-zenetorteneti-estek"],"_links":{"self":[{"href":"https:\/\/blog.justhvk.hu\/blog\/wp-json\/wp\/v2\/posts\/23069","targetHints":{"allow":["GET"]}}],"collection":[{"href":"https:\/\/blog.justhvk.hu\/blog\/wp-json\/wp\/v2\/posts"}],"about":[{"href":"https:\/\/blog.justhvk.hu\/blog\/wp-json\/wp\/v2\/types\/post"}],"author":[{"embeddable":true,"href":"https:\/\/blog.justhvk.hu\/blog\/wp-json\/wp\/v2\/users\/5"}],"replies":[{"embeddable":true,"href":"https:\/\/blog.justhvk.hu\/blog\/wp-json\/wp\/v2\/comments?post=23069"}],"version-history":[{"count":2,"href":"https:\/\/blog.justhvk.hu\/blog\/wp-json\/wp\/v2\/posts\/23069\/revisions"}],"predecessor-version":[{"id":23091,"href":"https:\/\/blog.justhvk.hu\/blog\/wp-json\/wp\/v2\/posts\/23069\/revisions\/23091"}],"wp:featuredmedia":[{"embeddable":true,"href":"https:\/\/blog.justhvk.hu\/blog\/wp-json\/wp\/v2\/media\/23070"}],"wp:attachment":[{"href":"https:\/\/blog.justhvk.hu\/blog\/wp-json\/wp\/v2\/media?parent=23069"}],"wp:term":[{"taxonomy":"category","embeddable":true,"href":"https:\/\/blog.justhvk.hu\/blog\/wp-json\/wp\/v2\/categories?post=23069"},{"taxonomy":"post_tag","embeddable":true,"href":"https:\/\/blog.justhvk.hu\/blog\/wp-json\/wp\/v2\/tags?post=23069"}],"curies":[{"name":"wp","href":"https:\/\/api.w.org\/{rel}","templated":true}]}}