{"id":23087,"date":"2022-09-11T13:35:37","date_gmt":"2022-09-11T13:35:37","guid":{"rendered":"https:\/\/blog.justhvk.hu\/blog\/?p=23087"},"modified":"2022-09-12T13:54:07","modified_gmt":"2022-09-12T13:54:07","slug":"veraszto-antal-pusztai-talalkozasok","status":"publish","type":"post","link":"https:\/\/blog.justhvk.hu\/blog\/veraszto-antal-pusztai-talalkozasok\/","title":{"rendered":"Veraszt\u00f3 Antal: Pusztai tal\u00e1lkoz\u00e1sok"},"content":{"rendered":"\n<p>A kardosk\u00fati puszta, a hajdani tanyavil\u00e1g a helysz\u00edne \u00e9s k\u00f6zponti t\u00e9m\u00e1ja Veraszt\u00f3 Antal leg\u00fajabb k\u00f6nyv\u00e9nek, a napokban megjelent<em> Pusztai tal\u00e1lkoz\u00e1sok<\/em>nak. Kor\u00e1bban m\u00e1r publik\u00e1lt, \u00e9s frissen k\u00e9sz\u00fclt \u00edr\u00e1sok tudatos \u00f6sszegy\u0171jt\u00e9se a k\u00f6tet, mely m\u00f6g\u00f6tt m\u00e9lys\u00e9ges m\u00e9ly f\u00e1jdalom h\u00faz\u00f3dik. <\/p>\n\n\n\n<!--more-->\n\n\n\n<p>Id\u00e9n febru\u00e1rban v\u00e1ratlanul meghalt a kiv\u00e1l\u00f3 tehets\u00e9g\u0171 \u00edr\u00f3, k\u00f6lt\u0151, helyt\u00f6rt\u00e9n\u00e9sz, Verraszt\u00f3 G\u00e1bor (G\u00e1borral tavaly ilyenkor m\u00e9g <a href=\"https:\/\/blog.justhvk.hu\/blog\/2021-es-fotok\/nggallery\/2021-es-fotok\/verraszto-gabor-iro-olvaso-talalkozo-2021-szeptember-2\">a saj\u00e1t k\u00f6nyvbemutat\u00f3j\u00e1n besz\u00e9lgett\u00fcnk a k\u00f6nyvt\u00e1rban<\/a>). \u00c9desapja G\u00e1bor hal\u00e1l\u00e1t k\u00f6vet\u0151en hat\u00e1rozta el, hogy egy k\u00f6nyvvel fog eml\u00e9ket \u00e1ll\u00edtani szeretett fi\u00e1nak.<\/p>\n\n\n\n<p>A k\u00f6tet azt adja, amit v\u00e1runk. Pusztai tal\u00e1lkoz\u00e1sokat Veraszt\u00f3 Antal ut\u00e1nozhatatlan, jellegzetes st\u00edlus\u00e1ban. Olyan le\u00edr\u00e1sokkal, ami mindent visszaad, amit egy-egy ilyen pusztai tal\u00e1lkoz\u00e1s ny\u00fajthat \u00edzek, illatok, paraszti b\u00f6lcsess\u00e9gek \u00e9s mag\u00e1nyos hallgat\u00e1sok tekintet\u00e9ben egyar\u00e1nt. A kardosk\u00fatiak, pusztak\u00f6zpontiak sz\u00e1m\u00e1ra alapm\u0171 sz\u00fcletett. Olyan k\u00f6nyv, ami seg\u00edt meg\u0151rizni valamit a m\u00faltunkb\u00f3l. Mindenki m\u00e1s sz\u00e1m\u00e1ra pedig egy b\u00e1r r\u00f6vid, de jelent\u0151s olvasm\u00e1ny\u00e9lm\u00e9ny. \u00c9s hogy mit jelent mindez Veraszt\u00f3 Antal sz\u00e1m\u00e1ra: <\/p>\n\n\n\n<p><em>\u201cM\u00e1r nincs mellettem \u00e9s nincs k\u00f6z\u00f6tt\u00fcnk az, aki eg\u00e9sz \u00e9let\u00e9ben az\u00e9rt gy\u0171jt\u00f6tte a titkokat, hogy \u00edr\u00e1saiban h\u00e1trahagyja nek\u00fcnk. Eml\u00e9k\u00e9re \u00edrom-e sorokat. Hi\u00e1ny\u00e1ban \u00e9lem tov\u00e1bb, ami id\u0151mb\u0151l m\u00e9g h\u00e1travan. Utols\u00f3 \u00fatj\u00e1nak elfogad\u00e1s\u00e1ban m\u00e9g az elej\u00e9n tartok. A temet\u0151 hallgatag f\u00e1in m\u00e1r \u00faj r\u00fcgyek duzzadnak, de sz\u00e1momra, tov\u00e1bbra is k\u00e9rd\u00e9s marad; eljuthatok-e a csendes bels\u0151 megnyugv\u00e1sig.\u201d<\/em><\/p>\n\n\n\n<p>A k\u00f6tet a k\u00f6nyvt\u00e1rb\u00f3l is kik\u00f6lcs\u00f6n\u00f6zhet\u0151.<\/p>\n<div class=\"fcbkbttn_buttons_block\" id=\"fcbkbttn_left\"><div class=\"fcbkbttn_like \"><fb:like href=\"https:\/\/blog.justhvk.hu\/blog\/veraszto-antal-pusztai-talalkozasok\/\" action=\"like\" colorscheme=\"light\" layout=\"button_count\"  size=\"small\"><\/fb:like><\/div><div class=\"fb-share-button  \" data-href=\"https:\/\/blog.justhvk.hu\/blog\/veraszto-antal-pusztai-talalkozasok\/\" data-type=\"button_count\" data-size=\"small\"><\/div><\/div>","protected":false},"excerpt":{"rendered":"<p>A kardosk\u00fati puszta, a hajdani tanyavil\u00e1g a helysz\u00edne \u00e9s k\u00f6zponti t\u00e9m\u00e1ja Veraszt\u00f3 Antal leg\u00fajabb k\u00f6nyv\u00e9nek, a napokban megjelent Pusztai tal\u00e1lkoz\u00e1soknak. Kor\u00e1bban m\u00e1r publik\u00e1lt, \u00e9s frissen k\u00e9sz\u00fclt \u00edr\u00e1sok tudatos \u00f6sszegy\u0171jt\u00e9se a k\u00f6tet, mely m\u00f6g\u00f6tt m\u00e9lys\u00e9ges m\u00e9ly f\u00e1jdalom h\u00faz\u00f3dik.<\/p>\n","protected":false},"author":5,"featured_media":23088,"comment_status":"open","ping_status":"open","sticky":false,"template":"","format":"standard","meta":{"episode_type":"","audio_file":"","cover_image":"","cover_image_id":"","duration":"","filesize":"","date_recorded":"","explicit":"","block":"","filesize_raw":"","ngg_post_thumbnail":0,"footnotes":""},"categories":[261,679,637,976],"tags":[],"class_list":["post-23087","post","type-post","status-publish","format-standard","has-post-thumbnail","hentry","category-kardoskut","category-konyvajanlo","category-veraszto-antal","category-verraszto-gabor"],"_links":{"self":[{"href":"https:\/\/blog.justhvk.hu\/blog\/wp-json\/wp\/v2\/posts\/23087","targetHints":{"allow":["GET"]}}],"collection":[{"href":"https:\/\/blog.justhvk.hu\/blog\/wp-json\/wp\/v2\/posts"}],"about":[{"href":"https:\/\/blog.justhvk.hu\/blog\/wp-json\/wp\/v2\/types\/post"}],"author":[{"embeddable":true,"href":"https:\/\/blog.justhvk.hu\/blog\/wp-json\/wp\/v2\/users\/5"}],"replies":[{"embeddable":true,"href":"https:\/\/blog.justhvk.hu\/blog\/wp-json\/wp\/v2\/comments?post=23087"}],"version-history":[{"count":3,"href":"https:\/\/blog.justhvk.hu\/blog\/wp-json\/wp\/v2\/posts\/23087\/revisions"}],"predecessor-version":[{"id":23098,"href":"https:\/\/blog.justhvk.hu\/blog\/wp-json\/wp\/v2\/posts\/23087\/revisions\/23098"}],"wp:featuredmedia":[{"embeddable":true,"href":"https:\/\/blog.justhvk.hu\/blog\/wp-json\/wp\/v2\/media\/23088"}],"wp:attachment":[{"href":"https:\/\/blog.justhvk.hu\/blog\/wp-json\/wp\/v2\/media?parent=23087"}],"wp:term":[{"taxonomy":"category","embeddable":true,"href":"https:\/\/blog.justhvk.hu\/blog\/wp-json\/wp\/v2\/categories?post=23087"},{"taxonomy":"post_tag","embeddable":true,"href":"https:\/\/blog.justhvk.hu\/blog\/wp-json\/wp\/v2\/tags?post=23087"}],"curies":[{"name":"wp","href":"https:\/\/api.w.org\/{rel}","templated":true}]}}