{"id":25121,"date":"2023-02-16T13:56:37","date_gmt":"2023-02-16T13:56:37","guid":{"rendered":"https:\/\/blog.justhvk.hu\/blog\/?p=25121"},"modified":"2023-02-16T13:57:24","modified_gmt":"2023-02-16T13:57:24","slug":"uzenet-a-jegtoronek-a-klubb-zenekar-koncertje","status":"publish","type":"post","link":"https:\/\/blog.justhvk.hu\/blog\/uzenet-a-jegtoronek-a-klubb-zenekar-koncertje\/","title":{"rendered":"\u00dczenet a J\u00e9gt\u00f6r\u0151nek! &#8211; A KLuBB zenekar koncertje"},"content":{"rendered":"\n<p>Szeretettel v\u00e1runk minden \u00e9rdekl\u0151d\u0151t legk\u00f6zelebbi koncert\u00fcnkre, melyen az orosh\u00e1zi sz\u00edneket k\u00e9pvisel\u0151 KLuBB zenekar l\u00e9p fel. A t\u00f6bb \u00e9ve m\u0171k\u00f6d\u0151 egy\u00fcttes hazai \u00e9s k\u00fclf\u00f6ldi klasszikus \u00e9s kort\u00e1rs dalokat, sl\u00e1gereket ad el\u0151.<\/p>\n\n\n\n<!--more-->\n\n\n\n<p>Id\u0151pont: 2023. febru\u00e1r 23., cs\u00fct\u00f6rt\u00f6k, 17 \u00f3ra<\/p>\n\n\n\n<p>Helysz\u00edn: Justh Zsigmond V\u00e1rosi K\u00f6nyvt\u00e1r gyermekk\u00f6nyvt\u00e1ra<\/p>\n\n\n\n<p><a href=\"https:\/\/www.facebook.com\/events\/705177567922469\/?ref=newsfeed\" data-type=\"URL\" data-id=\"https:\/\/www.facebook.com\/events\/705177567922469\/?ref=newsfeed\" target=\"_blank\" rel=\"noreferrer noopener\">Facebook-esem\u00e9ny<\/a><\/p>\n<div class=\"fcbkbttn_buttons_block\" id=\"fcbkbttn_left\"><div class=\"fcbkbttn_like \"><fb:like href=\"https:\/\/blog.justhvk.hu\/blog\/uzenet-a-jegtoronek-a-klubb-zenekar-koncertje\/\" action=\"like\" colorscheme=\"light\" layout=\"button_count\"  size=\"small\"><\/fb:like><\/div><div class=\"fb-share-button  \" data-href=\"https:\/\/blog.justhvk.hu\/blog\/uzenet-a-jegtoronek-a-klubb-zenekar-koncertje\/\" data-type=\"button_count\" data-size=\"small\"><\/div><\/div>","protected":false},"excerpt":{"rendered":"<p>Szeretettel v\u00e1runk minden \u00e9rdekl\u0151d\u0151t legk\u00f6zelebbi koncert\u00fcnkre, melyen az orosh\u00e1zi sz\u00edneket k\u00e9pvisel\u0151 KLuBB zenekar l\u00e9p fel. A t\u00f6bb \u00e9ve m\u0171k\u00f6d\u0151 egy\u00fcttes hazai \u00e9s k\u00fclf\u00f6ldi klasszikus \u00e9s kort\u00e1rs dalokat, sl\u00e1gereket ad el\u0151.<\/p>\n","protected":false},"author":4,"featured_media":25123,"comment_status":"open","ping_status":"open","sticky":false,"template":"","format":"standard","meta":{"episode_type":"","audio_file":"","cover_image":"","cover_image_id":"","duration":"","filesize":"","date_recorded":"","explicit":"","block":"","filesize_raw":"","ngg_post_thumbnail":0,"footnotes":""},"categories":[255],"tags":[799,1044,1045,972],"class_list":["post-25121","post","type-post","status-publish","format-standard","has-post-thumbnail","hentry","category-justh-zsigmond-varosi-konyvtar","tag-justh-zsigmond-varosi-konyvtar","tag-klubb-zenekar","tag-koncert","tag-oroshaza"],"_links":{"self":[{"href":"https:\/\/blog.justhvk.hu\/blog\/wp-json\/wp\/v2\/posts\/25121","targetHints":{"allow":["GET"]}}],"collection":[{"href":"https:\/\/blog.justhvk.hu\/blog\/wp-json\/wp\/v2\/posts"}],"about":[{"href":"https:\/\/blog.justhvk.hu\/blog\/wp-json\/wp\/v2\/types\/post"}],"author":[{"embeddable":true,"href":"https:\/\/blog.justhvk.hu\/blog\/wp-json\/wp\/v2\/users\/4"}],"replies":[{"embeddable":true,"href":"https:\/\/blog.justhvk.hu\/blog\/wp-json\/wp\/v2\/comments?post=25121"}],"version-history":[{"count":4,"href":"https:\/\/blog.justhvk.hu\/blog\/wp-json\/wp\/v2\/posts\/25121\/revisions"}],"predecessor-version":[{"id":25177,"href":"https:\/\/blog.justhvk.hu\/blog\/wp-json\/wp\/v2\/posts\/25121\/revisions\/25177"}],"wp:featuredmedia":[{"embeddable":true,"href":"https:\/\/blog.justhvk.hu\/blog\/wp-json\/wp\/v2\/media\/25123"}],"wp:attachment":[{"href":"https:\/\/blog.justhvk.hu\/blog\/wp-json\/wp\/v2\/media?parent=25121"}],"wp:term":[{"taxonomy":"category","embeddable":true,"href":"https:\/\/blog.justhvk.hu\/blog\/wp-json\/wp\/v2\/categories?post=25121"},{"taxonomy":"post_tag","embeddable":true,"href":"https:\/\/blog.justhvk.hu\/blog\/wp-json\/wp\/v2\/tags?post=25121"}],"curies":[{"name":"wp","href":"https:\/\/api.w.org\/{rel}","templated":true}]}}