{"id":2595,"date":"2010-02-05T17:37:26","date_gmt":"2010-02-05T16:37:26","guid":{"rendered":"http:\/\/blog.justhvk.hu\/?p=2595"},"modified":"2010-02-05T17:37:26","modified_gmt":"2010-02-05T16:37:26","slug":"kazinczy-verseny-kiss-luca-es-toth-aniko-az-elen","status":"publish","type":"post","link":"https:\/\/blog.justhvk.hu\/blog\/kazinczy-verseny-kiss-luca-es-toth-aniko-az-elen\/","title":{"rendered":"Kazinczy-verseny: Kiss Luca \u00e9s T\u00f3th Anik\u00f3 az \u00e9len"},"content":{"rendered":"<p><a href=\"http:\/\/picasaweb.google.hu\/justhvk\/KazinczyFerencrolElnevezettSzepMagyarBeszedVerseny02#\"><img loading=\"lazy\" decoding=\"async\" class=\"alignleft size-medium wp-image-2596\" title=\"klikk ide\" src=\"http:\/\/192.168.10.245\/wp-content\/uploads\/2010\/02\/F\u00e9nyk\u00e9pek-0056-300x240.jpg\" alt=\"klikk ide\" width=\"300\" height=\"240\" \/><\/a>K\u00e9t korcsoportban, \u00f6sszesen 16 tanul\u00f3 nevezett id\u00e9n a v\u00e1ros \u00e9s a kist\u00e9rs\u00e9g \u00e1ltal\u00e1nos iskol\u00e1ib\u00f3l a <em>Kazinczy Ferencr\u0151l elnevezett Sz\u00e9p Magyar Besz\u00e9d verseny<\/em> v\u00e1rosi, k\u00f6rzeti fordul\u00f3j\u00e1ra. A febru\u00e1r 5-\u00e9n megrendezett sz\u00e9pkiejt\u00e9si verseny helysz\u00edne ez\u00fattal is az orosh\u00e1zi Justh Zsigmond V\u00e1rosi K\u00f6nyvt\u00e1r volt. A <em>Vet\u00e9sin\u00e9 Petr\u00e1nyi Erzs\u00e9bet, Lukovicsn\u00e9 Ramasz Edit <\/em>\u00e9s <em>Buchalter Ibolya<\/em> alkotta zs\u0171ri el\u0151tt a gyerekek el\u0151sz\u00f6r a k\u00f6telez\u0151, majd a szabadon v\u00e1lasztott sz\u00f6vegeket olvast\u00e1k fel. Az 5-6. \u00e9vfolyamosok sz\u00e1m\u00e1ra a k\u00f6telez\u0151 sz\u00f6vegr\u00e9sz id\u00e9n <em>Wass Albert: A V\u00e1g v\u00f6lgye<\/em> c\u00edm\u0171 munk\u00e1ja, m\u00edg a 7-8. oszt\u00e1lyosoknak <em>Szakonyi K\u00e1roly: Vallom\u00e1s<\/em> c\u00edm\u0171 \u00edr\u00e1sa volt. A zs\u0171ri eln\u00f6ke, Vet\u00e9sin\u00e9 Petr\u00e1nyi Erzs\u00e9bet \u00e9rt\u00e9kel\u0151j\u00e9ben elmondta: az 5-6. \u00e9vfolyamosokn\u00e1l a sz\u00f6veg nem volt neh\u00e9z, azonban az \u00e9rtelmez\u00e9s t\u00f6bbek eset\u00e9ben gondot jelentett. A szabadon v\u00e1lasztott sz\u00f6vegek ugyanakkor nagyon j\u00f3l illettek a versenyz\u0151kh\u00f6z, ami a felk\u00e9sz\u00edt\u0151 tan\u00e1rok munk\u00e1j\u00e1t is dics\u00e9ri. A nagyobb koroszt\u00e1ly eset\u00e9ben is a sz\u00e9p \u00e9s j\u00f3l eltal\u00e1lt szabadon v\u00e1lasztott sz\u00f6vegeket emelte ki a zs\u0171ri eln\u00f6ke, aki hozz\u00e1tette: csak\u00fagy, mint a kisebbekn\u00e9l, itt is kev\u00e9snek bizonyult a felk\u00e9sz\u00fcl\u00e9sre sz\u00e1nt h\u00e1rom perc a k\u00f6telez\u0151 sz\u00f6veg olvas\u00e1sakor, \u00edgy ott sok hiba becs\u00faszott.<\/p>\n<p>A zs\u0171ri \u00e9rt\u00e9kel\u00e9se alapj\u00e1n az 5-6. oszt\u00e1lyosokn\u00e1l <em>Kiss Luca<\/em> bizonyult a legjobbnak (a szabadon v\u00e1lasztott sz\u00f6vege Nagy Lajos K\u00e9ptelen term\u00e9szetrajz c\u00edm\u0171 m\u0171v\u00e9b\u0151l A Kutya), a 7-8. \u00e9vfolyamosokn\u00e1l pedig <em>T\u00f3th Anik\u00f3<\/em> (szabadon v\u00e1lasztott sz\u00f6vege r\u00e9szlet Szab\u00f3 Magda \u00c1larcosb\u00e1l c\u00edm\u0171 reg\u00e9ny\u00e9b\u0151l).<\/p>\n<p><strong>Eredm\u00e9nyek. 5-6. oszt\u00e1lyos kateg\u00f3ria<\/strong>: 1. Kiss Luca (T\u00e1ncsics Mih\u00e1ly Gimn\u00e1zium \u00e9s Szakk\u00f6z\u00e9piskola, Orosh\u00e1za), felk\u00e9sz\u00edt\u0151 tan\u00e1r: Veres Ildik\u00f3. 2. Szab\u00f3 Roland (OV\u00c1I \u00e9s PSZI Czina S\u00e1ndor Tagint\u00e9zm\u00e9ny, Orosh\u00e1za), felk\u00e9sz\u00edt\u0151 tan\u00e1r: Kiss Val\u00e9ria. 3. Kunerth L\u00e1szl\u00f3 (OV\u00c1I \u00e9s PSZI E\u00f6tv\u00f6s J\u00f3zsef Tagint\u00e9zm\u00e9ny, Orosh\u00e1za), felk\u00e9sz\u00edt\u0151 tan\u00e1r: F\u00e9s\u0171n\u00e9 B\u00e1lint Gizella.<\/p>\n<p><strong>7-8. oszt\u00e1ly:<\/strong> 1. T\u00f3th Anik\u00f3 (OV\u00c1I \u00e9s PSZI J\u00f3zsef Attila Sz\u00e9khelyint\u00e9zm\u00e9ny, Orosh\u00e1za), felk\u00e9sz\u00edt\u0151 tan\u00e1r: Veraszt\u00f3n\u00e9 Kiss Gabriella. 2. Vandlik Csenge (OV\u00c1I \u00e9s PSZI Czina S\u00e1ndor Tagint\u00e9zm\u00e9ny, Orosh\u00e1za) felk\u00e9sz\u00edt\u0151 tan\u00e1r: J\u00f3sn\u00e9 Kiss Erzs\u00e9bet. 3. Horv\u00e1th Dorina (OV\u00c1I \u00e9s PSZI E\u00f6tv\u00f6s J\u00f3zsef Tagint\u00e9zm\u00e9ny, Orosh\u00e1za), felk\u00e9sz\u00edt\u0151 tan\u00e1r: F\u00e9s\u0171n\u00e9 B\u00e1lint Gizella.<\/p>\n<p>A versenyen k\u00e9sz\u00fclt fot\u00f3k a <a href=\"http:\/\/picasaweb.google.hu\/justhvk\/\">http:\/\/picasaweb.google.hu\/justhvk\/<\/a> c\u00edmen tekinthet\u0151k meg.<\/p>\n<div class=\"fcbkbttn_buttons_block\" id=\"fcbkbttn_left\"><div class=\"fcbkbttn_like \"><fb:like href=\"https:\/\/blog.justhvk.hu\/blog\/kazinczy-verseny-kiss-luca-es-toth-aniko-az-elen\/\" action=\"like\" colorscheme=\"light\" layout=\"button_count\"  size=\"small\"><\/fb:like><\/div><div class=\"fb-share-button  \" data-href=\"https:\/\/blog.justhvk.hu\/blog\/kazinczy-verseny-kiss-luca-es-toth-aniko-az-elen\/\" data-type=\"button_count\" data-size=\"small\"><\/div><\/div>","protected":false},"excerpt":{"rendered":"<p>K\u00e9t korcsoportban, \u00f6sszesen 16 tanul\u00f3 nevezett id\u00e9n a v\u00e1ros \u00e9s a kist\u00e9rs\u00e9g \u00e1ltal\u00e1nos iskol\u00e1ib\u00f3l a Kazinczy Ferencr\u0151l elnevezett Sz\u00e9p Magyar Besz\u00e9d verseny v\u00e1rosi, k\u00f6rzeti fordul\u00f3j\u00e1ra. A febru\u00e1r 5-\u00e9n megrendezett sz\u00e9pkiejt\u00e9si verseny helysz\u00edne ez\u00fattal is az orosh\u00e1zi Justh Zsigmond V\u00e1rosi K\u00f6nyvt\u00e1r volt. A Vet\u00e9sin\u00e9 Petr\u00e1nyi Erzs\u00e9bet, Lukovicsn\u00e9 Ramasz Edit \u00e9s Buchalter Ibolya alkotta zs\u0171ri el\u0151tt a [&hellip;]<\/p>\n","protected":false},"author":5,"featured_media":0,"comment_status":"open","ping_status":"open","sticky":false,"template":"","format":"standard","meta":{"episode_type":"","audio_file":"","cover_image":"","cover_image_id":"","duration":"","filesize":"","date_recorded":"","explicit":"","block":"","filesize_raw":"","ngg_post_thumbnail":0,"footnotes":""},"categories":[255,266,452],"tags":[799],"class_list":["post-2595","post","type-post","status-publish","format-standard","hentry","category-justh-zsigmond-varosi-konyvtar","category-kazinczy-verseny","category-oroshaza","tag-justh-zsigmond-varosi-konyvtar"],"_links":{"self":[{"href":"https:\/\/blog.justhvk.hu\/blog\/wp-json\/wp\/v2\/posts\/2595","targetHints":{"allow":["GET"]}}],"collection":[{"href":"https:\/\/blog.justhvk.hu\/blog\/wp-json\/wp\/v2\/posts"}],"about":[{"href":"https:\/\/blog.justhvk.hu\/blog\/wp-json\/wp\/v2\/types\/post"}],"author":[{"embeddable":true,"href":"https:\/\/blog.justhvk.hu\/blog\/wp-json\/wp\/v2\/users\/5"}],"replies":[{"embeddable":true,"href":"https:\/\/blog.justhvk.hu\/blog\/wp-json\/wp\/v2\/comments?post=2595"}],"version-history":[{"count":0,"href":"https:\/\/blog.justhvk.hu\/blog\/wp-json\/wp\/v2\/posts\/2595\/revisions"}],"wp:attachment":[{"href":"https:\/\/blog.justhvk.hu\/blog\/wp-json\/wp\/v2\/media?parent=2595"}],"wp:term":[{"taxonomy":"category","embeddable":true,"href":"https:\/\/blog.justhvk.hu\/blog\/wp-json\/wp\/v2\/categories?post=2595"},{"taxonomy":"post_tag","embeddable":true,"href":"https:\/\/blog.justhvk.hu\/blog\/wp-json\/wp\/v2\/tags?post=2595"}],"curies":[{"name":"wp","href":"https:\/\/api.w.org\/{rel}","templated":true}]}}