{"id":26298,"date":"2023-08-01T06:53:40","date_gmt":"2023-08-01T06:53:40","guid":{"rendered":"https:\/\/blog.justhvk.hu\/blog\/?p=26298"},"modified":"2023-08-25T09:17:41","modified_gmt":"2023-08-25T09:17:41","slug":"rolunk-irtak-390","status":"publish","type":"post","link":"https:\/\/blog.justhvk.hu\/blog\/rolunk-irtak-390\/","title":{"rendered":"R\u00f3lunk \u00edrt\u00e1k"},"content":{"rendered":"\n<p id=\"block-ea506901-fd5f-4267-bee3-b5fa1cc4b89e\">J\u00faliusi cikkek, tud\u00f3s\u00edt\u00e1sok r\u00f3lunk! <span class=\"has-inline-color has-white-color\">M\u00e1r csak egy kattint\u00e1s\u2026 klikkelj a c\u00edmre!<\/span><\/p>\n\n\n\n<!--more-->\n\n\n\n<ul class=\"wp-block-list\" id=\"block-2905881b-7b70-4406-94d4-78b1e80a298f\"><li>Soksz\u00edn\u0171, mobil tereket alak\u00edtottak ki az orosh\u00e1zi gyermekk\u00f6nyvt\u00e1rban : infrastruktur\u00e1lis fejleszt\u00e9sek \/ Csete Ilona. &#8211; In. Beol.hu (2023. j\u00falius 11.) [<a href=\"https:\/\/www.beol.hu\/helyi-gazdasag\/2023\/07\/sokszinu-mobil-tereket-alakitottak-ki-az-oroshazi-gyermekkonyvtarban\">https:\/\/www.beol.hu\/helyi-gazdasag\/2023\/07\/sokszinu-mobil-tereket-alakitottak-ki-az-oroshazi-gyermekkonyvtarban<\/a>] <\/li><li>Szebb, korszer\u0171bb k\u00f6rnyezetben j\u00e1tszhatnak, olvashatnak a gyerekek a k\u00f6nyvt\u00e1rban \/ Cs\u00e1nyi J\u00f3zsef. &#8211; In. OrosCaf\u00e9 (2023. j\u00falius 11.) [<a href=\"https:\/\/oroscafe.hu\/2023\/07\/11\/szebb-korszerubb-kornyezetben-jatszhatnak-olvashatnak-a-gyerekek-befejezodott-a-gyermekkonyvtar-teljes-felujitasa-var\/\">https:\/\/oroscafe.hu\/2023\/07\/11\/szebb-korszerubb-kornyezetben-jatszhatnak-olvashatnak-a-gyerekek-befejezodott-a-gyermekkonyvtar-teljes-felujitasa-var\/<\/a>] <\/li><li>Az orosh\u00e1zi gyermekk\u00f6nyvt\u00e1r terei soksz\u00edn\u0171ek, mobilak lettek \/ Csete Ilona. &#8211; In. B\u00e9k\u00e9s Megyei H\u00edrlap, 78. \u00e9vf., 160. sz. (2023. j\u00falius 12.). &#8211; p. 5. <\/li><li>Teljes g\u00e1zzal d\u00fcb\u00f6r\u00f6g a j\u00e1tsz\u00f3h\u00e1z a k\u00f6nyvt\u00e1rban \/ Cs\u00e1nyi J\u00f3zsef. &#8211; In. OrosCaf\u00e9 (2023. j\u00falius 12.) [<a href=\"https:\/\/oroscafe.hu\/2023\/07\/12\/teljes-gazzal-duborog-a-jatszohaz-a-konyvtarban\/\">https:\/\/oroscafe.hu\/2023\/07\/12\/teljes-gazzal-duborog-a-jatszohaz-a-konyvtarban\/<\/a>] <\/li><li>Meg\u00fajult a gyermekk\u00f6nyvt\u00e1r : orosh\u00e1zi v\u00e1llalkoz\u00f3k munk\u00e1j\u00e1t dics\u00e9ri a fel\u00faj\u00edtott int\u00e9zm\u00e9ny \/ CSJ [Cs\u00e1nyi J\u00f3zsef]. \u2013 In. Orosh\u00e1zi \u00c9let, 27. \u00e9vf., 24. sz. (2023. j\u00falius 14.). \u2013 p. 3. [<a href=\"https:\/\/oroscafe.hu\/2023\/07\/14\/megjelent-az-oroshazi-elet-2023-julius-14-ei-lapszama\/#dearflip-df_429121\/3\/\">https:\/\/oroscafe.hu\/2023\/07\/14\/megjelent-az-oroshazi-elet-2023-julius-14-ei-lapszama\/#dearflip-df_429121\/3\/<\/a>] <\/li><li>Gyermekk\u00f6nyvt\u00e1r fel\u00faj\u00edt\u00e1s. R\u00e9szlet az Orosh\u00e1zi V\u00e1rosi Telev\u00edzi\u00f3 2023. j\u00falius 14-i H\u00edrad\u00f3j\u00e1b\u00f3l [<a href=\"https:\/\/youtu.be\/U0CYxc5VaVw?t=195\">https:\/\/youtu.be\/U0CYxc5VaVw?t=195<\/a>]<\/li><li>Folytat\u00f3dik a Kattints vel\u00fcnk program a k\u00f6nyvt\u00e1rban \/ Cs\u00e1nyi J\u00f3zsef. &#8211; In. OrosCaf\u00e9 (2023. j\u00falius 27.) [<a href=\"https:\/\/oroscafe.hu\/2023\/07\/27\/folytatodik-a-kattints-velunk-program-a-konyvtarban\/\">https:\/\/oroscafe.hu\/2023\/07\/27\/folytatodik-a-kattints-velunk-program-a-konyvtarban\/<\/a>] <\/li><li>Olvas\u00f3bar\u00e1t k\u00f6rnyezet az orosh\u00e1zi k\u00f6nyvt\u00e1rban: Buzai Csaba a vend\u00e9g\u00fcnk :  Beol podcast \/ Csete Ilona. &#8211; In. Beol.hu (2023. j\u00falius 27.) [<a href=\"https:\/\/www.beol.hu\/helyi-kozelet\/2023\/07\/olvasobarat-kornyezet-az-oroshazi-konyvtarban-buzai-csaba-a-vendegunk\">https:\/\/www.beol.hu\/helyi-kozelet\/2023\/07\/olvasobarat-kornyezet-az-oroshazi-konyvtarban-buzai-csaba-a-vendegunk<\/a>] <\/li><li>Olvas\u00f3bar\u00e1t k\u00f6rnyezetet alak\u00edtottak ki. &#8211; In. B\u00e9k\u00e9s Megyei H\u00edrlap, 78. \u00e9vf., 175. sz. (2023. j\u00falius 28.). &#8211; p. 2.<\/li><li>Kattints vel\u00fcnk. R\u00e9szlet az Orosh\u00e1zi V\u00e1rosi Telev\u00edzi\u00f3 2023. j\u00falius 28-i H\u00edrad\u00f3j\u00e1b\u00f3l [<a href=\"https:\/\/youtu.be\/lichFP3cTjU?t=609\">https:\/\/youtu.be\/lichFP3cTjU?t=609<\/a>] <\/li><\/ul>\n\n\n\n<p><em>Kiemelt k\u00e9p: OrosCaf\u00e9 <\/em><\/p>\n<div class=\"fcbkbttn_buttons_block\" id=\"fcbkbttn_left\"><div class=\"fcbkbttn_like \"><fb:like href=\"https:\/\/blog.justhvk.hu\/blog\/rolunk-irtak-390\/\" action=\"like\" colorscheme=\"light\" layout=\"button_count\"  size=\"small\"><\/fb:like><\/div><div class=\"fb-share-button  \" data-href=\"https:\/\/blog.justhvk.hu\/blog\/rolunk-irtak-390\/\" data-type=\"button_count\" data-size=\"small\"><\/div><\/div>","protected":false},"excerpt":{"rendered":"<p>J\u00faliusi cikkek, tud\u00f3s\u00edt\u00e1sok r\u00f3lunk! M\u00e1r csak egy kattint\u00e1s\u2026 klikkelj a c\u00edmre!<\/p>\n","protected":false},"author":5,"featured_media":26300,"comment_status":"open","ping_status":"open","sticky":false,"template":"","format":"standard","meta":{"episode_type":"","audio_file":"","cover_image":"","cover_image_id":"","duration":"","filesize":"","date_recorded":"","explicit":"","block":"","filesize_raw":"","ngg_post_thumbnail":0,"footnotes":""},"categories":[83,945,1060,186,255,855,452,499,515,528],"tags":[],"class_list":["post-26298","post","type-post","status-publish","format-standard","has-post-thumbnail","hentry","category-buzai-csaba","category-david-zoltan","category-felujitas","category-gyermekkonyvtar","category-justh-zsigmond-varosi-konyvtar","category-kattints-velunk","category-oroshaza","category-podcast","category-rolunk_irtak","category-sajtofigyeles"],"_links":{"self":[{"href":"https:\/\/blog.justhvk.hu\/blog\/wp-json\/wp\/v2\/posts\/26298","targetHints":{"allow":["GET"]}}],"collection":[{"href":"https:\/\/blog.justhvk.hu\/blog\/wp-json\/wp\/v2\/posts"}],"about":[{"href":"https:\/\/blog.justhvk.hu\/blog\/wp-json\/wp\/v2\/types\/post"}],"author":[{"embeddable":true,"href":"https:\/\/blog.justhvk.hu\/blog\/wp-json\/wp\/v2\/users\/5"}],"replies":[{"embeddable":true,"href":"https:\/\/blog.justhvk.hu\/blog\/wp-json\/wp\/v2\/comments?post=26298"}],"version-history":[{"count":11,"href":"https:\/\/blog.justhvk.hu\/blog\/wp-json\/wp\/v2\/posts\/26298\/revisions"}],"predecessor-version":[{"id":26513,"href":"https:\/\/blog.justhvk.hu\/blog\/wp-json\/wp\/v2\/posts\/26298\/revisions\/26513"}],"wp:featuredmedia":[{"embeddable":true,"href":"https:\/\/blog.justhvk.hu\/blog\/wp-json\/wp\/v2\/media\/26300"}],"wp:attachment":[{"href":"https:\/\/blog.justhvk.hu\/blog\/wp-json\/wp\/v2\/media?parent=26298"}],"wp:term":[{"taxonomy":"category","embeddable":true,"href":"https:\/\/blog.justhvk.hu\/blog\/wp-json\/wp\/v2\/categories?post=26298"},{"taxonomy":"post_tag","embeddable":true,"href":"https:\/\/blog.justhvk.hu\/blog\/wp-json\/wp\/v2\/tags?post=26298"}],"curies":[{"name":"wp","href":"https:\/\/api.w.org\/{rel}","templated":true}]}}