{"id":26302,"date":"2023-07-11T14:31:15","date_gmt":"2023-07-11T14:31:15","guid":{"rendered":"https:\/\/blog.justhvk.hu\/blog\/?p=26302"},"modified":"2023-07-11T18:39:56","modified_gmt":"2023-07-11T18:39:56","slug":"infrastrukturalis-fejlesztesek-a-justh-zsigmond-varosi-konyvtarban","status":"publish","type":"post","link":"https:\/\/blog.justhvk.hu\/blog\/infrastrukturalis-fejlesztesek-a-justh-zsigmond-varosi-konyvtarban\/","title":{"rendered":"Infrastruktur\u00e1lis fejleszt\u00e9sek a Justh Zsigmond V\u00e1rosi K\u00f6nyvt\u00e1rban"},"content":{"rendered":"\n<p><strong>2023 j\u00fanius\u00e1ban hivatalosan is befejez\u0151d\u00f6tt a Justh Zsigmond V\u00e1rosi K\u00f6nyvt\u00e1r gyermekk\u00f6nyvt\u00e1r\u00e1nak fel\u00faj\u00edt\u00e1sa \u00e9s fejleszt\u00e9se, mely az Emberi Er\u0151forr\u00e1sok Miniszt\u00e9riuma 15 milli\u00f3 forintos t\u00e1mogat\u00e1s\u00e1b\u00f3l val\u00f3sult meg. Ma d\u00e9lel\u0151tt egy sajt\u00f3t\u00e1j\u00e9koztat\u00f3 keretein bel\u00fcl mutattuk be az el\u0151zm\u00e9nyeket \u00e9s az eredm\u00e9nyeket. <\/strong> <\/p>\n\n\n\n<!--more-->\n\n\n\n<p>Az elm\u00falt \u00e9vekben \u00faj k\u00fcldet\u00e9snyilatkozatot \u00e9s \u00faj j\u00f6v\u0151k\u00e9pet fogalmaztunk meg, \u00faj, hossz\u00fat\u00e1v\u00fa Strat\u00e9giai terveket k\u00e9sz\u00edtett\u00fcnk, mik\u00f6zben 2018-t\u00f3l &#8211; t\u00f6bb eredm\u00e9nyes p\u00e1ly\u00e1zatnak k\u00f6sz\u00f6nhet\u0151en &#8211; k\u00fcls\u0151leg is meg\u00fajultunk: \u00faj jelmondatot v\u00e1lasztottunk, \u00faj log\u00f3 \u00e9s arculat ker\u00fclt kialak\u00edt\u00e1sra, majd arculati elemekkel \u00e9s k\u00f6nyvt\u00e1rismertet\u0151, k\u00f6nyvt\u00e1rt\u00f6rt\u00e9neti kiadv\u00e1nnyal ez a meg\u00fajul\u00e1si folyamat imm\u00e1r k\u00e9zzelfoghat\u00f3v\u00e1 is v\u00e1lt. A fejleszt\u00e9seket folytatni szerett\u00fck volna, hiszen volt hova tov\u00e1bb l\u00e9pni. 2022 janu\u00e1rj\u00e1ban elk\u00e9sz\u00edtett\u00fck a k\u00f6nyvt\u00e1r infrastruktur\u00e1lis fejleszt\u00e9si koncepci\u00f3j\u00e1t, ami els\u0151 k\u00f6rben a gyermekk\u00f6nyvt\u00e1r fel\u00faj\u00edt\u00e1s\u00e1t, \u00fajra\u00e9rtelmez\u00e9s\u00e9t jelentette, de ezzel p\u00e1rhuzamosan n\u00e9h\u00e1ny fejleszt\u00e9s a feln\u0151tt k\u00f6nyvt\u00e1rban is sz\u00fcks\u00e9gess\u00e9 v\u00e1lt. Az Emberi Er\u0151forr\u00e1sok Miniszt\u00e9riuma Kult\u00far\u00e1\u00e9rt Felel\u0151s \u00c1llamtitk\u00e1rs\u00e1ga 15 milli\u00f3 forint t\u00e1mogat\u00e1st \u00edt\u00e9lt meg a fejleszt\u00e9si c\u00e9lok megval\u00f3s\u00edt\u00e1s\u00e1ra.&nbsp;<\/p>\n\n\n\n<p>Az infrastruktur\u00e1lis fejleszt\u00e9seknek t\u00f6bb, egym\u00e1st\u00f3l f\u00fcggetlen oka is volt.&nbsp;<strong>Egyr\u00e9szt a padl\u00f3, a falak, a berendez\u00e9s, a b\u00fatorzat jelent\u0151s r\u00e9sze elhaszn\u00e1l\u00f3dott, elavultt\u00e1 v\u00e1lt. M\u00e1sr\u00e9szt \u00faj fejleszt\u00e9si ir\u00e1nyt jel\u00f6lt\u00fcnk ki a gyermekk\u00f6nyvt\u00e1r sz\u00e1m\u00e1ra<\/strong>, amelyhez egy helyi mesealakot v\u00e1lasztottunk kiindul\u00f3pontnak. A v\u00e1ros, illetve a gyop\u00e1rosi tavak kialakul\u00e1s\u00e1r\u00f3l t\u00f6bb mes\u00e9t is \u00edrt K\u00e1rolyi F\u00fcl\u00f6p B\u00e9la, orosh\u00e1zi \u00edr\u00f3, k\u00f6lt\u0151, melyek egyik k\u00f6zponti alakja Gyop\u00e1rka t\u00fcnd\u00e9r volt. A szerz\u0151, aki magyartan\u00e1r, iskolaigazgat\u00f3 is volt, 2006-ban szervezte meg az els\u0151 Gyop\u00e1rka t\u00fcnd\u00e9r mesemond\u00f3 versenyt, melyet ut\u00e1na minden \u00e9vben megrendeztek, \u00e9s mely versenynek 2013 \u00f3ta a Justh Zsigmond V\u00e1rosi K\u00f6nyvt\u00e1r a h\u00e1zigazd\u00e1ja, f\u0151szervez\u0151je.<\/p>\n\n\n\n<p><strong>2022 \u0151sz\u00e9n v\u00e1ltoztatnunk kellett az eredeti elk\u00e9pzel\u00e9seinken<\/strong>, az Egyes\u00edtett Gyermekj\u00f3l\u00e9ti K\u00f6zpont \u00e9s Csal\u00e1dseg\u00edt\u0151 Szolg\u00e1lat, valamint m\u00e1s v\u00e1rosi egyes\u00fcletek \u00e9s civil szervezetek bek\u00f6lt\u00f6z\u00e9se miatt a gyermekk\u00f6nyvt\u00e1r az addigi olvas\u00f3terem helyis\u00e9g\u00e9be k\u00f6lt\u00f6z\u00f6tt. A k\u00f6nyvt\u00e1r teljes alapter\u00fclete 750 m2-r\u0151l 600 m2-re, azaz 20%-kal cs\u00f6kkent, \u00edgy a k\u00f6lt\u00f6z\u00e9st bels\u0151 \u00e1talak\u00edt\u00e1sok, \u00e1tszervez\u00e9sek el\u0151zt\u00e9k meg. A&nbsp;<strong>lin\u00f3leum<\/strong>&nbsp;cser\u00e9re szorult, \u00e9s a&nbsp;<strong>falak fest\u00e9se<\/strong>&nbsp;is elengedhetetlen volt, ezek voltak az \u00e1tk\u00f6lt\u00f6z\u00e9s \u00e9s fel\u00faj\u00edt\u00e1s els\u0151 l\u00e9p\u00e9sei. Mivel az olvas\u00f3terem volt a k\u00f6nyvt\u00e1r rendezv\u00e9nytere is, a gyermekk\u00f6nyvt\u00e1r \u00e1talak\u00edt\u00e1sakor erre is figyelemmel kellett lenn\u00fcnk, hiszen itt rendezz\u00fck meg az \u00edr\u00f3-olvas\u00f3 tal\u00e1lkoz\u00f3kt\u00f3l \u00e9s koncertekt\u0151l kezdve az el\u0151ad\u00e1sokon \u00e1t eg\u00e9szen a nagyobb klubfoglalkoz\u00e1sokig a k\u00f6nyvt\u00e1r minden programj\u00e1t, az \u00f3vodai csoportoknak, iskolai oszt\u00e1lyoknak szervezett rendszeres gyermekk\u00f6nyvt\u00e1ri foglalkoz\u00e1sokr\u00f3l m\u00e1r nem is besz\u00e9lve. Ez\u00e9rt kialak\u00edt\u00e1sra ker\u00fclt egy&nbsp;<strong>\u00e1lland\u00f3, l\u00e9pcs\u0151s dobog\u00f3<\/strong>&nbsp;a gyermekk\u00f6nyvt\u00e1r h\u00e1ts\u00f3 r\u00e9sz\u00e9ben, ahol rendezv\u00e9ny eset\u00e9n a vend\u00e9gek, el\u0151ad\u00f3k \u00fclhetnek le, a h\u00e9tk\u00f6znapokon pedig a kisebb b\u00fatorokat, sz\u00ednes p\u00e1rn\u00e1kat kihelyezve a gyermekek vehetik azt ig\u00e9nybe. A dobog\u00f3 hull\u00e1mos alakj\u00e1val utal az eredeti tervre, Gyop\u00e1rka t\u00fcnd\u00e9r tavi vil\u00e1g\u00e1ra.&nbsp;<strong>Gyop\u00e1rka t\u00fcnd\u00e9r alakja \u00e9s vil\u00e1ga megjelenik a falra felfestve \u00e9s az oszlopokon is. A bels\u0151 t\u00e9rben elhelyezett \u00faj polcok gurul\u00f3s, \u00fagynevezett \u00fasz\u00f3polcok, az asztalok, sz\u00e9kek ugyancsak k\u00f6nnyen mozd\u00edthat\u00f3ak<\/strong>, hogy rendezv\u00e9nyek eset\u00e9n egyszer\u0171en \u00e9s gyorsan \u00e1t lehessen rendezni a teret. A gyermekk\u00f6nyvt\u00e1rban&nbsp;<strong>a fali polcokat, valamint a k\u00f6nyvt\u00e1rospultot is kicser\u00e9lt\u00fck egy kisebbre, illetve \u00faj, aj\u00e1nl\u00f3 polcokat is k\u00e9sz\u00edttett\u00fcnk<\/strong>. A polcokra \u00edgy \u00f6sszess\u00e9g\u00e9ben t\u00f6bb k\u00f6nyv f\u00e9r el, a kisebb k\u00f6nyvt\u00e1rospultnak k\u00f6sz\u00f6nhet\u0151en pedig nagyobb lett az olvas\u00f3i t\u00e9r. A megl\u00e9v\u0151 m\u0171anyag fel\u00fclet\u0171 sz\u00e9keinket megtartottuk, de<strong>&nbsp;\u00faj \u00fcl\u0151p\u00e1rn\u00e1kat varrattunk<\/strong>&nbsp;r\u00e1juk, ez k\u00fcl\u00f6n\u00f6sen a h\u0171v\u00f6sebb id\u0151szakban jelent nagyobb k\u00e9nyelmet. Szint\u00e9n a rendezv\u00e9nyek miatt v\u00e1lt fontoss\u00e1, hogy \u00e1lland\u00f3 jelleggel a rendelkez\u00e9s\u00fcnkre \u00e1lljon egy&nbsp;<strong>be\u00e9p\u00edtett projektor mennyezeti konzollal, motoros vet\u00edt\u0151v\u00e1szonnal, hangos\u00edt\u00e1ssal<\/strong>. A t\u00e1mogat\u00e1snak k\u00f6sz\u00f6nhet\u0151en&nbsp;<strong>egys\u00e9gesebb\u00e9 v\u00e1lt a feln\u0151tt k\u00f6nyvt\u00e1r is<\/strong>, ahol a legr\u00e9gebbi, m\u00e9g a m\u00falt sz\u00e1zad k\u00f6zep\u00e9b\u0151l itt maradt polcokat tudtuk most lecser\u00e9lni. A tervek min\u00e9l teljesebb megval\u00f3s\u00edt\u00e1sa, \u00e9s a lecs\u00f6kkent alapter\u00fclet miatt lemondtunk az eredetileg tervezett bels\u0151\u00e9p\u00edt\u00e9sz munk\u00e1j\u00e1r\u00f3l. Ugyanakkor &#8211; b\u00e1r az eredeti tervekben err\u0151l m\u00e9g nem volt sz\u00f3, de reag\u00e1lva a k\u00f6r\u00fcl\u00f6tt\u00fcnk zajl\u00f3 v\u00e1ltoz\u00e1sokra &#8211;&nbsp;<strong>a vil\u00e1g\u00edt\u00e1st illet\u0151en teljesk\u00f6r\u0171 energetikai fel\u00faj\u00edt\u00e1st v\u00e9gezt\u00fcnk el<\/strong>: ahol lehetett, a be\u00e9p\u00edtett armat\u00far\u00e1kat a neon f\u00e9nycs\u00f6vekkel egy\u00fctt LED-panelekre cser\u00e9lt\u00fck, ahol pedig ez nem volt gazdas\u00e1gosan megoldhat\u00f3, ott magukat a neoncs\u00f6veket cser\u00e9lt\u00fck le LED-cs\u00f6vekre. Ez\u00e1ltal &#8211; jelent\u0151sen er\u0151sebb f\u00e9nyt biztos\u00edtva &#8211; \u00f6sszess\u00e9g\u00e9ben&nbsp;<strong>mintegy 50%-kal cs\u00f6kkentett\u00fck \u00e9ves \u00e1ramfogyaszt\u00e1sunkat<\/strong>.<\/p>\n\n\n\n<p>Fontos kiemelni, hogy a folyamatos munk\u00e1latok ellen\u00e9re nem z\u00e1rtunk be, szolg\u00e1ltat\u00e1saink, dokumentumaink el\u00e9rhet\u0151ek voltak, mind\u00f6ssze kevesebb rendezv\u00e9nyt szervezt\u00fcnk az utols\u00f3 h\u00f3napokban.<\/p>\n\n\n\n<p>H\u00e1l\u00e1san k\u00f6sz\u00f6nj\u00fck a&nbsp;<strong>Kultur\u00e1lis \u00e9s Innov\u00e1ci\u00f3s Miniszt\u00e9riumnak<\/strong>&nbsp;a meg\u00edt\u00e9lt t\u00e1mogat\u00e1st, \u00e9s a rugalmass\u00e1got a megval\u00f3s\u00edt\u00e1s\u00e1t illet\u0151en.&nbsp;K\u00f6sz\u00f6nj\u00fck&nbsp;<strong>a polg\u00e1rmesteri hivatal munkat\u00e1rsainak<\/strong>&nbsp;a p\u00e1ly\u00e1zat lebonyol\u00edt\u00e1s\u00e1t, megval\u00f3s\u00edt\u00e1s\u00e1t.&nbsp;<strong>\u00c9s k\u00f6sz\u00f6nj\u00fck a kivitelez\u0151k munk\u00e1j\u00e1t, b\u00fcszk\u00e9n mondhatjuk, hogy minden fejleszt\u00e9st orosh\u00e1zi v\u00e1llalkoz\u00f3k seg\u00edts\u00e9g\u00e9vel tudtunk megval\u00f3s\u00edtani.<\/strong><\/p>\n\n\n\n<ul class=\"wp-block-list\"><li>A k\u00f6nyvt\u00e1r bels\u0151 falfel\u00fclet\u00e9nek el\u0151k\u00e9sz\u00edt\u00e9se \u00e9s fest\u00e9se. Kivitelez\u0151: Oros-K\u00e9szh\u00e1z Kft.<\/li><li>PVC padl\u00f3 burkolat\u00e1nak jav\u00edt\u00e1sa. Kivitelez\u0151: Hati-Aladin Kft.<\/li><li>\u00dcl\u0151p\u00e1rn\u00e1k k\u00e9sz\u00edt\u00e9se. Kivitelez\u0151: J\u00e1mbor Rudolf ev.<\/li><li>B\u00fatorok k\u00e9sz\u00edt\u00e9se, beszerel\u00e9se. Kivitelez\u0151: Csap\u00f3 B\u00fator Kft.<\/li><li>Vil\u00e1g\u00edt\u00e1s fel\u00faj\u00edt\u00e1s \u00e9s projektor beszerz\u00e9se, be\u00fczemel\u00e9se. Kivitelez\u0151: Helbert J\u00f3zsef Tibor ev.<\/li><li>Bels\u0151 falfel\u00fcletek fest\u00e9se, dekor\u00e1ci\u00f3 (Gyop\u00e1rka t\u00fcnd\u00e9r t\u00f6rt\u00e9nete). Kivitelez\u0151: Mester Kata <\/li><\/ul>\n<div class=\"fcbkbttn_buttons_block\" id=\"fcbkbttn_left\"><div class=\"fcbkbttn_like \"><fb:like href=\"https:\/\/blog.justhvk.hu\/blog\/infrastrukturalis-fejlesztesek-a-justh-zsigmond-varosi-konyvtarban\/\" action=\"like\" colorscheme=\"light\" layout=\"button_count\"  size=\"small\"><\/fb:like><\/div><div class=\"fb-share-button  \" data-href=\"https:\/\/blog.justhvk.hu\/blog\/infrastrukturalis-fejlesztesek-a-justh-zsigmond-varosi-konyvtarban\/\" data-type=\"button_count\" data-size=\"small\"><\/div><\/div>","protected":false},"excerpt":{"rendered":"<p>2023 j\u00fanius\u00e1ban hivatalosan is befejez\u0151d\u00f6tt a Justh Zsigmond V\u00e1rosi K\u00f6nyvt\u00e1r gyermekk\u00f6nyvt\u00e1r\u00e1nak fel\u00faj\u00edt\u00e1sa \u00e9s fejleszt\u00e9se, mely az Emberi Er\u0151forr\u00e1sok Miniszt\u00e9riuma 15 milli\u00f3 forintos t\u00e1mogat\u00e1s\u00e1b\u00f3l val\u00f3sult meg. Ma d\u00e9lel\u0151tt egy sajt\u00f3t\u00e1j\u00e9koztat\u00f3 keretein bel\u00fcl mutattuk be az el\u0151zm\u00e9nyeket \u00e9s az eredm\u00e9nyeket.<\/p>\n","protected":false},"author":5,"featured_media":26303,"comment_status":"open","ping_status":"open","sticky":false,"template":"","format":"standard","meta":{"episode_type":"","audio_file":"","cover_image":"","cover_image_id":"","duration":"","filesize":"","date_recorded":"","explicit":"","block":"","filesize_raw":"","ngg_post_thumbnail":0,"footnotes":""},"categories":[1002,1060,186,255,452],"tags":[],"class_list":["post-26302","post","type-post","status-publish","format-standard","has-post-thumbnail","hentry","category-emberi-eroforrasok-miniszteriuma","category-felujitas","category-gyermekkonyvtar","category-justh-zsigmond-varosi-konyvtar","category-oroshaza"],"_links":{"self":[{"href":"https:\/\/blog.justhvk.hu\/blog\/wp-json\/wp\/v2\/posts\/26302","targetHints":{"allow":["GET"]}}],"collection":[{"href":"https:\/\/blog.justhvk.hu\/blog\/wp-json\/wp\/v2\/posts"}],"about":[{"href":"https:\/\/blog.justhvk.hu\/blog\/wp-json\/wp\/v2\/types\/post"}],"author":[{"embeddable":true,"href":"https:\/\/blog.justhvk.hu\/blog\/wp-json\/wp\/v2\/users\/5"}],"replies":[{"embeddable":true,"href":"https:\/\/blog.justhvk.hu\/blog\/wp-json\/wp\/v2\/comments?post=26302"}],"version-history":[{"count":4,"href":"https:\/\/blog.justhvk.hu\/blog\/wp-json\/wp\/v2\/posts\/26302\/revisions"}],"predecessor-version":[{"id":26307,"href":"https:\/\/blog.justhvk.hu\/blog\/wp-json\/wp\/v2\/posts\/26302\/revisions\/26307"}],"wp:featuredmedia":[{"embeddable":true,"href":"https:\/\/blog.justhvk.hu\/blog\/wp-json\/wp\/v2\/media\/26303"}],"wp:attachment":[{"href":"https:\/\/blog.justhvk.hu\/blog\/wp-json\/wp\/v2\/media?parent=26302"}],"wp:term":[{"taxonomy":"category","embeddable":true,"href":"https:\/\/blog.justhvk.hu\/blog\/wp-json\/wp\/v2\/categories?post=26302"},{"taxonomy":"post_tag","embeddable":true,"href":"https:\/\/blog.justhvk.hu\/blog\/wp-json\/wp\/v2\/tags?post=26302"}],"curies":[{"name":"wp","href":"https:\/\/api.w.org\/{rel}","templated":true}]}}