{"id":2636,"date":"2010-02-15T14:51:38","date_gmt":"2010-02-15T13:51:38","guid":{"rendered":"http:\/\/blog.justhvk.hu\/?p=2636"},"modified":"2010-02-15T14:51:38","modified_gmt":"2010-02-15T13:51:38","slug":"szeghalmi-es-oroshazi-dicsoseg","status":"publish","type":"post","link":"https:\/\/blog.justhvk.hu\/blog\/szeghalmi-es-oroshazi-dicsoseg\/","title":{"rendered":"Szeghalmi \u00e9s orosh\u00e1zi dics\u0151s\u00e9g"},"content":{"rendered":"<p><a href=\"http:\/\/picasaweb.google.hu\/justhvk\/JusthZsigmondVersEsProzamondoVerseny02#\"><img loading=\"lazy\" decoding=\"async\" class=\"alignleft size-medium wp-image-2637\" title=\"szaval\u00f3k\" src=\"http:\/\/192.168.10.245\/wp-content\/uploads\/2010\/02\/DSCF0008-300x225.jpg\" alt=\"szaval\u00f3k\" width=\"226\" height=\"169\" \/><\/a>2001-ben szervezte meg el\u0151sz\u00f6r k\u00f6nyvt\u00e1runk az int\u00e9zm\u00e9ny n\u00e9vad\u00f3j\u00e1r\u00f3l elnevezett Justh Zsigmond vers- \u00e9s pr\u00f3zamond\u00f3 versenyt. A most tizedik alkalommal megrendezett, az \u00edr\u00f3 sz\u00fclet\u00e9si \u00e9vfordul\u00f3j\u00e1hoz (febru\u00e1r 16.) kapcsol\u00f3d\u00f3 rendezv\u00e9nyre ez\u00fattal m\u00e1r nem csak B\u00e9k\u00e9s, hanem Csongr\u00e1d megyei di\u00e1kok is jelentkezhettek, \u00edgy a h\u00e9tf\u0151i versenyen a 9-10. \u00e9vfolyamosokn\u00e1l tizennyolcan, a 11-12. \u00e9vfolyamosokn\u00e1l pedig tizenh\u00e1rman adt\u00e1k el\u0151 v\u00e1lasztott irodalmi alkot\u00e1sukat a zs\u0171ri (<em>Bert\u00e1n\u00e9 Hal\u00e1sz Edit, J\u00f3zsa Mih\u00e1ly <\/em>\u00e9s <em>Zalai Mih\u00e1ly<\/em>),\u00a0 valamint a szaval\u00f3t\u00e1rsak el\u0151tt.<\/p>\n<p>Az eredm\u00e9nyhirdet\u00e9st megel\u0151z\u0151 \u00e9rt\u00e9kel\u0151j\u00e9ben a zs\u0171ri eln\u00f6ke, J\u00f3zsa Mih\u00e1ly megjegyezte: gyakorlatilag k\u00e9t k\u00fcl\u00f6n versenyt l\u00e1thatott a k\u00f6z\u00f6ns\u00e9g, hiszen jelent\u0151s k\u00fcl\u00f6nbs\u00e9g volt a k\u00e9t korcsoport sz\u00ednvonala k\u00f6z\u00f6tt. M\u00edg a 9-10. \u00e9vfolyamosokn\u00e1l &#8211; egy-k\u00e9t kiugr\u00f3an j\u00f3 teljes\u00edtm\u00e9nyt\u0151l eltekintve &#8211; egyform\u00e1n alacsony, addig a nagyobbak mez\u0151ny\u00e9ben egyform\u00e1n magas sz\u00ednvonal\u00fa el\u0151ad\u00e1sok nehez\u00edtett\u00e9k meg a zs\u0171ri dolg\u00e1t. J\u00f3zsa Mih\u00e1ly minden versenyz\u0151nek megk\u00f6sz\u00f6nte, hogy foglalkoznak a versekkel \u00e9s a versmond\u00e1ssal, \u00e9s mindenkit b\u00edztatott a folytat\u00e1sra, ugyanakkor a legjellemz\u0151bb hib\u00e1kr\u00f3l is sz\u00f3t ejtett. Ezek k\u00f6z\u00f6tt megeml\u00edtette a halk el\u0151ad\u00e1sm\u00f3dot, a k\u00f6lt\u0151k nev\u00e9nek rossz hangs\u00falyoz\u00e1s\u00e1t, valamint t\u00f6bbsz\u00f6r is kiemelte a versv\u00e1laszt\u00e1s fontoss\u00e1g\u00e1t.<\/p>\n<p>A verseny v\u00e9g\u00e9n &#8211; mondhatni, a hagyom\u00e1nyoknak megfelel\u0151en &#8211; a di\u00e1kok egy\u00e9ni \u00e9rt\u00e9kel\u00e9st is k\u00e9rhettek a zs\u0171ri tagjait\u00f3l.<\/p>\n<p><strong>V\u00e9geredm\u00e9ny. 9-10. \u00e9vfolyam:<\/strong><\/p>\n<p><strong>1. Szab\u00f3 Kinga<\/strong> (Szeghalom, P\u00e9ter Andr\u00e1s Gimn\u00e1zium \u00e9s Szigeti Endre Szakk\u00e9pz\u0151 Iskola, felk\u00e9sz\u00edt\u0151 tan\u00e1r: T\u00f3th Anita).<\/p>\n<p><strong>2. Szij\u00e1rt\u00f3 Szilvia<\/strong> (Szarvas, SZVKKI Vajda P\u00e9ter Gimn\u00e1zium, Szakk\u00f6z\u00e9piskola \u00e9s Koll\u00e9gium, felk\u00e9sz\u00edt\u0151 tan\u00e1r: Lauk\u00f3n\u00e9 Adamik Edit).<\/p>\n<p><strong>3. Kov\u00e1cs Alexa<\/strong> (B\u00e9k\u00e9scsaba, G\u00e9p\u00e9szeti \u00e9s Sz\u00e1m\u00edt\u00e1stechnikai Szakk\u00f6z\u00e9piskola \u00e9s Koll\u00e9gium, felk\u00e9sz\u00edt\u0151 tan\u00e1r: P\u00f3czi Zita) \u00e9s<\/p>\n<p><strong>3. Harmati Gr\u00e9ta \u00c1gnes<\/strong> (Szarvas, SZVKKI Vajda P\u00e9ter Gimn\u00e1zium, Szakk\u00f6z\u00e9piskola \u00e9s Koll\u00e9gium, felk\u00e9sz\u00edt\u0151 tan\u00e1r: Lauk\u00f3n\u00e9 Adamik Edit).<\/p>\n<p><strong>11-12. \u00e9vfolyam:<\/strong><\/p>\n<p><strong>1. Bereczki Bianka<\/strong> (Orosh\u00e1za, T\u00e1ncsics Mih\u00e1ly Gimn\u00e1zium \u00e9s Szakk\u00f6z\u00e9piskola, felk\u00e9sz\u00edt\u0151 tan\u00e1r: Kaczk\u00f3n\u00e9 Korim Olga).<\/p>\n<p><strong>2. T\u00f3th Kata<\/strong> (Szeghalom, P\u00e9ter Andr\u00e1s Gimn\u00e1zium \u00e9s Szigeti Endre Szakk\u00e9pz\u0151 Iskola, felk\u00e9sz\u00edt\u0151 tan\u00e1r: T\u00f3th Anita).<\/p>\n<p><strong>3. Szab\u00f3 Jusztina<\/strong> (B\u00e9k\u00e9scsaba, B\u00c9KSZI Zwack J\u00f3zsef Kereskedelmi \u00e9s Vend\u00e9gl\u00e1t\u00f3ipari Tagiskola, felk\u00e9sz\u00edt\u0151 tan\u00e1r: V\u00e1rfalvin\u00e9 Vincze \u00c1gnes).<\/p>\n<p><strong>K\u00fcl\u00f6nd\u00edj: Aradi Zsolt <\/strong>(Csongr\u00e1d, B\u00e1rsony Istv\u00e1n Szakk\u00f6z\u00e9piskola, felk\u00e9sz\u00edt\u0151 tan\u00e1r: Tyuk\u00e1sz Katalin), \u00e9s <strong>Varga Csaba<\/strong> (K\u00e9tegyh\u00e1za, FVM ASZK Szakk\u00e9pz\u0151 Iskola, felk\u00e9sz\u00edt\u0151 tan\u00e1r: Zombai Attila).<\/p>\n<p>A szaval\u00f3verseny megrendez\u00e9s\u00e9t az <strong>Es\u00e9lyegyenl\u0151s\u00e9g a Tehets\u00e9ges Fiatalok\u00e9rt Alap\u00edtv\u00e1ny<\/strong> t\u00e1mogatta.<\/p>\n<p>A versenyen k\u00e9sz\u00fclt fot\u00f3k <a href=\"http:\/\/picasaweb.google.hu\/justhvk\/JusthZsigmondVersEsProzamondoVerseny02#\">ide kattintva<\/a> tekinthet\u0151k meg.<\/p>\n<div class=\"fcbkbttn_buttons_block\" id=\"fcbkbttn_left\"><div class=\"fcbkbttn_like \"><fb:like href=\"https:\/\/blog.justhvk.hu\/blog\/szeghalmi-es-oroshazi-dicsoseg\/\" action=\"like\" colorscheme=\"light\" layout=\"button_count\"  size=\"small\"><\/fb:like><\/div><div class=\"fb-share-button  \" data-href=\"https:\/\/blog.justhvk.hu\/blog\/szeghalmi-es-oroshazi-dicsoseg\/\" data-type=\"button_count\" data-size=\"small\"><\/div><\/div>","protected":false},"excerpt":{"rendered":"<p>2001-ben szervezte meg el\u0151sz\u00f6r k\u00f6nyvt\u00e1runk az int\u00e9zm\u00e9ny n\u00e9vad\u00f3j\u00e1r\u00f3l elnevezett Justh Zsigmond vers- \u00e9s pr\u00f3zamond\u00f3 versenyt. A most tizedik alkalommal megrendezett, az \u00edr\u00f3 sz\u00fclet\u00e9si \u00e9vfordul\u00f3j\u00e1hoz (febru\u00e1r 16.) kapcsol\u00f3d\u00f3 rendezv\u00e9nyre ez\u00fattal m\u00e1r nem csak B\u00e9k\u00e9s, hanem Csongr\u00e1d megyei di\u00e1kok is jelentkezhettek, \u00edgy a h\u00e9tf\u0151i versenyen a 9-10. \u00e9vfolyamosokn\u00e1l tizennyolcan, a 11-12. \u00e9vfolyamosokn\u00e1l pedig tizenh\u00e1rman adt\u00e1k el\u0151 v\u00e1lasztott [&hellip;]<\/p>\n","protected":false},"author":5,"featured_media":0,"comment_status":"open","ping_status":"open","sticky":false,"template":"","format":"standard","meta":{"episode_type":"","audio_file":"","cover_image":"","cover_image_id":"","duration":"","filesize":"","date_recorded":"","explicit":"","block":"","filesize_raw":"","ngg_post_thumbnail":0,"footnotes":""},"categories":[254,255,452,558],"tags":[799],"class_list":["post-2636","post","type-post","status-publish","format-standard","hentry","category-justh-zsigmond","category-justh-zsigmond-varosi-konyvtar","category-oroshaza","category-szavaloverseny","tag-justh-zsigmond-varosi-konyvtar"],"_links":{"self":[{"href":"https:\/\/blog.justhvk.hu\/blog\/wp-json\/wp\/v2\/posts\/2636","targetHints":{"allow":["GET"]}}],"collection":[{"href":"https:\/\/blog.justhvk.hu\/blog\/wp-json\/wp\/v2\/posts"}],"about":[{"href":"https:\/\/blog.justhvk.hu\/blog\/wp-json\/wp\/v2\/types\/post"}],"author":[{"embeddable":true,"href":"https:\/\/blog.justhvk.hu\/blog\/wp-json\/wp\/v2\/users\/5"}],"replies":[{"embeddable":true,"href":"https:\/\/blog.justhvk.hu\/blog\/wp-json\/wp\/v2\/comments?post=2636"}],"version-history":[{"count":0,"href":"https:\/\/blog.justhvk.hu\/blog\/wp-json\/wp\/v2\/posts\/2636\/revisions"}],"wp:attachment":[{"href":"https:\/\/blog.justhvk.hu\/blog\/wp-json\/wp\/v2\/media?parent=2636"}],"wp:term":[{"taxonomy":"category","embeddable":true,"href":"https:\/\/blog.justhvk.hu\/blog\/wp-json\/wp\/v2\/categories?post=2636"},{"taxonomy":"post_tag","embeddable":true,"href":"https:\/\/blog.justhvk.hu\/blog\/wp-json\/wp\/v2\/tags?post=2636"}],"curies":[{"name":"wp","href":"https:\/\/api.w.org\/{rel}","templated":true}]}}