{"id":27286,"date":"2023-12-01T08:04:46","date_gmt":"2023-12-01T08:04:46","guid":{"rendered":"https:\/\/blog.justhvk.hu\/blog\/?p=27286"},"modified":"2023-12-01T08:04:46","modified_gmt":"2023-12-01T08:04:46","slug":"rolunk-irtak-394","status":"publish","type":"post","link":"https:\/\/blog.justhvk.hu\/blog\/rolunk-irtak-394\/","title":{"rendered":"R\u00f3lunk \u00edrt\u00e1k"},"content":{"rendered":"\n<p id=\"block-8c812f6d-6484-43da-8e1e-60852e6a19e9\">Novemberi cikkek, tud\u00f3s\u00edt\u00e1sok r\u00f3lunk! <span class=\"has-inline-color has-white-color\">M\u00e1r csak egy kattint\u00e1s\u2026 klikkelj a c\u00edmre!<\/span><\/p>\n\n\n\n<!--more-->\n\n\n\n<ul class=\"wp-block-list\" id=\"block-71e0f4e9-4fc2-43d2-84cf-de0ef8196f0d\"><li>S\u00fcnit varrtak, t\u00f6k h\u0171t\u0151m\u00e1gnest k\u00e9sz\u00edtettek a gyerekek a k\u00f6nyvt\u00e1rban \/ Husz\u00e1rik D\u00f3ra. &#8211; In. OrosCaf\u00e9 (2023. november 1.) [<a href=\"https:\/\/oroscafe.hu\/2023\/11\/01\/oroshaza-hirek-gyermekkonyvtar-kezmuves-foglalkozas-osz-halloween-tok-denever-sundiszno-kreativ-gyerek-csalad-disz\/\">https:\/\/oroscafe.hu\/2023\/11\/01\/oroshaza-hirek-gyermekkonyvtar-kezmuves-foglalkozas-osz-halloween-tok-denever-sundiszno-kreativ-gyerek-csalad-disz\/<\/a>] <\/li><li>V\u00e1rmegyei programaj\u00e1nl\u00f3. \u2013 In. B\u00e9k\u00e9s Megyei H\u00edrlap, 78. \u00e9vf., 256. sz. (2023. november 3.). \u2013 p. 5.<\/li><li>Halloweeni k\u00e9zm\u0171ves j\u00e1tsz\u00f3h\u00e1z. R\u00e9szlet az Orosh\u00e1zi V\u00e1rosi Telev\u00edzi\u00f3 2023. november 4-i H\u00edrad\u00f3j\u00e1b\u00f3l [<a href=\"https:\/\/youtu.be\/NmcJLsp2j08?si=5PQBTko3HWCxTAql&amp;t=507\">https:\/\/youtu.be\/NmcJLsp2j08?si=5PQBTko3HWCxTAql&amp;t=507<\/a>]<\/li><li>Felid\u00e9zt\u00e9k, hogy mit is l\u00e1tott id\u00e9n a kamer\u00e1juk \/ Bojtor Zal\u00e1n. &#8211; In. OrosCaf\u00e9 (2023. november 8.) [<a href=\"https:\/\/oroscafe.hu\/2023\/11\/08\/oroshazi-hirek-justh-zsigmond-konyvtar-felideztek-hogy-mit-is-latott-iden-a-kamerajuk\/\">https:\/\/oroscafe.hu\/2023\/11\/08\/oroshazi-hirek-justh-zsigmond-konyvtar-felideztek-hogy-mit-is-latott-iden-a-kamerajuk\/<\/a>] <\/li><li>\u0150szi hangulatban telt a k\u00e9zm\u0171ves d\u00e9lel\u0151tt \/ Husz\u00e1rik D\u00f3ra. \u2013 In. Orosh\u00e1zi \u00c9let, 27. \u00e9vf., 39. sz. (2023. november 10.). \u2013 p. 6. <\/li><li>Programaj\u00e1nl\u00f3. \u2013 In. Orosh\u00e1zi \u00c9let, 27. \u00e9vf., 40. sz. (2023. november 17.). \u2013 p. 5.<\/li><li>V\u00e1rmegyei programaj\u00e1nl\u00f3. \u2013 In. B\u00e9k\u00e9s Megyei H\u00edrlap, 78. \u00e9vf., 268. sz. (2023. november 17.). \u2013 p. 5. <\/li><li>Hogyan alakul az \u00faj gener\u00e1ci\u00f3k \u00e9s a kult\u00fara kapcsolata? \/ Husz\u00e1rik D\u00f3ra. &#8211; In. OrosCaf\u00e9 (2023. november 26.) [<a href=\"https:\/\/oroscafe.hu\/2023\/11\/26\/oroshaza-hirek-kodolanyi-janos-egyetem-magyar-tudomany-unnepe-nagy-gyula-teruleti-muzeum-justh-zsigmond-varosi-konyvtar-petofi-muvelodesi-kozpont-kultura-generacio-valtozas\/\">https:\/\/oroscafe.hu\/2023\/11\/26\/oroshaza-hirek-kodolanyi-janos-egyetem-magyar-tudomany-unnepe-nagy-gyula-teruleti-muzeum-justh-zsigmond-varosi-konyvtar-petofi-muvelodesi-kozpont-kultura-generacio-valtozas\/<\/a>] <\/li><li>Magyar tudom\u00e1ny \u00fcnnepe. R\u00e9szlet az Orosh\u00e1zi V\u00e1rosi Telev\u00edzi\u00f3 2023. november 28-i H\u00edrad\u00f3j\u00e1b\u00f3l [<a href=\"https:\/\/youtu.be\/WUdFqQ22A7s?si=lQjBL--lOm9hejmi\">https:\/\/youtu.be\/WUdFqQ22A7s?si=lQjBL&#8211;lOm9hejmi<\/a>]<\/li><\/ul>\n\n\n\n<p><em>Kiemelt k\u00e9p:&nbsp;<a href=\"https:\/\/oroscafe.hu\/2023\/11\/08\/oroshazi-hirek-justh-zsigmond-konyvtar-felideztek-hogy-mit-is-latott-iden-a-kamerajuk\/\">OrosCaf\u00e9<\/a><\/em> <\/p>\n<div class=\"fcbkbttn_buttons_block\" id=\"fcbkbttn_left\"><div class=\"fcbkbttn_like \"><fb:like href=\"https:\/\/blog.justhvk.hu\/blog\/rolunk-irtak-394\/\" action=\"like\" colorscheme=\"light\" layout=\"button_count\"  size=\"small\"><\/fb:like><\/div><div class=\"fb-share-button  \" data-href=\"https:\/\/blog.justhvk.hu\/blog\/rolunk-irtak-394\/\" data-type=\"button_count\" data-size=\"small\"><\/div><\/div>","protected":false},"excerpt":{"rendered":"<p>Novemberi cikkek, tud\u00f3s\u00edt\u00e1sok r\u00f3lunk! M\u00e1r csak egy kattint\u00e1s\u2026 klikkelj a c\u00edmre!<\/p>\n","protected":false},"author":5,"featured_media":27316,"comment_status":"open","ping_status":"open","sticky":false,"template":"","format":"standard","meta":{"episode_type":"","audio_file":"","cover_image":"","cover_image_id":"","duration":"","filesize":"","date_recorded":"","explicit":"","block":"","filesize_raw":"","ngg_post_thumbnail":0,"footnotes":""},"categories":[83,186,244,255,933,452,503,515,528,597,660],"tags":[],"class_list":["post-27286","post","type-post","status-publish","format-standard","has-post-thumbnail","hentry","category-buzai-csaba","category-gyermekkonyvtar","category-jatszohaz","category-justh-zsigmond-varosi-konyvtar","category-kodolanyi-janos-egyetem","category-oroshaza","category-programajanlo","category-rolunk_irtak","category-sajtofigyeles","category-torkoly-jozsef","category-zenei-konyvtar"],"_links":{"self":[{"href":"https:\/\/blog.justhvk.hu\/blog\/wp-json\/wp\/v2\/posts\/27286","targetHints":{"allow":["GET"]}}],"collection":[{"href":"https:\/\/blog.justhvk.hu\/blog\/wp-json\/wp\/v2\/posts"}],"about":[{"href":"https:\/\/blog.justhvk.hu\/blog\/wp-json\/wp\/v2\/types\/post"}],"author":[{"embeddable":true,"href":"https:\/\/blog.justhvk.hu\/blog\/wp-json\/wp\/v2\/users\/5"}],"replies":[{"embeddable":true,"href":"https:\/\/blog.justhvk.hu\/blog\/wp-json\/wp\/v2\/comments?post=27286"}],"version-history":[{"count":10,"href":"https:\/\/blog.justhvk.hu\/blog\/wp-json\/wp\/v2\/posts\/27286\/revisions"}],"predecessor-version":[{"id":27492,"href":"https:\/\/blog.justhvk.hu\/blog\/wp-json\/wp\/v2\/posts\/27286\/revisions\/27492"}],"wp:featuredmedia":[{"embeddable":true,"href":"https:\/\/blog.justhvk.hu\/blog\/wp-json\/wp\/v2\/media\/27316"}],"wp:attachment":[{"href":"https:\/\/blog.justhvk.hu\/blog\/wp-json\/wp\/v2\/media?parent=27286"}],"wp:term":[{"taxonomy":"category","embeddable":true,"href":"https:\/\/blog.justhvk.hu\/blog\/wp-json\/wp\/v2\/categories?post=27286"},{"taxonomy":"post_tag","embeddable":true,"href":"https:\/\/blog.justhvk.hu\/blog\/wp-json\/wp\/v2\/tags?post=27286"}],"curies":[{"name":"wp","href":"https:\/\/api.w.org\/{rel}","templated":true}]}}