{"id":27294,"date":"2023-11-03T13:56:24","date_gmt":"2023-11-03T13:56:24","guid":{"rendered":"https:\/\/blog.justhvk.hu\/blog\/?p=27294"},"modified":"2023-11-07T09:42:43","modified_gmt":"2023-11-07T09:42:43","slug":"keszits-a-konyvtarnak-szuletesnapi-konyvjelzot","status":"publish","type":"post","link":"https:\/\/blog.justhvk.hu\/blog\/keszits-a-konyvtarnak-szuletesnapi-konyvjelzot\/","title":{"rendered":"K\u00e9sz\u00edts a k\u00f6nyvt\u00e1rnak sz\u00fclet\u00e9snapi k\u00f6nyvjelz\u0151t!"},"content":{"rendered":"\n<p>A Justh Zsigmond V\u00e1rosi K\u00f6nyvt\u00e1r rajzp\u00e1ly\u00e1zatot hirdet&nbsp;\u00e1ltal\u00e1nos iskol\u00e1s kor\u00fa gyermekek sz\u00e1m\u00e1ra. <\/p>\n\n\n\n<p>A k\u00f6nyvt\u00e1r 2024-ben \u00fcnnepli alap\u00edt\u00e1s\u00e1nak 75. \u00e9vfordul\u00f3j\u00e1t, ebb\u0151l az alkalomb\u00f3l k\u00f6nyvjelz\u0151k\u00e9sz\u00edt\u0151 p\u00e1ly\u00e1zatunk t\u00e9m\u00e1ja a <strong>sz\u00fclet\u00e9snap<\/strong>! <\/p>\n\n\n\n<!--more-->\n\n\n\n<p><strong>Felt\u00e9telek<\/strong><\/p>\n\n\n\n<p><strong>M\u00e9retek<\/strong>:<br>10,5 x 29,7 cm &#8211; A4 hossz\u00e1ban f\u00e9lbev\u00e1gva<br>14,85 x 42 cm &#8211; A3 hossz\u00e1ban f\u00e9lbev\u00e1gva<\/p>\n\n\n\n<p><strong>Ha digit\u00e1lis<\/strong>:<br>minimum: 395 x 1118 px<br>maximum: 1580 x 4470 px<\/p>\n\n\n\n<p><strong>\u00c9letkor<\/strong>: 6-14 \u00e9v<\/p>\n\n\n\n<p><strong>Technika: szabadon v\u00e1lasztott<\/strong> (ceruza, fest\u00e9k, zs\u00edrkr\u00e9ta, filc, sz\u00e1m\u00edt\u00f3g\u00e9p stb.)<\/p>\n\n\n\n<p>Egy gyermek legfeljebb <strong>2<\/strong> rajzzal p\u00e1ly\u00e1zhat!<\/p>\n\n\n\n<p>A p\u00e1lyamunk\u00e1kat<\/p>\n\n\n\n<ul class=\"wp-block-list\"><li>elk\u00fcldhetitek e-mailben (<a href=\"mailto:konyvtar@justhvk.hu\">konyvtar@justhvk.hu<\/a>)<\/li><li>vagy leadhatj\u00e1tok szem\u00e9lyesen is<\/li><\/ul>\n\n\n\n<p><strong>Be\u00e9rkez\u00e9si hat\u00e1rid\u0151<\/strong>: 2023. november 30.<\/p>\n\n\n\n<p>A p\u00e1lyamunk\u00e1kat egy Facebook-gal\u00e9ri\u00e1ba fogjuk felt\u00f6lteni az oldalunkon:&nbsp;<a href=\"https:\/\/www.facebook.com\/justhvk\">facebook.com\/justhvk<\/a><\/p>\n\n\n\n<p>A rajzok k\u00e9sz\u00edt\u0151i k\u00f6z\u00f6tt december 8-\u00e1n, p\u00e9nteken aj\u00e1nd\u00e9kcsomagokat sorsolunk ki! <\/p>\n\n\n\n<p>A k\u00f6nyvjelz\u0151 egyik oldal\u00e1ra a p\u00e1lyamunka ker\u00fcl a k\u00e9sz\u00edt\u0151 nev\u00e9vel \u00e9s \u00e9letkor\u00e1val, a m\u00e1sik oldal\u00e1ra pedig egy 2024-es napt\u00e1r, a k\u00f6nyvt\u00e1r log\u00f3ja \u00e9s az al\u00e1bbi sz\u00f6veg:<br><em>&#8222;K\u00e9rj\u00fck t\u00e1mogassa k\u00f6nyvt\u00e1runkat ad\u00f3ja egy sz\u00e1zal\u00e9k\u00e1val! Ad\u00f3sz\u00e1munk: 16652754-2-04 K\u00f6sz\u00f6nj\u00fck!&#8221;<\/em><\/p>\n\n\n\n<p>Minden be\u00e9rkezett alkot\u00e1sb\u00f3l val\u00f3di k\u00f6nyvjelz\u0151 lesz! <\/p>\n<div class=\"fcbkbttn_buttons_block\" id=\"fcbkbttn_left\"><div class=\"fcbkbttn_like \"><fb:like href=\"https:\/\/blog.justhvk.hu\/blog\/keszits-a-konyvtarnak-szuletesnapi-konyvjelzot\/\" action=\"like\" colorscheme=\"light\" layout=\"button_count\"  size=\"small\"><\/fb:like><\/div><div class=\"fb-share-button  \" data-href=\"https:\/\/blog.justhvk.hu\/blog\/keszits-a-konyvtarnak-szuletesnapi-konyvjelzot\/\" data-type=\"button_count\" data-size=\"small\"><\/div><\/div>","protected":false},"excerpt":{"rendered":"<p>A Justh Zsigmond V\u00e1rosi K\u00f6nyvt\u00e1r rajzp\u00e1ly\u00e1zatot hirdet&nbsp;\u00e1ltal\u00e1nos iskol\u00e1s kor\u00fa gyermekek sz\u00e1m\u00e1ra. A k\u00f6nyvt\u00e1r 2024-ben \u00fcnnepli alap\u00edt\u00e1s\u00e1nak 75. \u00e9vfordul\u00f3j\u00e1t, ebb\u0151l az alkalomb\u00f3l k\u00f6nyvjelz\u0151k\u00e9sz\u00edt\u0151 p\u00e1ly\u00e1zatunk t\u00e9m\u00e1ja a sz\u00fclet\u00e9snap!<\/p>\n","protected":false},"author":5,"featured_media":27300,"comment_status":"open","ping_status":"open","sticky":false,"template":"","format":"standard","meta":{"episode_type":"","audio_file":"","cover_image":"","cover_image_id":"","duration":"","filesize":"","date_recorded":"","explicit":"","block":"","filesize_raw":"","ngg_post_thumbnail":0,"footnotes":""},"categories":[255,288,452,486],"tags":[],"class_list":["post-27294","post","type-post","status-publish","format-standard","has-post-thumbnail","hentry","category-justh-zsigmond-varosi-konyvtar","category-konyvjelzo","category-oroshaza","category-palyazatok"],"_links":{"self":[{"href":"https:\/\/blog.justhvk.hu\/blog\/wp-json\/wp\/v2\/posts\/27294","targetHints":{"allow":["GET"]}}],"collection":[{"href":"https:\/\/blog.justhvk.hu\/blog\/wp-json\/wp\/v2\/posts"}],"about":[{"href":"https:\/\/blog.justhvk.hu\/blog\/wp-json\/wp\/v2\/types\/post"}],"author":[{"embeddable":true,"href":"https:\/\/blog.justhvk.hu\/blog\/wp-json\/wp\/v2\/users\/5"}],"replies":[{"embeddable":true,"href":"https:\/\/blog.justhvk.hu\/blog\/wp-json\/wp\/v2\/comments?post=27294"}],"version-history":[{"count":6,"href":"https:\/\/blog.justhvk.hu\/blog\/wp-json\/wp\/v2\/posts\/27294\/revisions"}],"predecessor-version":[{"id":27305,"href":"https:\/\/blog.justhvk.hu\/blog\/wp-json\/wp\/v2\/posts\/27294\/revisions\/27305"}],"wp:featuredmedia":[{"embeddable":true,"href":"https:\/\/blog.justhvk.hu\/blog\/wp-json\/wp\/v2\/media\/27300"}],"wp:attachment":[{"href":"https:\/\/blog.justhvk.hu\/blog\/wp-json\/wp\/v2\/media?parent=27294"}],"wp:term":[{"taxonomy":"category","embeddable":true,"href":"https:\/\/blog.justhvk.hu\/blog\/wp-json\/wp\/v2\/categories?post=27294"},{"taxonomy":"post_tag","embeddable":true,"href":"https:\/\/blog.justhvk.hu\/blog\/wp-json\/wp\/v2\/tags?post=27294"}],"curies":[{"name":"wp","href":"https:\/\/api.w.org\/{rel}","templated":true}]}}