{"id":291,"date":"2007-10-05T16:27:34","date_gmt":"2007-10-05T15:27:34","guid":{"rendered":"http:\/\/blog.justhvk.hu\/?p=291"},"modified":"2007-10-05T16:27:34","modified_gmt":"2007-10-05T15:27:34","slug":"csoportkep","status":"publish","type":"post","link":"https:\/\/blog.justhvk.hu\/blog\/csoportkep\/","title":{"rendered":"Csoportk\u00e9p"},"content":{"rendered":"<p><a href=\"http:\/\/192.168.10.245\/wp-content\/uploads\/2007\/10\/kep-005.jpg\" title=\"Csoportkep\"><img loading=\"lazy\" decoding=\"async\" src=\"http:\/\/192.168.10.245\/wp-content\/uploads\/2007\/10\/kep-005.jpg\" alt=\"Csoportkep\" align=\"left\" height=\"122\" width=\"159\" \/><\/a><\/p>\n<p>M\u00e9g dolgozik a klaviat\u00fara nagyon, de ma este 8-kor megint v\u00e9ge lesz egy tanfolyamnak, a sokadiknak, itt a k\u00f6nyvt\u00e1rban. \u00dajra bebizonyosodott, hogy ez a napi 4 \u00f3ra pont annyira t\u0171nik soknak eleinte, mint amennyire kev\u00e9snek bizonyul ut\u00f3lag. Egyszer se siker\u00fclt<\/p>\n<p>pontban nyolckor befejezni, j\u00f3, hogy nem vertek meg miatta a hallgat\u00f3k. :)<\/p>\n<p>Remek kis csoport volt ez a mostani, rem\u00e9lem ha m\u00e1sk\u00e9pp nem, online kapcsolatban marad majd a t\u00e1rsas\u00e1g. Az e-mail c\u00edmeket most m\u00e1r tudjuk.<\/p>\n<div class=\"fcbkbttn_buttons_block\" id=\"fcbkbttn_left\"><div class=\"fcbkbttn_like \"><fb:like href=\"https:\/\/blog.justhvk.hu\/blog\/csoportkep\/\" action=\"like\" colorscheme=\"light\" layout=\"button_count\"  size=\"small\"><\/fb:like><\/div><div class=\"fb-share-button  \" data-href=\"https:\/\/blog.justhvk.hu\/blog\/csoportkep\/\" data-type=\"button_count\" data-size=\"small\"><\/div><\/div>","protected":false},"excerpt":{"rendered":"<p>M\u00e9g dolgozik a klaviat\u00fara nagyon, de ma este 8-kor megint v\u00e9ge lesz egy tanfolyamnak, a sokadiknak, itt a k\u00f6nyvt\u00e1rban. \u00dajra bebizonyosodott, hogy ez a napi 4 \u00f3ra pont annyira t\u0171nik soknak eleinte, mint amennyire kev\u00e9snek bizonyul ut\u00f3lag. Egyszer se siker\u00fclt pontban nyolckor befejezni, j\u00f3, hogy nem vertek meg miatta a hallgat\u00f3k. :) Remek kis csoport [&hellip;]<\/p>\n","protected":false},"author":5,"featured_media":0,"comment_status":"open","ping_status":"open","sticky":false,"template":"","format":"standard","meta":{"episode_type":"","audio_file":"","cover_image":"","cover_image_id":"","duration":"","filesize":"","date_recorded":"","explicit":"","block":"","filesize_raw":"","ngg_post_thumbnail":0,"footnotes":""},"categories":[255,584],"tags":[799],"class_list":["post-291","post","type-post","status-publish","format-standard","hentry","category-justh-zsigmond-varosi-konyvtar","category-tanfolyam","tag-justh-zsigmond-varosi-konyvtar"],"_links":{"self":[{"href":"https:\/\/blog.justhvk.hu\/blog\/wp-json\/wp\/v2\/posts\/291","targetHints":{"allow":["GET"]}}],"collection":[{"href":"https:\/\/blog.justhvk.hu\/blog\/wp-json\/wp\/v2\/posts"}],"about":[{"href":"https:\/\/blog.justhvk.hu\/blog\/wp-json\/wp\/v2\/types\/post"}],"author":[{"embeddable":true,"href":"https:\/\/blog.justhvk.hu\/blog\/wp-json\/wp\/v2\/users\/5"}],"replies":[{"embeddable":true,"href":"https:\/\/blog.justhvk.hu\/blog\/wp-json\/wp\/v2\/comments?post=291"}],"version-history":[{"count":0,"href":"https:\/\/blog.justhvk.hu\/blog\/wp-json\/wp\/v2\/posts\/291\/revisions"}],"wp:attachment":[{"href":"https:\/\/blog.justhvk.hu\/blog\/wp-json\/wp\/v2\/media?parent=291"}],"wp:term":[{"taxonomy":"category","embeddable":true,"href":"https:\/\/blog.justhvk.hu\/blog\/wp-json\/wp\/v2\/categories?post=291"},{"taxonomy":"post_tag","embeddable":true,"href":"https:\/\/blog.justhvk.hu\/blog\/wp-json\/wp\/v2\/tags?post=291"}],"curies":[{"name":"wp","href":"https:\/\/api.w.org\/{rel}","templated":true}]}}