{"id":317,"date":"2007-10-19T15:37:29","date_gmt":"2007-10-19T14:37:29","guid":{"rendered":"http:\/\/blog.justhvk.hu\/?p=317"},"modified":"2007-10-19T15:37:29","modified_gmt":"2007-10-19T14:37:29","slug":"minden-napra-egy-foto","status":"publish","type":"post","link":"https:\/\/blog.justhvk.hu\/blog\/minden-napra-egy-foto\/","title":{"rendered":"Minden napra egy fot\u00f3"},"content":{"rendered":"<p>RSS-eimet olvasgattam tegnap este \u00e9ppen, amikor v\u00e1ratlanul mosolyra g\u00f6rb\u00fclt a sz\u00e1m: r\u00e1akadtam <a href=\"http:\/\/librarystream.wordpress.com\/2007\/10\/18\/marketing-a-vibrant-community-place\/\">Steve blogj\u00e1nak aktu\u00e1lis bejegyz\u00e9s\u00e9re<\/a>.  \u00d6r\u00fcltem, nan\u00e1, elv\u00e9gre tal\u00e1ltam egy nagyon szimpatikus \u00f6tletet. Aludtam r\u00e1 egyet, ma pedig leny\u00faltam (thanks, Steve :)).<\/p>\n<p>A l\u00e9nyeg, r\u00f6viden. Sokszor egy k\u00e9p t\u00f6bbet mond minden sz\u00f3n\u00e1l. Ez nagyon hasonl\u00edt valami rekl\u00e1mb\u00f3l ismert szlogenre, de t\u00f6rt\u00e9netesen igaz. L\u00e1tsz egy fot\u00f3t a tengerb\u0151l  bikiniben, vizes hajjal kiemelked\u0151 csokibarna b\u0151r\u0171 l\u00e1nyr\u00f3l, \u00e9s biztosan nincs sz\u00fcks\u00e9ged r\u00e1, hogy valaki szavakkal is le\u00edrja a l\u00e1tv\u00e1nyt. Ez persze csak az \u00e9n p\u00e9ld\u00e1m, Steve m\u00e1sk\u00e9pp fogalmazott. \u0150 azt mondja, a k\u00f6nyvt\u00e1rak egy k\u00f6z\u00f6ss\u00e9g r\u00e9szei, gyakran igen akt\u00edv r\u00e9szei. A k\u00f6z\u00f6ss\u00e9gi \u00e9let k\u00f6zpontjai, programokkal, kikapcsol\u00f3d\u00e1si lehet\u0151s\u00e9gekkel. Mi\u00e9rt ne mutathatn\u00e1nk be ezt a l\u00fcktet\u00e9st?<\/p>\n<p>Persze-persze, a blogban is bemutathatjuk, elmondhatjuk, mi minden t\u00f6rt\u00e9nt adott napon. \u00c9s el is mondjuk, n\u00e9ha m\u00e9g egy-egy k\u00e9ppel is kieg\u00e9sz\u00edtve. Azonban k\u00e9pzeld el most csak a k\u00e9peket egym\u00e1s mell\u00e9 t\u00e9ve. Minden napra egy fot\u00f3. Amint egy kalend\u00e1riumot alkotnak. Az egyik napon egy tanfolyam sz\u00fcnetben pihen\u0151 hallgat\u00f3i (<a href=\"http:\/\/www.flickr.com\/photos\/justhvk\/1632042630\/\">ez ugye a mai<\/a>), egy m\u00e1sikon mondjuk egy olvas\u00f3, aki \u00e9ppen reklam\u00e1l a k\u00e9sedelmi d\u00edj miatt (\u00e9s az biztos megnyugtatja, ha belevakuzok az arc\u00e1ba :) ), egy harmadikon egy rendezv\u00e9ny jellemz\u0151 mozzanata (de csak egy!), egy negyediken pedig egy k\u00f6nyvt\u00e1ros, amint k\u00f6nyvet pakol. Hol izgalmas, hol esetleg kev\u00e9sbe izgalmas k\u00e9pek. Egy-egy ellesett k\u00f6nyvt\u00e1ri pillanat minden napr\u00f3l.<\/p>\n<p>Nem, nem felejtettem el, hogy van <a href=\"http:\/\/kep.tar.hu\/justhvk\">k\u00e9pt\u00e1runk<\/a>, de az m\u00e9gis m\u00e1s. Ott egy-egy rendezv\u00e9nyr\u0151l t\u00f6lt\u00fcnk fel egy rak\u00e1s fot\u00f3t, ami kell is, szerintem. Azonban nincs mindennap rendezv\u00e9ny, \u00edgy a k\u00e9pt\u00e1r arr\u00f3l tan\u00faskodik, hogy olyan, mintha \u00e9let se lenne itt m\u00e1skor. (Arr\u00f3l nem is besz\u00e9lve, hogy a <a href=\"http:\/\/kep.tar.hu\/\">K\u00e9p.T\u00e1rra<\/a> napok \u00f3ta nem tudok felt\u00f6lteni n\u00e9h\u00e1ny \u00f3pusztaszeri k\u00e9pet, \u00e1ll\u00edt\u00f3lagos karbantart\u00e1s miatt.)<\/p>\n<p>Val\u00f3sz\u00edn\u0171leg egy \u00e9vben az\u00e9rt nem fog \u00f6sszej\u00f6nni 365 k\u00e9p. S\u0151t, a j\u00f3l cseng\u0151 c\u00edmmel ellent\u00e9tben biztos, hogy nem lesz mindennap fot\u00f3. Ezt nem csak az\u00e9rt mondom, mert vas\u00e1rnaponk\u00e9nt ki-ki maximum a saj\u00e1t \u00fcnnepi eb\u00e9dj\u00e9t tudn\u00e1 f\u00e9nyk\u00e9ppel dokument\u00e1lni, hanem mert biztosan lesz olyan nap, amikor lemer\u00fcl az elem\/a g\u00e9pet k\u00f6lcs\u00f6nadtuk\/az adatk\u00e1belt nem tal\u00e1ljuk\/a francnak van kedve f\u00e9nyk\u00e9pezni\/a franc se akar modellt \u00e1llni. De az\u00e9rt igyeksz\u00fcnk.<\/p>\n<p>Oldalt (ha valaki Explorert haszn\u00e1l, akkor lent) a linkaj\u00e1nl\u00f3ban ezent\u00fal ott lesz <a href=\"http:\/\/www.flickr.com\/photos\/justhvk\/archives\/date-posted\/2007\/10\/calendar\/\">A nap k\u00e9pe<\/a> rovat is. Hogy legyen egy k\u00e9ped r\u00f3lunk. Minden nap.<\/p>\n<div class=\"fcbkbttn_buttons_block\" id=\"fcbkbttn_left\"><div class=\"fcbkbttn_like \"><fb:like href=\"https:\/\/blog.justhvk.hu\/blog\/minden-napra-egy-foto\/\" action=\"like\" colorscheme=\"light\" layout=\"button_count\"  size=\"small\"><\/fb:like><\/div><div class=\"fb-share-button  \" data-href=\"https:\/\/blog.justhvk.hu\/blog\/minden-napra-egy-foto\/\" data-type=\"button_count\" data-size=\"small\"><\/div><\/div>","protected":false},"excerpt":{"rendered":"<p>RSS-eimet olvasgattam tegnap este \u00e9ppen, amikor v\u00e1ratlanul mosolyra g\u00f6rb\u00fclt a sz\u00e1m: r\u00e1akadtam Steve blogj\u00e1nak aktu\u00e1lis bejegyz\u00e9s\u00e9re. \u00d6r\u00fcltem, nan\u00e1, elv\u00e9gre tal\u00e1ltam egy nagyon szimpatikus \u00f6tletet. Aludtam r\u00e1 egyet, ma pedig leny\u00faltam (thanks, Steve :)). A l\u00e9nyeg, r\u00f6viden. Sokszor egy k\u00e9p t\u00f6bbet mond minden sz\u00f3n\u00e1l. Ez nagyon hasonl\u00edt valami rekl\u00e1mb\u00f3l ismert szlogenre, de t\u00f6rt\u00e9netesen igaz. L\u00e1tsz egy [&hellip;]<\/p>\n","protected":false},"author":5,"featured_media":0,"comment_status":"open","ping_status":"open","sticky":false,"template":"","format":"standard","meta":{"episode_type":"","audio_file":"","cover_image":"","cover_image_id":"","duration":"","filesize":"","date_recorded":"","explicit":"","block":"","filesize_raw":"","ngg_post_thumbnail":0,"footnotes":""},"categories":[166,255],"tags":[799],"class_list":["post-317","post","type-post","status-publish","format-standard","hentry","category-fotok","category-justh-zsigmond-varosi-konyvtar","tag-justh-zsigmond-varosi-konyvtar"],"_links":{"self":[{"href":"https:\/\/blog.justhvk.hu\/blog\/wp-json\/wp\/v2\/posts\/317","targetHints":{"allow":["GET"]}}],"collection":[{"href":"https:\/\/blog.justhvk.hu\/blog\/wp-json\/wp\/v2\/posts"}],"about":[{"href":"https:\/\/blog.justhvk.hu\/blog\/wp-json\/wp\/v2\/types\/post"}],"author":[{"embeddable":true,"href":"https:\/\/blog.justhvk.hu\/blog\/wp-json\/wp\/v2\/users\/5"}],"replies":[{"embeddable":true,"href":"https:\/\/blog.justhvk.hu\/blog\/wp-json\/wp\/v2\/comments?post=317"}],"version-history":[{"count":0,"href":"https:\/\/blog.justhvk.hu\/blog\/wp-json\/wp\/v2\/posts\/317\/revisions"}],"wp:attachment":[{"href":"https:\/\/blog.justhvk.hu\/blog\/wp-json\/wp\/v2\/media?parent=317"}],"wp:term":[{"taxonomy":"category","embeddable":true,"href":"https:\/\/blog.justhvk.hu\/blog\/wp-json\/wp\/v2\/categories?post=317"},{"taxonomy":"post_tag","embeddable":true,"href":"https:\/\/blog.justhvk.hu\/blog\/wp-json\/wp\/v2\/tags?post=317"}],"curies":[{"name":"wp","href":"https:\/\/api.w.org\/{rel}","templated":true}]}}