{"id":324,"date":"2007-10-27T10:20:01","date_gmt":"2007-10-27T09:20:01","guid":{"rendered":"http:\/\/blog.justhvk.hu\/?p=324"},"modified":"2007-10-27T10:20:01","modified_gmt":"2007-10-27T09:20:01","slug":"koltozes-indul","status":"publish","type":"post","link":"https:\/\/blog.justhvk.hu\/blog\/koltozes-indul\/","title":{"rendered":"K\u00f6lt\u00f6z\u00e9s indul"},"content":{"rendered":"<p style=\"margin-bottom: 0cm\">Kedves olvas\u00f3k, bloggerek, \u00e9s mindenki, akinek lehet\u0151s\u00e9ge van a h\u00edrt tov\u00e1bbadni: <strong>novemberben \u00e1tmenetileg bez\u00e1r a k\u00f6nyvt\u00e1r<\/strong>. Tal\u00e1n tudj\u00e1tok, tal\u00e1n nem, a k\u00f6nyvt\u00e1runk v\u00e9glegesen elk\u00f6lt\u00f6zik a D\u00f3zsa Gy\u00f6rgy utc\u00e1r\u00f3l. A t\u00e9m\u00e1val a blogon eddig egyszer sem foglalkoztunk, holott az elm\u00falt tizenvalah\u00e1ny \u00e9v legfontosabb k\u00f6nyvt\u00e1rt \u00e9rint\u0151 d\u00f6nt\u00e9s\u00e9r\u0151l van sz\u00f3. Ugyanakkor viszont mindv\u00e9gig olyan nagy volt a bizonytalans\u00e1g a sorsunkat illet\u0151en, hogy b\u00e1rmit is \u00edrtunk volna, az csak pletyka szinten lett volna igaz. Ezek ut\u00e1n tal\u00e1n az sem meglep\u0151, hogy mi is csak szerd\u00e1n tudtuk meg: a k\u00f6nyvt\u00e1r november 1-j\u00e9t\u0151l k\u00f6lt\u00f6z\u00e9s miatt bizonytalan ideig z\u00e1rva tart. Azaz ha k\u00f6lcs\u00f6n\u00f6zni szeretn\u00e9tek, arra a main k\u00edv\u00fcl m\u00e9g h\u00e1rom napotok lesz a j\u00f6v\u0151 h\u00e9ten (okt\u00f3ber 29., h\u00e9tf\u0151: 13-18 \u00f3ra; okt\u00f3ber 30., kedd: 10-18 \u00f3ra; okt\u00f3ber 31., szerda: 10-18 \u00f3ra).<\/p>\n<p style=\"margin-bottom: 0cm\"> Az \u00faj hely\u00fcnk\u00f6n, a Pet\u0151fi M\u0171vel\u0151d\u00e9si K\u00f6zpontban m\u00e1r megkezd\u0151dtek az \u00e1talak\u00edt\u00e1si munk\u00e1latok, azaz mikorra mi \u00f6sszecuccolunk itt, tal\u00e1n m\u00e1r k\u00f6lt\u00f6zhet\u00fcnk is oda. Pontos id\u0151pontot enn\u00e9lfogva nem mondhatunk a nyit\u00e1st illet\u0151en, eln\u00e9z\u00e9st k\u00e9r\u00fcnk emiatt is. Jelenleg m\u00e9g nem tiszt\u00e1zott, hogy a z\u00e1r\u00e1s ideje alatt milyen szolg\u00e1ltat\u00e1sokat \u00e9s milyen id\u0151szakban tudunk \u00e1tmenteni a most is a m\u0171vh\u00e1zban tal\u00e1lhat\u00f3 gyermekk\u00f6nyvt\u00e1rba, de a napilapok \u00e9s foly\u00f3iratok olvas\u00e1s\u00e1ra ott lesz lehet\u0151s\u00e9g.<\/p>\n<p style=\"margin-bottom: 0cm\">Blogger bar\u00e1taink! K\u00e9r\u00fcnk benneteket, ti is postoljatok ez \u00fcgyben a blogotokra, hiszen a hivatalos csatorn\u00e1kon kereszt\u00fcl (\u00fajs\u00e1g, t\u00e9v\u00e9) m\u00e1r nem biztos, hogy id\u0151ben tudjuk \u00e9rtes\u00edteni olvas\u00f3inkat.<\/p>\n<p style=\"margin-bottom: 0cm\">A k\u00f6lt\u00f6z\u00e9sr\u0151l, a nyit\u00e1s v\u00e1rhat\u00f3 id\u0151pontj\u00e1r\u00f3l, a szolg\u00e1ltat\u00e1sok meg\u00fajul\u00e1s\u00e1r\u00f3l \u00e9s minden egy\u00e9br\u0151l a blogon folyamatosan besz\u00e1molunk majd. Most t\u00fcrelmet \u00e9s meg\u00e9rt\u00e9st k\u00e9r\u00fcnk.<\/p>\n<p style=\"margin-bottom: 0cm\">K\u00f6sz\u00f6nj\u00fck.<\/p>\n<p style=\"margin-bottom: 0cm\">&nbsp;<\/p>\n<div class=\"fcbkbttn_buttons_block\" id=\"fcbkbttn_left\"><div class=\"fcbkbttn_like \"><fb:like href=\"https:\/\/blog.justhvk.hu\/blog\/koltozes-indul\/\" action=\"like\" colorscheme=\"light\" layout=\"button_count\"  size=\"small\"><\/fb:like><\/div><div class=\"fb-share-button  \" data-href=\"https:\/\/blog.justhvk.hu\/blog\/koltozes-indul\/\" data-type=\"button_count\" data-size=\"small\"><\/div><\/div>","protected":false},"excerpt":{"rendered":"<p>Kedves olvas\u00f3k, bloggerek, \u00e9s mindenki, akinek lehet\u0151s\u00e9ge van a h\u00edrt tov\u00e1bbadni: novemberben \u00e1tmenetileg bez\u00e1r a k\u00f6nyvt\u00e1r. Tal\u00e1n tudj\u00e1tok, tal\u00e1n nem, a k\u00f6nyvt\u00e1runk v\u00e9glegesen elk\u00f6lt\u00f6zik a D\u00f3zsa Gy\u00f6rgy utc\u00e1r\u00f3l. A t\u00e9m\u00e1val a blogon eddig egyszer sem foglalkoztunk, holott az elm\u00falt tizenvalah\u00e1ny \u00e9v legfontosabb k\u00f6nyvt\u00e1rt \u00e9rint\u0151 d\u00f6nt\u00e9s\u00e9r\u0151l van sz\u00f3. Ugyanakkor viszont mindv\u00e9gig olyan nagy volt a bizonytalans\u00e1g [&hellip;]<\/p>\n","protected":false},"author":5,"featured_media":0,"comment_status":"open","ping_status":"open","sticky":false,"template":"","format":"standard","meta":{"episode_type":"","audio_file":"","cover_image":"","cover_image_id":"","duration":"","filesize":"","date_recorded":"","explicit":"","block":"","filesize_raw":"","ngg_post_thumbnail":0,"footnotes":""},"categories":[255,278],"tags":[799],"class_list":["post-324","post","type-post","status-publish","format-standard","hentry","category-justh-zsigmond-varosi-konyvtar","category-koltozes","tag-justh-zsigmond-varosi-konyvtar"],"_links":{"self":[{"href":"https:\/\/blog.justhvk.hu\/blog\/wp-json\/wp\/v2\/posts\/324","targetHints":{"allow":["GET"]}}],"collection":[{"href":"https:\/\/blog.justhvk.hu\/blog\/wp-json\/wp\/v2\/posts"}],"about":[{"href":"https:\/\/blog.justhvk.hu\/blog\/wp-json\/wp\/v2\/types\/post"}],"author":[{"embeddable":true,"href":"https:\/\/blog.justhvk.hu\/blog\/wp-json\/wp\/v2\/users\/5"}],"replies":[{"embeddable":true,"href":"https:\/\/blog.justhvk.hu\/blog\/wp-json\/wp\/v2\/comments?post=324"}],"version-history":[{"count":0,"href":"https:\/\/blog.justhvk.hu\/blog\/wp-json\/wp\/v2\/posts\/324\/revisions"}],"wp:attachment":[{"href":"https:\/\/blog.justhvk.hu\/blog\/wp-json\/wp\/v2\/media?parent=324"}],"wp:term":[{"taxonomy":"category","embeddable":true,"href":"https:\/\/blog.justhvk.hu\/blog\/wp-json\/wp\/v2\/categories?post=324"},{"taxonomy":"post_tag","embeddable":true,"href":"https:\/\/blog.justhvk.hu\/blog\/wp-json\/wp\/v2\/tags?post=324"}],"curies":[{"name":"wp","href":"https:\/\/api.w.org\/{rel}","templated":true}]}}