{"id":349,"date":"2007-11-30T18:22:48","date_gmt":"2007-11-30T17:22:48","guid":{"rendered":"http:\/\/blog.justhvk.hu\/?p=349"},"modified":"2007-11-30T18:22:48","modified_gmt":"2007-11-30T17:22:48","slug":"negy-het","status":"publish","type":"post","link":"https:\/\/blog.justhvk.hu\/blog\/negy-het\/","title":{"rendered":"N\u00e9gy h\u00e9t"},"content":{"rendered":"<p><a href=\"http:\/\/www.flickr.com\/photos\/justhvk\/2076323192\/in\/datetaken\/\" title=\"az \u00faj csal\u00e1di k\u00f6nyvt\u00e1r\"><img decoding=\"async\" src=\"http:\/\/192.168.10.245\/wp-content\/uploads\/2007\/11\/2076323192_444b5b68f9_b.thumbnail.jpg\" alt=\"2076323192_444b5b68f9_b.jpg\" align=\"left\" \/><\/a>K\u00f6lt\u00f6z\u00fcnk. De most m\u00e1r t\u00e9nyleg. H\u00e9tf\u0151n megragadtuk a k\u00f6lcs\u00f6nz\u0151pultot, \u00e9s sz\u00e9tkaptuk. \u00c9s \u00e1t is vitt\u00fck. Egy csom\u00f3 m\u00e1s b\u00fatorral, \u00e9s ami nem elhanyagolhat\u00f3 t\u00e9ny, egy csom\u00f3 \u2013 az \u00f6sszes csal\u00e1di k\u00f6nyvt\u00e1rba tartoz\u00f3 \u2013 k\u00f6nyvvel egy\u00fctt. Seg\u00edts\u00e9g\u00fcnk persze volt, k\u00f6zmunk\u00e1sok, akik k\u00f6z\u00f6tt volt, aki lelkesen, m\u00e1s visszafogottabban vett r\u00e9sz a munk\u00e1ban, de a l\u00e9nyeg, hogy seg\u00edtettek (<a href=\"http:\/\/www.flickr.com\/photos\/justhvk\/2075535347\/in\/datetaken\/\">\u0151k ketten<\/a> &#8211; bal sz\u00e9l, jobb sz\u00e9l &#8211; k\u00fcl\u00f6n\u00f6sen). A k\u00f6lcs\u00f6nz\u0151pult be\u00e1ll\u00edt\u00e1sa igen sok id\u0151t \u00e9s ideget felem\u00e9sztett, ugyanis j\u00f3 n\u00e9h\u00e1ny vari\u00e1ci\u00f3t kipr\u00f3b\u00e1ltunk, mire a v\u00e9glegesnek hitt hely\u00e9n \u00f6sszeszerelt\u00fck. L\u0151jenek le a feminist\u00e1k, akkor is ide sz\u00farom: az asszony ingatag. Merthogy onnan is \u00e1tker\u00fclt m\u00e1shov\u00e1, \u00e9s boh\u00f3 ember lenn\u00e9k, ha azt hinn\u00e9m, most t\u00e9nyleg a v\u00e9gleges hely\u00e9n van. ;)<\/p>\n<p>Csod\u00e1s h\u00edr nek\u00fcnk k\u00f6nyvt\u00e1rosoknak: a rakt\u00e1r k\u00e9sz van! (basszus, ha ezt elkiab\u00e1ltam, az f\u00e1jni fog). Persze a rakt\u00e1r marad egyel\u0151re ott, ahol van, de azon bel\u00fcl is l\u00e1zas munka folyt (<a href=\"http:\/\/www.flickr.com\/photos\/justhvk\/2055067206\/\">ilyen vid\u00e1m k\u00f6rnyezetben<\/a>). A leselejtezend\u0151 k\u00f6nyveket kellett m\u00f3dos\u00edtani a g\u00e9pben, egy\u00fattal selejtjegyz\u00e9ket is k\u00e9sz\u00edtve. Nem egy nagy fizikai megterhel\u00e9s, de hihetetlen\u00fcl monoton. Kifejezetten j\u00f3t tett ut\u00e1na az a kis testmozg\u00e1s, amikor a f\u00e9l szakirodalmat lehordtuk az emeletr\u0151l a f\u00f6ldszintre szerda d\u00e9lut\u00e1n. :)<\/p>\n<p>N\u00e9h\u00e1nyan felmos\u00f3nyelet, rongyokat \u00e9s mos\u00f3szert ragadtak, majd felmost\u00e1k p\u00e1rszor az eg\u00e9sz leend\u0151 k\u00f6nyvt\u00e1rat, valamint kif\u00e9nyes\u00edtett\u00e9k az ablakokat. Nagy mel\u00f3 volt, hiszen a fel\u00faj\u00edt\u00e1s minden pora ott volt m\u00e9g a padl\u00f3n. Nem hagyt\u00e1k ki a K\u00f6zPont term\u00e9t sem, k\u00fcl\u00f6n <em>k\u00f6sz\u00f6net \u00e9rte<\/em>. A b\u00fatorok egy jelent\u0151s r\u00e9sze m\u00e1r a m\u0171vh\u00e1zban van, de j\u00f3 sokat kell m\u00e9g \u00e1tvinni a j\u00f6v\u0151 h\u00e9ten is. K\u00f6nyvr\u0151l nem is besz\u00e9lve: a szabadpolcos szakirodalom, \u00e9s az olvas\u00f3termi anyag m\u00e9g a r\u00e9gi helyen van.<\/p>\n<p>Viszont a <a href=\"http:\/\/www.flickr.com\/photos\/justhvk\/2075535769\/in\/datetaken\/\">zenei k\u00f6nyvt\u00e1rnak<\/a> m\u00e1r majdnem minden tartoz\u00e9k\u00e1t \u00e1tvitt\u00fck, a <a href=\"http:\/\/www.flickr.com\/photos\/justhvk\/2076323192\/in\/datetaken\/\">csal\u00e1di k\u00f6nyvt\u00e1r<\/a> pedig m\u00e1r szinte teljesen k\u00e9sz van. N\u00e9h\u00e1ny vir\u00e1g kell m\u00e9g oda, meg persze egy-k\u00e9t g\u00e9p. De a k\u00f6nyvek m\u00e1r a polcon vannak.<\/p>\n<div class=\"fcbkbttn_buttons_block\" id=\"fcbkbttn_left\"><div class=\"fcbkbttn_like \"><fb:like href=\"https:\/\/blog.justhvk.hu\/blog\/negy-het\/\" action=\"like\" colorscheme=\"light\" layout=\"button_count\"  size=\"small\"><\/fb:like><\/div><div class=\"fb-share-button  \" data-href=\"https:\/\/blog.justhvk.hu\/blog\/negy-het\/\" data-type=\"button_count\" data-size=\"small\"><\/div><\/div>","protected":false},"excerpt":{"rendered":"<p>K\u00f6lt\u00f6z\u00fcnk. De most m\u00e1r t\u00e9nyleg. H\u00e9tf\u0151n megragadtuk a k\u00f6lcs\u00f6nz\u0151pultot, \u00e9s sz\u00e9tkaptuk. \u00c9s \u00e1t is vitt\u00fck. Egy csom\u00f3 m\u00e1s b\u00fatorral, \u00e9s ami nem elhanyagolhat\u00f3 t\u00e9ny, egy csom\u00f3 \u2013 az \u00f6sszes csal\u00e1di k\u00f6nyvt\u00e1rba tartoz\u00f3 \u2013 k\u00f6nyvvel egy\u00fctt. Seg\u00edts\u00e9g\u00fcnk persze volt, k\u00f6zmunk\u00e1sok, akik k\u00f6z\u00f6tt volt, aki lelkesen, m\u00e1s visszafogottabban vett r\u00e9sz a munk\u00e1ban, de a l\u00e9nyeg, hogy seg\u00edtettek [&hellip;]<\/p>\n","protected":false},"author":5,"featured_media":0,"comment_status":"open","ping_status":"open","sticky":false,"template":"","format":"standard","meta":{"episode_type":"","audio_file":"","cover_image":"","cover_image_id":"","duration":"","filesize":"","date_recorded":"","explicit":"","block":"","filesize_raw":"","ngg_post_thumbnail":0,"footnotes":""},"categories":[255,278],"tags":[799],"class_list":["post-349","post","type-post","status-publish","format-standard","hentry","category-justh-zsigmond-varosi-konyvtar","category-koltozes","tag-justh-zsigmond-varosi-konyvtar"],"_links":{"self":[{"href":"https:\/\/blog.justhvk.hu\/blog\/wp-json\/wp\/v2\/posts\/349","targetHints":{"allow":["GET"]}}],"collection":[{"href":"https:\/\/blog.justhvk.hu\/blog\/wp-json\/wp\/v2\/posts"}],"about":[{"href":"https:\/\/blog.justhvk.hu\/blog\/wp-json\/wp\/v2\/types\/post"}],"author":[{"embeddable":true,"href":"https:\/\/blog.justhvk.hu\/blog\/wp-json\/wp\/v2\/users\/5"}],"replies":[{"embeddable":true,"href":"https:\/\/blog.justhvk.hu\/blog\/wp-json\/wp\/v2\/comments?post=349"}],"version-history":[{"count":0,"href":"https:\/\/blog.justhvk.hu\/blog\/wp-json\/wp\/v2\/posts\/349\/revisions"}],"wp:attachment":[{"href":"https:\/\/blog.justhvk.hu\/blog\/wp-json\/wp\/v2\/media?parent=349"}],"wp:term":[{"taxonomy":"category","embeddable":true,"href":"https:\/\/blog.justhvk.hu\/blog\/wp-json\/wp\/v2\/categories?post=349"},{"taxonomy":"post_tag","embeddable":true,"href":"https:\/\/blog.justhvk.hu\/blog\/wp-json\/wp\/v2\/tags?post=349"}],"curies":[{"name":"wp","href":"https:\/\/api.w.org\/{rel}","templated":true}]}}