{"id":3653,"date":"2010-11-15T10:30:30","date_gmt":"2010-11-15T09:30:30","guid":{"rendered":"http:\/\/blog.justhvk.hu\/?p=3653"},"modified":"2010-11-15T10:30:30","modified_gmt":"2010-11-15T09:30:30","slug":"tavaszi-tarlat","status":"publish","type":"post","link":"https:\/\/blog.justhvk.hu\/blog\/tavaszi-tarlat\/","title":{"rendered":"Tavaszi T\u00e1rlat"},"content":{"rendered":"<p><a href=\"http:\/\/192.168.10.245\/wp-content\/uploads\/2010\/11\/spir\u00f3.jpg\"><img loading=\"lazy\" decoding=\"async\" class=\"size-medium wp-image-3654 alignleft\" title=\"spir\u00f3\" src=\"http:\/\/192.168.10.245\/wp-content\/uploads\/2010\/11\/spir\u00f3-205x300.jpg\" alt=\"\" width=\"205\" height=\"300\" \/><\/a>Az 56-os forradalmat k\u00f6vet\u0151 megtorl\u00e1sokr\u00f3l sokan, sokf\u00e9lek\u00e9pp meg\u00edrt\u00e1k m\u00e1r saj\u00e1t t\u00f6rt\u00e9net\u00fcket, de a Spir\u00f3-f\u00e9le megk\u00f6zel\u00edt\u00e9ssel ritk\u00e1n tal\u00e1lkozhat az olvas\u00f3. Persze itt is szembes\u00fclhet\u00fcnk a legalapvet\u0151bb emberi jogokat is semmibe vev\u0151 &#8222;igazs\u00e1gszolg\u00e1ltat\u00e1ssal&#8221;, az \u00e1rtatlan kisember meghurcoltat\u00e1s\u00e1val, a korszak pokoli l\u00e9gk\u00f6r\u00e9vel (mind az utc\u00e1n, mind a munkahelyen), a f\u00e1jdalmas csal\u00f3d\u00e1ssal (emberben, eszm\u00e9ben, rendszerben), van azonban valami ezeken t\u00fal, ami a Tavaszi T\u00e1rlatot saj\u00e1toss\u00e1 teszi: &#8222;h\u0151s\u00fcnk&#8221; ugyanis kommunista. Kommunista, aki az okt\u00f3beri esem\u00e9nyeket ellenforradalomnak v\u00e9li, aki k\u00fczd az\u00e9rt, hogy visszaker\u00fclj\u00f6n a p\u00e1rtba, \u00e9s aki eg\u00e9szen sok\u00e1ig biztos a megtorl\u00e1sok jogszer\u0171s\u00e9g\u00e9ben.<\/p>\n<p>Persze F\u00e1tray Gyula sem lehetne reg\u00e9nyh\u0151s, ha nem keveredne bele az esem\u00e9nyek forgatag\u00e1ba, ezzel m\u00e9g nagy titkot tal\u00e1n nem \u00e1rulok el, b\u00e1r sok\u00e1ig \u00fagy t\u0171nik, &#8211; \u00e9s \u0151 is ebben hisz &#8211; neki nem eshet b\u00e1nt\u00f3d\u00e1sa: a forradalom kit\u00f6r\u00e9sekor ugyanis \u00e9pp egy k\u00f3rh\u00e1zban dekkol egy kellemetlen oper\u00e1ci\u00f3t k\u00f6vet\u0151en.\u00a0 Hogy sorsa mik\u00e9pp alakul, azt term\u00e9szetesen nem \u00e1rulom el, de az \u00fat, melyet bej\u00e1rni k\u00e9nyszer\u00fcl a v\u00e9gkifejletig, az egyszerre elkeser\u00edt\u0151, ijeszt\u0151, d\u00fch\u00edt\u0151, frusztr\u00e1l\u00f3&#8230; pont olyan, amilyet egy 56-os reg\u00e9nyt\u0151l v\u00e1rn\u00e1nk. Spir\u00f3 Gy\u00f6rgy leg\u00fajabb k\u00f6nyve m\u00e9gis ad \u00faj \u00e9lm\u00e9nyeket, p\u00e9ld\u00e1ul azzal, hogy betekint\u00e9st enged a h\u00e9tk\u00f6znapi ember h\u00e9tk\u00f6znapjaiba az \u00f6tvenes \u00e9vekben.<\/p>\n<p>Abszol\u00fat szem\u00e9lyes megjegyz\u00e9s, hogy Spir\u00f3 ugyan soha sem tartozott a kedvenc \u00edr\u00f3im k\u00f6z\u00e9, de imm\u00e1r a m\u00e1sodik olyan reg\u00e9nyt olvasom t\u0151le (<a href=\"http:\/\/blog.justhvk.hu\/?p=1049\">az els\u0151 a Fogs\u00e1g volt, ugye<\/a>), amit sz\u00edvesen \u00fajraolvasn\u00e9k, ak\u00e1r m\u00e1r most is.<\/p>\n<ul>\n<li><a href=\"http:\/\/opac.justhvk.hu\/cgi-bin\/tlwww.cgi?show=b110590\">Tavaszi T\u00e1rlat \/ Spir\u00f3 Gy\u00f6rgy. &#8211; Bp. : Magvet\u0151, 2010. &#8211; 285 p. <\/a><\/li>\n<\/ul>\n<div class=\"fcbkbttn_buttons_block\" id=\"fcbkbttn_left\"><div class=\"fcbkbttn_like \"><fb:like href=\"https:\/\/blog.justhvk.hu\/blog\/tavaszi-tarlat\/\" action=\"like\" colorscheme=\"light\" layout=\"button_count\"  size=\"small\"><\/fb:like><\/div><div class=\"fb-share-button  \" data-href=\"https:\/\/blog.justhvk.hu\/blog\/tavaszi-tarlat\/\" data-type=\"button_count\" data-size=\"small\"><\/div><\/div>","protected":false},"excerpt":{"rendered":"<p>Az 56-os forradalmat k\u00f6vet\u0151 megtorl\u00e1sokr\u00f3l sokan, sokf\u00e9lek\u00e9pp meg\u00edrt\u00e1k m\u00e1r saj\u00e1t t\u00f6rt\u00e9net\u00fcket, de a Spir\u00f3-f\u00e9le megk\u00f6zel\u00edt\u00e9ssel ritk\u00e1n tal\u00e1lkozhat az olvas\u00f3. Persze itt is szembes\u00fclhet\u00fcnk a legalapvet\u0151bb emberi jogokat is semmibe vev\u0151 &#8222;igazs\u00e1gszolg\u00e1ltat\u00e1ssal&#8221;, az \u00e1rtatlan kisember meghurcoltat\u00e1s\u00e1val, a korszak pokoli l\u00e9gk\u00f6r\u00e9vel (mind az utc\u00e1n, mind a munkahelyen), a f\u00e1jdalmas csal\u00f3d\u00e1ssal (emberben, eszm\u00e9ben, rendszerben), van azonban valami ezeken [&hellip;]<\/p>\n","protected":false},"author":5,"featured_media":0,"comment_status":"open","ping_status":"open","sticky":false,"template":"","format":"standard","meta":{"episode_type":"","audio_file":"","cover_image":"","cover_image_id":"","duration":"","filesize":"","date_recorded":"","explicit":"","block":"","filesize_raw":"","ngg_post_thumbnail":0,"footnotes":""},"categories":[2,283,303,546],"tags":[],"class_list":["post-3653","post","type-post","status-publish","format-standard","hentry","category-2","category-konyvekrol-mondjuk","category-konyvtaros-olvas","category-spiro-gyorgy"],"_links":{"self":[{"href":"https:\/\/blog.justhvk.hu\/blog\/wp-json\/wp\/v2\/posts\/3653","targetHints":{"allow":["GET"]}}],"collection":[{"href":"https:\/\/blog.justhvk.hu\/blog\/wp-json\/wp\/v2\/posts"}],"about":[{"href":"https:\/\/blog.justhvk.hu\/blog\/wp-json\/wp\/v2\/types\/post"}],"author":[{"embeddable":true,"href":"https:\/\/blog.justhvk.hu\/blog\/wp-json\/wp\/v2\/users\/5"}],"replies":[{"embeddable":true,"href":"https:\/\/blog.justhvk.hu\/blog\/wp-json\/wp\/v2\/comments?post=3653"}],"version-history":[{"count":0,"href":"https:\/\/blog.justhvk.hu\/blog\/wp-json\/wp\/v2\/posts\/3653\/revisions"}],"wp:attachment":[{"href":"https:\/\/blog.justhvk.hu\/blog\/wp-json\/wp\/v2\/media?parent=3653"}],"wp:term":[{"taxonomy":"category","embeddable":true,"href":"https:\/\/blog.justhvk.hu\/blog\/wp-json\/wp\/v2\/categories?post=3653"},{"taxonomy":"post_tag","embeddable":true,"href":"https:\/\/blog.justhvk.hu\/blog\/wp-json\/wp\/v2\/tags?post=3653"}],"curies":[{"name":"wp","href":"https:\/\/api.w.org\/{rel}","templated":true}]}}