{"id":3715,"date":"2010-12-01T10:25:28","date_gmt":"2010-12-01T09:25:28","guid":{"rendered":"http:\/\/blog.justhvk.hu\/?p=3715"},"modified":"2010-12-01T10:25:28","modified_gmt":"2010-12-01T09:25:28","slug":"meghivo-a-mese-lelektani-hatasai","status":"publish","type":"post","link":"https:\/\/blog.justhvk.hu\/blog\/meghivo-a-mese-lelektani-hatasai\/","title":{"rendered":"Megh\u00edv\u00f3 &#8211; A mese l\u00e9lektani hat\u00e1sai"},"content":{"rendered":"<p>Anya \u2013 gyermek kapcsolata csecsem\u0151korban egy pszichol\u00f3gus szem\u00e9vel.<\/p>\n<p><em>\u201eHa ma kihagyod az esti mes\u00e9t, holnap m\u00e1r lehet, hogy nem is k\u00e9ri a l\u00e1nyod, vagy fiad\u201d<\/em><\/p>\n<p>2010. december 3-\u00e1n, \u00a0p\u00e9nteken d\u00e9lut\u00e1n 4-t\u0151l<\/p>\n<p><strong> <\/strong>a mese l\u00e9lektani hat\u00e1s\u00e1r\u00f3l tart el\u0151ad\u00e1st<\/p>\n<p><strong>Guly\u00e1s Edina<\/strong><strong> <\/strong><\/p>\n<p>szakpszichol\u00f3gus<\/p>\n<p><strong> <\/strong><\/p>\n<p><strong> <\/strong><\/p>\n<p><strong> <\/strong><\/p>\n<p><strong>Helysz\u00edn: Justh Zsigmond V\u00e1rosi K\u00f6nyvt\u00e1r <\/strong>(Kossuth u. 3. M\u0171vel\u0151d\u00e9si H\u00e1z I. emelet).<\/p>\n<p>Szeretettel v\u00e1runk minden kisgyermekes sz\u00fcl\u0151t!<\/p>\n<p><strong>A bel\u00e9p\u00e9s d\u00edjtalan.<\/strong><\/p>\n<p><em>\u201eA gyermekkor \u00e9vei azok az esztend\u0151k, amikor a sz\u00edv a leg\u00e9rz\u00e9kenyebb, leghajl\u00e9konyabb. Amit oda el\u00fcltetnek, azt alig ha lehet valaha is onnan kipuszt\u00edtani.\u201d<\/em><\/p>\n<p><em>(J.F. Oberlin)<\/em><\/p>\n<p><strong>\u201eSz\u00fcl\u0151k akad\u00e9mi\u00e1ja\u201d<\/strong><\/p>\n<div class=\"fcbkbttn_buttons_block\" id=\"fcbkbttn_left\"><div class=\"fcbkbttn_like \"><fb:like href=\"https:\/\/blog.justhvk.hu\/blog\/meghivo-a-mese-lelektani-hatasai\/\" action=\"like\" colorscheme=\"light\" layout=\"button_count\"  size=\"small\"><\/fb:like><\/div><div class=\"fb-share-button  \" data-href=\"https:\/\/blog.justhvk.hu\/blog\/meghivo-a-mese-lelektani-hatasai\/\" data-type=\"button_count\" data-size=\"small\"><\/div><\/div>","protected":false},"excerpt":{"rendered":"<p>Anya \u2013 gyermek kapcsolata csecsem\u0151korban egy pszichol\u00f3gus szem\u00e9vel. \u201eHa ma kihagyod az esti mes\u00e9t, holnap m\u00e1r lehet, hogy nem is k\u00e9ri a l\u00e1nyod, vagy fiad\u201d 2010. december 3-\u00e1n, \u00a0p\u00e9nteken d\u00e9lut\u00e1n 4-t\u0151l a mese l\u00e9lektani hat\u00e1s\u00e1r\u00f3l tart el\u0151ad\u00e1st Guly\u00e1s Edina szakpszichol\u00f3gus Helysz\u00edn: Justh Zsigmond V\u00e1rosi K\u00f6nyvt\u00e1r (Kossuth u. 3. M\u0171vel\u0151d\u00e9si H\u00e1z I. emelet). Szeretettel v\u00e1runk minden [&hellip;]<\/p>\n","protected":false},"author":5,"featured_media":0,"comment_status":"open","ping_status":"open","sticky":false,"template":"","format":"standard","meta":{"episode_type":"","audio_file":"","cover_image":"","cover_image_id":"","duration":"","filesize":"","date_recorded":"","explicit":"","block":"","filesize_raw":"","ngg_post_thumbnail":0,"footnotes":""},"categories":[182,255,452,503,564],"tags":[799],"class_list":["post-3715","post","type-post","status-publish","format-standard","hentry","category-gulyas-edina","category-justh-zsigmond-varosi-konyvtar","category-oroshaza","category-programajanlo","category-szulok-akademiaja","tag-justh-zsigmond-varosi-konyvtar"],"_links":{"self":[{"href":"https:\/\/blog.justhvk.hu\/blog\/wp-json\/wp\/v2\/posts\/3715","targetHints":{"allow":["GET"]}}],"collection":[{"href":"https:\/\/blog.justhvk.hu\/blog\/wp-json\/wp\/v2\/posts"}],"about":[{"href":"https:\/\/blog.justhvk.hu\/blog\/wp-json\/wp\/v2\/types\/post"}],"author":[{"embeddable":true,"href":"https:\/\/blog.justhvk.hu\/blog\/wp-json\/wp\/v2\/users\/5"}],"replies":[{"embeddable":true,"href":"https:\/\/blog.justhvk.hu\/blog\/wp-json\/wp\/v2\/comments?post=3715"}],"version-history":[{"count":0,"href":"https:\/\/blog.justhvk.hu\/blog\/wp-json\/wp\/v2\/posts\/3715\/revisions"}],"wp:attachment":[{"href":"https:\/\/blog.justhvk.hu\/blog\/wp-json\/wp\/v2\/media?parent=3715"}],"wp:term":[{"taxonomy":"category","embeddable":true,"href":"https:\/\/blog.justhvk.hu\/blog\/wp-json\/wp\/v2\/categories?post=3715"},{"taxonomy":"post_tag","embeddable":true,"href":"https:\/\/blog.justhvk.hu\/blog\/wp-json\/wp\/v2\/tags?post=3715"}],"curies":[{"name":"wp","href":"https:\/\/api.w.org\/{rel}","templated":true}]}}