{"id":37790,"date":"2024-10-01T08:21:10","date_gmt":"2024-10-01T08:21:10","guid":{"rendered":"https:\/\/blog.justhvk.hu\/blog\/?p=37790"},"modified":"2024-11-04T16:52:01","modified_gmt":"2024-11-04T16:52:01","slug":"rolunk-irtak-2024-szeptember","status":"publish","type":"post","link":"https:\/\/blog.justhvk.hu\/blog\/rolunk-irtak-2024-szeptember\/","title":{"rendered":"R\u00f3lunk \u00edrt\u00e1k &#8211; 2024. szeptember"},"content":{"rendered":"\n<p>Szeptemberi cikkek, tud\u00f3s\u00edt\u00e1sok r\u00f3lunk! <span style=\"background-color:rgba(0, 0, 0, 0)\" class=\"has-inline-color has-white-color\">M\u00e1r csak egy kattint\u00e1s\u2026 klikkelj a c\u00edmre!<\/span><\/p>\n\n\n\n<!--more-->\n\n\n\n<ul class=\"wp-block-list\">\n<li>B\u00e9k\u00e9s v\u00e1rmegyei programok. &#8211; In. B\u00e9k\u00e9s Megyei H\u00edrlap, 79. \u00e9vf., 208. sz. (2024. szeptember 6.). \u2013 p. 5.<\/li>\n\n\n\n<li>Van m\u00e1r programja a h\u00e9tv\u00e9g\u00e9re? Ha nincs, mutatunk n\u00e9h\u00e1nyat!. &#8211; In. Beol.hu (2024. szeptember 6.) [<a href=\"https:\/\/www.beol.hu\/programajanlo\/2024\/09\/programok-a-hetvegere\">https:\/\/www.beol.hu\/programajanlo\/2024\/09\/programok-a-hetvegere<\/a>] <\/li>\n\n\n\n<li>Egy r\u00e9gi hagyom\u00e1nyt hozott ism\u00e9t a f\u00e9nyre Seb\u0151 Ferenc \u00e9s So\u00f3s R\u00e9ka \/ Husz\u00e1rik D\u00f3ra. &#8211; In. OrosCaf\u00e9 (2024. szeptember 7.) [<a href=\"https:\/\/oroscafe.hu\/2024\/09\/07\/oroshaza-hirek-konyvtar-esemeny-koncert-vers-nepdal-enek-egy-regi-hagyomanyt-hozott-ismet-a-fenyre-sebo-ferenc-es-soos-reka\/\">https:\/\/oroscafe.hu\/2024\/09\/07\/oroshaza-hirek-konyvtar-esemeny-koncert-vers-nepdal-enek-egy-regi-hagyomanyt-hozott-ismet-a-fenyre-sebo-ferenc-es-soos-reka\/<\/a>] <\/li>\n\n\n\n<li>Sz\u00e1ll a vil\u00e1g lepke-sz\u00e1rnyon. R\u00e9szlet az Orosh\u00e1zi V\u00e1rosi Telev\u00edzi\u00f3 2024. szeptember 10-i H\u00edrad\u00f3j\u00e1b\u00f3l [<a href=\"https:\/\/youtu.be\/NrWGFnGKDSk?si=cYZGmSU9zavUFhnE&amp;t=452\">https:\/\/youtu.be\/NrWGFnGKDSk?si=cYZGmSU9zavUFhnE&amp;t=452<\/a>] <\/li>\n\n\n\n<li>Koszor\u00fas Oszk\u00e1r k\u00f6nyvt\u00e1rosi \u00e9veir\u0151l mes\u00e9lt az orosh\u00e1ziaknak \/ Csete Ilona. &#8211; In. Beol.hu (2024. szeptember 11.) [<a href=\"https:\/\/www.beol.hu\/helyi-kozelet\/2024\/09\/oszkar-konyvtaros-oroshaza\">https:\/\/www.beol.hu\/helyi-kozelet\/2024\/09\/oszkar-konyvtaros-oroshaza<\/a>] <\/li>\n\n\n\n<li>A k\u00f6nyveket jobban kezeli, mint a sz\u00edneket : Koszor\u00fas Oszk\u00e1r, a v\u00e1ros d\u00edszpolg\u00e1ra k\u00f6nyvt\u00e1rosi \u00e9veir\u0151l mes\u00e9lt az orosh\u00e1ziaknak \/ Cs. I. [Csete Ilona]. &#8211; In. B\u00e9k\u00e9s Megyei H\u00edrlap, 79. \u00e9vf., 213. sz. (2024. szeptember 12.). \u2013 p. 12.<\/li>\n\n\n\n<li>R\u00e9gi hagyom\u00e1ny ism\u00e9t a sz\u00ednpadon \/ HD [Husz\u00e1rik D\u00f3ra]. &#8211; In. Orosh\u00e1zi \u00c9let, 28. \u00e9vf., 35. sz. (2024. szeptember 13.). \u2013 p. 4. [<a href=\"https:\/\/oroscafe.hu\/2024\/09\/13\/mar-olvashato-az-oroshazi-elet-2024-szeptember-13-ai-lapszama\/#flipbook-df_463437\/5\/\">https:\/\/oroscafe.hu\/2024\/09\/13\/mar-olvashato-az-oroshazi-elet-2024-szeptember-13-ai-lapszama\/#flipbook-df_463437\/5\/<\/a>] <\/li>\n\n\n\n<li>Programaj\u00e1nl\u00f3. &#8211; In. Orosh\u00e1zi \u00c9let, 28. \u00e9vf., 35. sz. (2024. szeptember 13.). \u2013 p. 4. [<a href=\"https:\/\/oroscafe.hu\/2024\/09\/13\/mar-olvashato-az-oroshazi-elet-2024-szeptember-13-ai-lapszama\/#flipbook-df_463437\/5\/\">https:\/\/oroscafe.hu\/2024\/09\/13\/mar-olvashato-az-oroshazi-elet-2024-szeptember-13-ai-lapszama\/#flipbook-df_463437\/5\/<\/a>] <\/li>\n\n\n\n<li>K\u00f6nyvt\u00e1ros \u00e9veir\u0151l mes\u00e9lt : az eml\u00e9kein kereszt\u00fcl kalauzolt Orosh\u00e1za m\u00faltj\u00e1ba Koszor\u00fas Oszk\u00e1r \/ Husz\u00e1rik D\u00f3ra. &#8211; In. Orosh\u00e1zi \u00c9let, 28. \u00e9vf., 35. sz. (2024. szeptember 13.). \u2013 p. 6. [<a href=\"https:\/\/oroscafe.hu\/2024\/09\/13\/mar-olvashato-az-oroshazi-elet-2024-szeptember-13-ai-lapszama\/#flipbook-df_463437\/7\/\">https:\/\/oroscafe.hu\/2024\/09\/13\/mar-olvashato-az-oroshazi-elet-2024-szeptember-13-ai-lapszama\/#flipbook-df_463437\/7\/<\/a>] <\/li>\n\n\n\n<li>K\u00f6nyvt\u00e1rosb\u00f3l d\u00edszpolg\u00e1r : az eml\u00e9kein kereszt\u00fcl kalauzolt a m\u00faltba Koszor\u00fas Oszk\u00e1r \/ Husz\u00e1rik D\u00f3ra. &#8211; In. OrosCaf\u00e9 (2024. szeptember 13.) [<a href=\"https:\/\/oroscafe.hu\/2024\/09\/13\/oroshaza-hirek-justh-zsigmond-varosi-konyvtar-75-evfordulo-beszelgetes-eloadas-mult-emlek-konyvtar-konyvtarosbol-diszpolgar-az-emlekein-keresztul-kalauzolt-a-multba-koszorus-oszkar\/\">https:\/\/oroscafe.hu\/2024\/09\/13\/oroshaza-hirek-justh-zsigmond-varosi-konyvtar-75-evfordulo-beszelgetes-eloadas-mult-emlek-konyvtar-konyvtarosbol-diszpolgar-az-emlekein-keresztul-kalauzolt-a-multba-koszorus-oszkar\/<\/a>] <\/li>\n\n\n\n<li>K\u00f6nyvt\u00e1rosb\u00f3l d\u00edszpolg\u00e1r. R\u00e9szlet az Orosh\u00e1zi V\u00e1rosi Telev\u00edzi\u00f3 2024. szeptember 13-i H\u00edrad\u00f3j\u00e1b\u00f3l [<a href=\"https:\/\/youtu.be\/ym1Ih1Nad_A?si=NQdTOeU2cy7wey2k&amp;t=354\">https:\/\/youtu.be\/ym1Ih1Nad_A?si=NQdTOeU2cy7wey2k&amp;t=354<\/a>] <\/li>\n\n\n\n<li>Az eml\u00e9kein kereszt\u00fcl kalauzolt a m\u00faltba Koszor\u00fas Oszk\u00e1r (vide\u00f3). &#8211; In. OrosCaf\u00e9.hu (2024. szeptember 13.) [<a href=\"https:\/\/oroscafe.hu\/2024\/09\/15\/az-emlekein-keresztul-kalauzolt-a-multba-koszorus-oszkar-video\/\">https:\/\/oroscafe.hu\/2024\/09\/15\/az-emlekein-keresztul-kalauzolt-a-multba-koszorus-oszkar-video\/<\/a>] <\/li>\n\n\n\n<li>Orsz\u00e1gos K\u00f6nyvt\u00e1ri Napok: t\u00f6bb mint 50 programmal k\u00e9sz\u00fclnek B\u00e9k\u00e9s v\u00e1rmegy\u00e9ben \/ Vincze Attila. &#8211; In. Beol.hu (2024. szeptember 20.) [<a href=\"https:\/\/www.beol.hu\/helyi-kultura\/2024\/09\/orszagos-konyvtari-napok-bekes-varmegye\">https:\/\/www.beol.hu\/helyi-kultura\/2024\/09\/orszagos-konyvtari-napok-bekes-varmegye<\/a>] <\/li>\n\n\n\n<li>Majd sz\u00e1z biblioter\u00e1pi\u00e1s foglalkoz\u00e1st tartottak \/ Csete Ilona. &#8211; In. Beol.hu (2024. szeptember 24.) [<a href=\"https:\/\/www.beol.hu\/helyi-kozelet\/2024\/09\/biblioterapia-foglalkozas-konyvtar\">https:\/\/www.beol.hu\/helyi-kozelet\/2024\/09\/biblioterapia-foglalkozas-konyvtar<\/a>] <\/li>\n\n\n\n<li>Tanulm\u00e1nyoz\u00e1s, feldolgoz\u00e1s, ismeretszerz\u00e9s \u00e9s \u00faj \u00e9rt\u00e9kek teremt\u00e9se. &#8211; In. Nemzeti Kultur\u00e1lis Alap (2024. szeptember 24.) [<a href=\"https:\/\/nka.hu\/kiemelt-kategoriak\/hirek\/tanulmanyozas-feldolgozas-ismeretszerzes-es-uj-ertekek-teremtese\/\">https:\/\/nka.hu\/kiemelt-kategoriak\/hirek\/tanulmanyozas-feldolgozas-ismeretszerzes-es-uj-ertekek-teremtese\/<\/a>] <\/li>\n<\/ul>\n\n\n\n<p><em><strong>Kiemelt k\u00e9p:&nbsp;<a href=\"https:\/\/oroscafe.hu\/2024\/09\/13\/oroshaza-hirek-justh-zsigmond-varosi-konyvtar-75-evfordulo-beszelgetes-eloadas-mult-emlek-konyvtar-konyvtarosbol-diszpolgar-az-emlekein-keresztul-kalauzolt-a-multba-koszorus-oszkar\/\">OrosCaf\u00e9<\/a><\/strong><\/em><\/p>\n\n\n\n<p><a href=\"https:\/\/blog.justhvk.hu\/blog\/dokumentumok\/rolunk-irtak\/\">Tov\u00e1bbi cikkek a k\u00f6nyvt\u00e1rr\u00f3l &gt;&gt;<\/a> <\/p>\n<div class=\"fcbkbttn_buttons_block\" id=\"fcbkbttn_left\"><div class=\"fcbkbttn_like \"><fb:like href=\"https:\/\/blog.justhvk.hu\/blog\/rolunk-irtak-2024-szeptember\/\" action=\"like\" colorscheme=\"light\" layout=\"button_count\"  size=\"small\"><\/fb:like><\/div><div class=\"fb-share-button  \" data-href=\"https:\/\/blog.justhvk.hu\/blog\/rolunk-irtak-2024-szeptember\/\" data-type=\"button_count\" data-size=\"small\"><\/div><\/div>","protected":false},"excerpt":{"rendered":"<p>Szeptemberi cikkek, tud\u00f3s\u00edt\u00e1sok r\u00f3lunk! M\u00e1r csak egy kattint\u00e1s\u2026 klikkelj a c\u00edmre!<\/p>\n","protected":false},"author":5,"featured_media":38041,"comment_status":"open","ping_status":"open","sticky":false,"template":"","format":"standard","meta":{"episode_type":"","audio_file":"","cover_image":"","cover_image_id":"","duration":"","filesize":"","date_recorded":"","explicit":"","block":"","filesize_raw":"","ngg_post_thumbnail":0,"footnotes":""},"categories":[721,255,342,740,452,473,503,515,528,1123,1124],"tags":[],"class_list":["post-37790","post","type-post","status-publish","format-standard","has-post-thumbnail","hentry","category-biblioterapia","category-justh-zsigmond-varosi-konyvtar","category-koszorus-oszkar","category-mukedvelo","category-oroshaza","category-orszagos-konyvtari-napok","category-programajanlo","category-rolunk_irtak","category-sajtofigyeles","category-sebo-ferenc","category-soos-reka"],"_links":{"self":[{"href":"https:\/\/blog.justhvk.hu\/blog\/wp-json\/wp\/v2\/posts\/37790","targetHints":{"allow":["GET"]}}],"collection":[{"href":"https:\/\/blog.justhvk.hu\/blog\/wp-json\/wp\/v2\/posts"}],"about":[{"href":"https:\/\/blog.justhvk.hu\/blog\/wp-json\/wp\/v2\/types\/post"}],"author":[{"embeddable":true,"href":"https:\/\/blog.justhvk.hu\/blog\/wp-json\/wp\/v2\/users\/5"}],"replies":[{"embeddable":true,"href":"https:\/\/blog.justhvk.hu\/blog\/wp-json\/wp\/v2\/comments?post=37790"}],"version-history":[{"count":15,"href":"https:\/\/blog.justhvk.hu\/blog\/wp-json\/wp\/v2\/posts\/37790\/revisions"}],"predecessor-version":[{"id":38436,"href":"https:\/\/blog.justhvk.hu\/blog\/wp-json\/wp\/v2\/posts\/37790\/revisions\/38436"}],"wp:featuredmedia":[{"embeddable":true,"href":"https:\/\/blog.justhvk.hu\/blog\/wp-json\/wp\/v2\/media\/38041"}],"wp:attachment":[{"href":"https:\/\/blog.justhvk.hu\/blog\/wp-json\/wp\/v2\/media?parent=37790"}],"wp:term":[{"taxonomy":"category","embeddable":true,"href":"https:\/\/blog.justhvk.hu\/blog\/wp-json\/wp\/v2\/categories?post=37790"},{"taxonomy":"post_tag","embeddable":true,"href":"https:\/\/blog.justhvk.hu\/blog\/wp-json\/wp\/v2\/tags?post=37790"}],"curies":[{"name":"wp","href":"https:\/\/api.w.org\/{rel}","templated":true}]}}