{"id":3836,"date":"2011-01-06T09:26:18","date_gmt":"2011-01-06T08:26:18","guid":{"rendered":"http:\/\/blog.justhvk.hu\/?p=3836"},"modified":"2011-01-06T09:26:18","modified_gmt":"2011-01-06T08:26:18","slug":"requiem-a-nagy-8-asert","status":"publish","type":"post","link":"https:\/\/blog.justhvk.hu\/blog\/requiem-a-nagy-8-asert\/","title":{"rendered":"Requiem a nagy 8-as\u00e9rt"},"content":{"rendered":"<p><a href=\"http:\/\/192.168.10.245\/wp-content\/uploads\/2011\/01\/vargazoli.jpg\"><img loading=\"lazy\" decoding=\"async\" class=\"size-medium wp-image-3837 alignleft\" title=\"vargazoli\" src=\"http:\/\/192.168.10.245\/wp-content\/uploads\/2011\/01\/vargazoli-216x300.jpg\" alt=\"\" width=\"216\" height=\"300\" \/><\/a>Hangs\u00falyozottan nem \u00e9letrajzi k\u00f6tet, m\u00e9gis minden benne van, amit a &#8222;vargazolir\u00f3l&#8221; tudni \u00e9rdemes: hogy milyen volt mint focista, milyen volt, mint ember, mi\u00e9rt maradt kint Mexik\u00f3ban, mi\u00e9rt nem szerette a Fl\u00f3rit, \u0151t mi\u00e9rt ut\u00e1lt\u00e1k olyan sokan, mi\u00e9rt tartott\u00e1k vil\u00e1gklasszisnak itthon \u00e9s szerte a vil\u00e1gban egyar\u00e1nt, mi\u00e9rt nem lett m\u00e9gsem b\u00e9relt helye a v\u00e1logatottban, mi\u00e9rt nem tudta befutni az el\u0151re megj\u00f3solhat\u00f3 f\u00e9nyes karriert, mi\u00e9rt keveredett bundabotr\u00e1nyba, mi\u00e9rt lett h\u0151s Sk\u00f3ci\u00e1ban, \u00e9s mi\u00e9rt lett kispados az Ajaxn\u00e1l, mi\u00e9rt v\u00e1llalt edz\u0151i feladatot a Fradin\u00e1l, mi\u00e9rt bukott meg, \u00e9s azt\u00e1n egy-k\u00e9t vid\u00e9ki kit\u00e9r\u0151t k\u00f6vet\u0151en mi\u00e9rt ford\u00edtott v\u00e9g\u00e9rv\u00e9nyesen h\u00e1tat a magyar labdar\u00fag\u00e1snak.<\/p>\n<p>Noha Lakat T. K\u00e1roly &#8211; aki a valaha \u00e9lt legjobb sport\u00fajs\u00e1g\u00edr\u00f3ja kis haz\u00e1nknak, l\u00e1sd az <a href=\"http:\/\/blog.justhvk.hu\/?p=1565\">Ap\u00e1m reg\u00e9ny\u00e9t<\/a> &#8211; bevalottan szerelmes volt Varga j\u00e1t\u00e9k\u00e1ba, mi t\u00f6bb, bar\u00e1ti sz\u00e1lak is f\u0171zt\u00e9k hozz\u00e1, m\u00e9gis k\u00e9pes volt r\u00e1, hogy \u0151szint\u00e9n \u00edrjon az egyik legnagyobb focizsenink kev\u00e9sb\u00e9 el\u0151ny\u00f6s tulajdons\u00e1gair\u00f3l is. Mindek\u00f6zben oly szenved\u00e9llyel \u00edr a Fradir\u00f3l \u00e9s a fradizmusr\u00f3l, hogy m\u00e1r-m\u00e1r \u00e9n is z\u00f6ldebben l\u00e1tom a vil\u00e1got. K\u00e1r, hogy a 60-as \u00e9vek \u00e9s a jelen Ferencv\u00e1rosa k\u00f6z\u00f6tt \u00e9pp akkora t\u00e1vols\u00e1g van, mint a k\u00e9t korszak magyar labdar\u00fag\u00e1s\u00e1nak sz\u00ednvonala k\u00f6z\u00f6tt (s\u0151t, tartok t\u0151le, hogy m\u00e9g nagyobb is).<\/p>\n<p>A Requiem a nagy 8-as\u00e9rt szomor\u00fa, de igaz\u00e1n sz\u00e9p focik\u00f6nyv, melynek k\u00fcl\u00f6n \u00e9rdekess\u00e9ge, hogy az egyes fejezetek elej\u00e9n kort\u00e1rs magyar \u00edr\u00f3k vallanak az \u0151 Varga Zolijukr\u00f3l. Nagy k\u00e1r, hogy Varga Zoli mindezt m\u00e1r nem \u00e9rhette meg.<\/p>\n<p style=\"text-align: center;\"><object classid=\"clsid:d27cdb6e-ae6d-11cf-96b8-444553540000\" width=\"480\" height=\"385\" codebase=\"http:\/\/download.macromedia.com\/pub\/shockwave\/cabs\/flash\/swflash.cab#version=6,0,40,0\"><param name=\"allowFullScreen\" value=\"true\" \/><param name=\"allowscriptaccess\" value=\"always\" \/><param name=\"src\" value=\"http:\/\/www.youtube.com\/v\/lIC2SqSYRGk?fs=1&amp;hl=hu_HU\" \/><param name=\"allowfullscreen\" value=\"true\" \/><embed type=\"application\/x-shockwave-flash\" width=\"480\" height=\"385\" src=\"http:\/\/www.youtube.com\/v\/lIC2SqSYRGk?fs=1&amp;hl=hu_HU\" allowscriptaccess=\"always\" allowfullscreen=\"true\"><\/embed><\/object><br \/>\n<em> &#8222;Varga, a fiatal \u00f6sszek\u00f6t\u0151&#8221;<\/em><\/p>\n<div class=\"fcbkbttn_buttons_block\" id=\"fcbkbttn_left\"><div class=\"fcbkbttn_like \"><fb:like href=\"https:\/\/blog.justhvk.hu\/blog\/requiem-a-nagy-8-asert\/\" action=\"like\" colorscheme=\"light\" layout=\"button_count\"  size=\"small\"><\/fb:like><\/div><div class=\"fb-share-button  \" data-href=\"https:\/\/blog.justhvk.hu\/blog\/requiem-a-nagy-8-asert\/\" data-type=\"button_count\" data-size=\"small\"><\/div><\/div>","protected":false},"excerpt":{"rendered":"<p>Hangs\u00falyozottan nem \u00e9letrajzi k\u00f6tet, m\u00e9gis minden benne van, amit a &#8222;vargazolir\u00f3l&#8221; tudni \u00e9rdemes: hogy milyen volt mint focista, milyen volt, mint ember, mi\u00e9rt maradt kint Mexik\u00f3ban, mi\u00e9rt nem szerette a Fl\u00f3rit, \u0151t mi\u00e9rt ut\u00e1lt\u00e1k olyan sokan, mi\u00e9rt tartott\u00e1k vil\u00e1gklasszisnak itthon \u00e9s szerte a vil\u00e1gban egyar\u00e1nt, mi\u00e9rt nem lett m\u00e9gsem b\u00e9relt helye a v\u00e1logatottban, mi\u00e9rt nem [&hellip;]<\/p>\n","protected":false},"author":5,"featured_media":0,"comment_status":"open","ping_status":"open","sticky":false,"template":"","format":"standard","meta":{"episode_type":"","audio_file":"","cover_image":"","cover_image_id":"","duration":"","filesize":"","date_recorded":"","explicit":"","block":"","filesize_raw":"","ngg_post_thumbnail":0,"footnotes":""},"categories":[283,303,624],"tags":[],"class_list":["post-3836","post","type-post","status-publish","format-standard","hentry","category-konyvekrol-mondjuk","category-konyvtaros-olvas","category-varga-zoltan"],"_links":{"self":[{"href":"https:\/\/blog.justhvk.hu\/blog\/wp-json\/wp\/v2\/posts\/3836","targetHints":{"allow":["GET"]}}],"collection":[{"href":"https:\/\/blog.justhvk.hu\/blog\/wp-json\/wp\/v2\/posts"}],"about":[{"href":"https:\/\/blog.justhvk.hu\/blog\/wp-json\/wp\/v2\/types\/post"}],"author":[{"embeddable":true,"href":"https:\/\/blog.justhvk.hu\/blog\/wp-json\/wp\/v2\/users\/5"}],"replies":[{"embeddable":true,"href":"https:\/\/blog.justhvk.hu\/blog\/wp-json\/wp\/v2\/comments?post=3836"}],"version-history":[{"count":0,"href":"https:\/\/blog.justhvk.hu\/blog\/wp-json\/wp\/v2\/posts\/3836\/revisions"}],"wp:attachment":[{"href":"https:\/\/blog.justhvk.hu\/blog\/wp-json\/wp\/v2\/media?parent=3836"}],"wp:term":[{"taxonomy":"category","embeddable":true,"href":"https:\/\/blog.justhvk.hu\/blog\/wp-json\/wp\/v2\/categories?post=3836"},{"taxonomy":"post_tag","embeddable":true,"href":"https:\/\/blog.justhvk.hu\/blog\/wp-json\/wp\/v2\/tags?post=3836"}],"curies":[{"name":"wp","href":"https:\/\/api.w.org\/{rel}","templated":true}]}}