{"id":3896,"date":"2011-01-31T11:28:26","date_gmt":"2011-01-31T10:28:26","guid":{"rendered":"http:\/\/blog.justhvk.hu\/?p=3896"},"modified":"2011-01-31T11:28:26","modified_gmt":"2011-01-31T10:28:26","slug":"olvass-esti-meset","status":"publish","type":"post","link":"https:\/\/blog.justhvk.hu\/blog\/olvass-esti-meset\/","title":{"rendered":"Olvass esti mes\u00e9t!"},"content":{"rendered":"<p>B\u00e1r nem eg\u00e9szen \u00faj kelet\u0171, eddig m\u00e9gsem kapott t\u00fal nagy nyilv\u00e1noss\u00e1got a h\u00edr, miszerint a <a href=\"http:\/\/www.mediaunio.hu\/\">M\u00e9diauni\u00f3<\/a> Alap\u00edtv\u00e1ny Kurat\u00f3riuma kiv\u00e1lasztotta a 2011-es t\u00e1rsadalmi c\u00e9l\u00fa kamp\u00e1ny t\u00e9m\u00e1j\u00e1t. Ha els\u0151 hall\u00e1sra nem egy\u00e9rtelm\u0171, hogy mir\u0151l is van sz\u00f3, gondoljatok csak a 2009-es &#8222;<a href=\"http:\/\/www.mediaunio.hu\/download\/327\/KAJA_sajto11.jpg\">Nincs de<\/a>&#8222;, \u00e9s a tavalyi &#8222;Ker\u00fclj k\u00f6zelebb!&#8221; rekl\u00e1mokra a t\u00e9v\u00e9ben \u00e9s sajt\u00f3ban&#8230;<\/p>\n<p>Az eredm\u00e9ny t\u00f6bb szempontb\u00f3l is rendk\u00edv\u00fcl \u00f6r\u00f6mteli: egyr\u00e9szt (term\u00e9szetesen ez a kev\u00e9sb\u00e9 l\u00e9nyeges), mert figyelembe vett\u00e9k t\u00f6bbek k\u00f6z\u00f6tt egy vid\u00e9ki k\u00f6nyvt\u00e1ros javaslat\u00e1t is, m\u00e1sr\u00e9szt, mert a t\u00e9ma szorosan k\u00f6t\u0151dik is az olvas\u00e1shoz. Merthogy <em>Olvass esti mes\u00e9t a gyermekednek, t\u00f6lts vele egy\u00fctt tartalmas id\u0151t! <\/em>c\u00edmmel ind\u00edtja 2011-es t\u00e1rsadalmi c\u00e9l\u00fa kamp\u00e1ny\u00e1t a pozit\u00edv t\u00e1rsadalmi v\u00e1ltoz\u00e1sok el\u00e9r\u00e9s\u00e9\u00e9rt k\u00e9t \u00e9vvel ezel\u0151tt \u00e9letre h\u00edvott M\u00e9diauni\u00f3.<\/p>\n<p>A tov\u00e1bbiakban a <a href=\"http:\/\/www.mediaunio.hu\/download\/428\/mediaunio_tema2011.doc\">hivatalos sajt\u00f3k\u00f6zlem\u00e9nyb\u0151l<\/a> id\u00e9z\u00fcnk:<\/p>\n<blockquote><p>A t\u00e1rsadalmi c\u00e9l\u00fa kamp\u00e1ny t\u00e9m\u00e1j\u00e1ra be\u00e9rkez\u0151 javaslatok k\u00f6z\u00fcl a Kurat\u00f3rium 2011-re konkr\u00e9t, egy\u00e9rtelm\u0171 t\u00e9m\u00e1t v\u00e1lasztott. Schmidt M\u00e1ria a Kurat\u00f3rium eln\u00f6ke elmondta: <em>\u201eA bizalom er\u0151s\u00edt\u00e9s\u00e9t, a k\u00f6z\u00f6ss\u00e9g\u00e9p\u00edt\u00e9st a mikrok\u00f6z\u00f6ss\u00e9gekben, a csal\u00e1dban kell elkezdeni. Sok csal\u00e1dban term\u00e9szetes az, hogy a sz\u00fcl\u0151k foglalkoznak a gyerekekkel, szeretik \u00e9s elfogadj\u00e1k \u0151t, seg\u00edtik fejl\u0151d\u00e9s\u00e9t. Egyre t\u00f6bb riaszt\u00f3 jel mutat azonban arra, hogy a gyerekeket sokan (ak\u00e1r \u00f6nk\u00e9ntelen\u00fcl is, saj\u00e1t t\u00falterhelts\u00e9g\u00fck ok\u00e1n is) elhanyagolj\u00e1k, nevel\u00e9s\u00fcket kiz\u00e1r\u00f3lag az oktat\u00e1si int\u00e9zm\u00e9nyekre b\u00edzz\u00e1k. A sz\u00fcl\u0151i r\u00e9szv\u00e9telt a nevel\u00e9sben, a pozit\u00edv mint\u00e1k \u00e1tad\u00e1s\u00e1t, a gyermek probl\u00e9m\u00e1ira, gondjaira val\u00f3 odafigyel\u00e9st azonban nem p\u00f3tolhatja semmi.\u201d<\/em><\/p>\n<p>Rudolf P\u00e9ter, a Kurat\u00f3rium tagja \u00edgy indokolta a v\u00e1laszt\u00e1st: \u201e<em>Gyermekkorban a mese-olvas\u00e1s tartalmas egy\u00fcttl\u00e9tet biztos\u00edt sz\u00fcl\u0151 \u00e9s gyermek sz\u00e1m\u00e1ra. A mese a gyermeki fant\u00e1zi\u00e1t megmozgatja, a k\u00e9pzelet erej\u00e9vel hat, seg\u00edt a bels\u0151 k\u00e9p kivet\u00edt\u00e9s\u00e9ben. Mindek\u00f6zben a mese seg\u00edt \u00e1tv\u00e9szelni neh\u00e9zs\u00e9geket, seg\u00edt a gyermek lelk\u00e9ben zajl\u00f3 konfliktusok megold\u00e1s\u00e1ban, felold\u00e1s\u00e1ban is.\u201d<\/em><\/p>\n<p>Somody Imre \u00e9s Hankiss Elem\u00e9r Kurat\u00f3riumi tagok kiemelt\u00e9k, hogy \u201e<em>A mese t\u00f6bbnyire \u00f6nmag\u00e1n t\u00falmutat, mor\u00e1lis mondanival\u00f3t, \u00e9rt\u00e9ket k\u00f6zvet\u00edt, \u00e9ppen ez\u00e9rt k\u00fcl\u00f6n\u00f6sen fontos, hogy sz\u00e1njunk id\u0151t a mes\u00e9l\u00e9sre. Sz\u00e1njunk id\u0151t gyermekeinkre.\u201d<\/em><\/p><\/blockquote>\n<div class=\"fcbkbttn_buttons_block\" id=\"fcbkbttn_left\"><div class=\"fcbkbttn_like \"><fb:like href=\"https:\/\/blog.justhvk.hu\/blog\/olvass-esti-meset\/\" action=\"like\" colorscheme=\"light\" layout=\"button_count\"  size=\"small\"><\/fb:like><\/div><div class=\"fb-share-button  \" data-href=\"https:\/\/blog.justhvk.hu\/blog\/olvass-esti-meset\/\" data-type=\"button_count\" data-size=\"small\"><\/div><\/div>","protected":false},"excerpt":{"rendered":"<p>B\u00e1r nem eg\u00e9szen \u00faj kelet\u0171, eddig m\u00e9gsem kapott t\u00fal nagy nyilv\u00e1noss\u00e1got a h\u00edr, miszerint a M\u00e9diauni\u00f3 Alap\u00edtv\u00e1ny Kurat\u00f3riuma kiv\u00e1lasztotta a 2011-es t\u00e1rsadalmi c\u00e9l\u00fa kamp\u00e1ny t\u00e9m\u00e1j\u00e1t. Ha els\u0151 hall\u00e1sra nem egy\u00e9rtelm\u0171, hogy mir\u0151l is van sz\u00f3, gondoljatok csak a 2009-es &#8222;Nincs de&#8222;, \u00e9s a tavalyi &#8222;Ker\u00fclj k\u00f6zelebb!&#8221; rekl\u00e1mokra a t\u00e9v\u00e9ben \u00e9s sajt\u00f3ban&#8230; Az eredm\u00e9ny t\u00f6bb szempontb\u00f3l [&hellip;]<\/p>\n","protected":false},"author":5,"featured_media":0,"comment_status":"open","ping_status":"open","sticky":false,"template":"","format":"standard","meta":{"episode_type":"","audio_file":"","cover_image":"","cover_image_id":"","duration":"","filesize":"","date_recorded":"","explicit":"","block":"","filesize_raw":"","ngg_post_thumbnail":0,"footnotes":""},"categories":[375,387,439],"tags":[],"class_list":["post-3896","post","type-post","status-publish","format-standard","hentry","category-mediaunio","category-mese","category-olvasas"],"_links":{"self":[{"href":"https:\/\/blog.justhvk.hu\/blog\/wp-json\/wp\/v2\/posts\/3896","targetHints":{"allow":["GET"]}}],"collection":[{"href":"https:\/\/blog.justhvk.hu\/blog\/wp-json\/wp\/v2\/posts"}],"about":[{"href":"https:\/\/blog.justhvk.hu\/blog\/wp-json\/wp\/v2\/types\/post"}],"author":[{"embeddable":true,"href":"https:\/\/blog.justhvk.hu\/blog\/wp-json\/wp\/v2\/users\/5"}],"replies":[{"embeddable":true,"href":"https:\/\/blog.justhvk.hu\/blog\/wp-json\/wp\/v2\/comments?post=3896"}],"version-history":[{"count":0,"href":"https:\/\/blog.justhvk.hu\/blog\/wp-json\/wp\/v2\/posts\/3896\/revisions"}],"wp:attachment":[{"href":"https:\/\/blog.justhvk.hu\/blog\/wp-json\/wp\/v2\/media?parent=3896"}],"wp:term":[{"taxonomy":"category","embeddable":true,"href":"https:\/\/blog.justhvk.hu\/blog\/wp-json\/wp\/v2\/categories?post=3896"},{"taxonomy":"post_tag","embeddable":true,"href":"https:\/\/blog.justhvk.hu\/blog\/wp-json\/wp\/v2\/tags?post=3896"}],"curies":[{"name":"wp","href":"https:\/\/api.w.org\/{rel}","templated":true}]}}