{"id":39213,"date":"2024-11-07T12:16:49","date_gmt":"2024-11-07T12:16:49","guid":{"rendered":"https:\/\/blog.justhvk.hu\/blog\/?p=39213"},"modified":"2024-11-07T12:21:40","modified_gmt":"2024-11-07T12:21:40","slug":"november-15-rajzfilmunnep-a-konyvtarban","status":"publish","type":"post","link":"https:\/\/blog.justhvk.hu\/blog\/november-15-rajzfilmunnep-a-konyvtarban\/","title":{"rendered":"November 15.: Rajzfilm\u00fcnnep a k\u00f6nyvt\u00e1rban"},"content":{"rendered":"\n<p>Kedves Olvas\u00f3! K\u00f6nyvt\u00e1runk is csatlakozott a <a href=\"https:\/\/www.rajzfilmunnep.hu\/\">X. Orsz\u00e1gos Rajzfilm\u00fcnnep<\/a> programsorozat\u00e1hoz. A Rajzfilm\u00fcnnepre a hazai anim\u00e1ci\u00f3s filmgy\u00e1rt\u00e1s \u00faj \u00e9s klasszikus m\u0171veit: sorozatait, v\u00e1logat\u00e1sait \u00e9s eg\u00e9sz est\u00e9s filmjeit bocs\u00e1tj\u00e1k a szervez\u0151k a r\u00e9sztvev\u0151 int\u00e9zm\u00e9nyek rendelkez\u00e9s\u00e9re. <\/p>\n\n\n\n<p>A gyermekk\u00f6nyvt\u00e1rban <strong>2024. november 15-\u00e9n 10 \u00f3r\u00e1t\u00f3l a Szaffit, 14 \u00f3r\u00e1t\u00f3l a L\u00fadas Matyit <\/strong>mutatjuk majd be.<\/p>\n\n\n\n<!--more-->\n\n\n\n<p>El\u0151zetes bejelentkez\u00e9s e-mailben (<a href=\"mailto:ohkiskonyvtar@gmail.com\">ohkiskonyvtar@gmail.com<\/a>) vagy telefonon (+3668412075) <\/p>\n\n\n\n<p><a href=\"https:\/\/www.facebook.com\/events\/1100347258353054\/\">Facebook-esem\u00e9ny<\/a><\/p>\n\n\n\n<p><em>A rendezv\u00e9nyre a bel\u00e9p\u00e9s d\u00edjtalan. A rendezv\u00e9nyen f\u00e9nyk\u00e9p-, hang- \u00e9s videofelv\u00e9telek k\u00e9sz\u00fclnek, melyek r\u00e9szben vagy eg\u00e9szben nyilv\u00e1noss\u00e1gra ker\u00fclnek. A szervez\u0151k a programv\u00e1ltoztat\u00e1s jog\u00e1t fenntartj\u00e1k.<\/em><\/p>\n<div class=\"fcbkbttn_buttons_block\" id=\"fcbkbttn_left\"><div class=\"fcbkbttn_like \"><fb:like href=\"https:\/\/blog.justhvk.hu\/blog\/november-15-rajzfilmunnep-a-konyvtarban\/\" action=\"like\" colorscheme=\"light\" layout=\"button_count\"  size=\"small\"><\/fb:like><\/div><div class=\"fb-share-button  \" data-href=\"https:\/\/blog.justhvk.hu\/blog\/november-15-rajzfilmunnep-a-konyvtarban\/\" data-type=\"button_count\" data-size=\"small\"><\/div><\/div>","protected":false},"excerpt":{"rendered":"<p>Kedves Olvas\u00f3! K\u00f6nyvt\u00e1runk is csatlakozott a X. Orsz\u00e1gos Rajzfilm\u00fcnnep programsorozat\u00e1hoz. A Rajzfilm\u00fcnnepre a hazai anim\u00e1ci\u00f3s filmgy\u00e1rt\u00e1s \u00faj \u00e9s klasszikus m\u0171veit: sorozatait, v\u00e1logat\u00e1sait \u00e9s eg\u00e9sz est\u00e9s filmjeit bocs\u00e1tj\u00e1k a szervez\u0151k a r\u00e9sztvev\u0151 int\u00e9zm\u00e9nyek rendelkez\u00e9s\u00e9re. A gyermekk\u00f6nyvt\u00e1rban 2024. november 15-\u00e9n 10 \u00f3r\u00e1t\u00f3l a Szaffit, 14 \u00f3r\u00e1t\u00f3l a L\u00fadas Matyit mutatjuk majd be.<\/p>\n","protected":false},"author":5,"featured_media":39214,"comment_status":"open","ping_status":"open","sticky":false,"template":"","format":"standard","meta":{"episode_type":"","audio_file":"","cover_image":"","cover_image_id":"","duration":"","filesize":"","date_recorded":"","explicit":"","block":"","filesize_raw":"","ngg_post_thumbnail":0,"footnotes":""},"categories":[255,452,503,1137],"tags":[],"class_list":["post-39213","post","type-post","status-publish","format-standard","has-post-thumbnail","hentry","category-justh-zsigmond-varosi-konyvtar","category-oroshaza","category-programajanlo","category-rajzfilmunnep"],"_links":{"self":[{"href":"https:\/\/blog.justhvk.hu\/blog\/wp-json\/wp\/v2\/posts\/39213","targetHints":{"allow":["GET"]}}],"collection":[{"href":"https:\/\/blog.justhvk.hu\/blog\/wp-json\/wp\/v2\/posts"}],"about":[{"href":"https:\/\/blog.justhvk.hu\/blog\/wp-json\/wp\/v2\/types\/post"}],"author":[{"embeddable":true,"href":"https:\/\/blog.justhvk.hu\/blog\/wp-json\/wp\/v2\/users\/5"}],"replies":[{"embeddable":true,"href":"https:\/\/blog.justhvk.hu\/blog\/wp-json\/wp\/v2\/comments?post=39213"}],"version-history":[{"count":2,"href":"https:\/\/blog.justhvk.hu\/blog\/wp-json\/wp\/v2\/posts\/39213\/revisions"}],"predecessor-version":[{"id":39217,"href":"https:\/\/blog.justhvk.hu\/blog\/wp-json\/wp\/v2\/posts\/39213\/revisions\/39217"}],"wp:featuredmedia":[{"embeddable":true,"href":"https:\/\/blog.justhvk.hu\/blog\/wp-json\/wp\/v2\/media\/39214"}],"wp:attachment":[{"href":"https:\/\/blog.justhvk.hu\/blog\/wp-json\/wp\/v2\/media?parent=39213"}],"wp:term":[{"taxonomy":"category","embeddable":true,"href":"https:\/\/blog.justhvk.hu\/blog\/wp-json\/wp\/v2\/categories?post=39213"},{"taxonomy":"post_tag","embeddable":true,"href":"https:\/\/blog.justhvk.hu\/blog\/wp-json\/wp\/v2\/tags?post=39213"}],"curies":[{"name":"wp","href":"https:\/\/api.w.org\/{rel}","templated":true}]}}