{"id":40500,"date":"2025-01-23T13:42:13","date_gmt":"2025-01-23T13:42:13","guid":{"rendered":"https:\/\/blog.justhvk.hu\/blog\/?p=40500"},"modified":"2025-03-07T11:54:20","modified_gmt":"2025-03-07T11:54:20","slug":"minositett-konyvtar-cimet-kapott-a-konyvtar-2","status":"publish","type":"post","link":"https:\/\/blog.justhvk.hu\/blog\/minositett-konyvtar-cimet-kapott-a-konyvtar-2\/","title":{"rendered":"Min\u0151s\u00edtett K\u00f6nyvt\u00e1r c\u00edmet kapott a k\u00f6nyvt\u00e1r"},"content":{"rendered":"\n<p>A magyar kult\u00fara napja alkalm\u00e1b\u00f3l adt\u00e1k \u00e1t tegnap a Hagyom\u00e1nyok H\u00e1z\u00e1ban a Min\u0151s\u00edtett K\u00f6z\u00f6ss\u00e9gi Sz\u00ednt\u00e9r, a Min\u0151s\u00edtett K\u00f6zm\u0171vel\u0151d\u00e9si Int\u00e9zm\u00e9ny \u00e9s a Min\u0151s\u00edtett K\u00f6nyvt\u00e1r c\u00edmeket, valamint a K\u00f6zm\u0171vel\u0151d\u00e9si \u00e9s K\u00f6nyvt\u00e1ri Min\u0151s\u00e9gi D\u00edjakat.&nbsp;A Justh Zsigmond V\u00e1rosi K\u00f6nyvt\u00e1r &#8211; <a href=\"https:\/\/blog.justhvk.hu\/blog\/minositett-konyvtari-cimet-kapott-a-justh-zsigmond-varosi-konyvtar\/\">2020 ut\u00e1n<\/a> ism\u00e9t &#8211; Min\u0151s\u00edtett K\u00f6nyvt\u00e1r c\u00edmet szerzett. A d\u00edjat a k\u00f6nyvt\u00e1runk r\u00e9sz\u00e9r\u0151l <em>Buzai Csaba<\/em> k\u00f6nyvt\u00e1rigazgat\u00f3 \u00e9s <em>T\u00f6rk\u00f6ly J\u00f3zsef<\/em> igazgat\u00f3helyettes vette \u00e1t.&nbsp;<\/p>\n\n\n\n<!--more-->\n\n\n\n<p>A d\u00edj\u00e1tad\u00f3n elhangzott: <em>&#8222;Az orosh\u00e1zi v\u00e1rosi k\u00f6nyvt\u00e1r a PDCA-ciklus \u00e9s a min\u0151s\u00e9gir\u00e1ny\u00edt\u00e1s sz\u00e1mos fontos  eszk\u00f6z\u00e9t elk\u00f6telezetten haszn\u00e1lva, kiemelked\u0151en \u00e1tgondolt \u00e9s kialak\u00edtott, a m\u0171k\u00f6d\u00e9s sz\u00e1mos ter\u00fclet\u00e9re kiterjesztett adatgy\u0171jt\u00e9si gyakorlatot folytatva ny\u00fajtja stabil \u00e9s sz\u00e9les k\u00f6r\u0171 szolg\u00e1ltat\u00e1sait.&#8221;<\/em><\/p>\n\n\n\n<p>2025-ben Min\u0151s\u00edtett K\u00f6nyvt\u00e1ri c\u00edmet vehetett \u00e1t k\u00f6nyvt\u00e1runk mellett a<\/p>\n\n\n\n<ul class=\"wp-block-list\">\n<li>a Budapesti Gazdas\u00e1gi Egyetem Egyetemi K\u00f6nyvt\u00e1ra,&nbsp;<\/li>\n\n\n\n<li>a kecskem\u00e9ti Katona J\u00f3zsef K\u00f6nyvt\u00e1r,&nbsp;<\/li>\n\n\n\n<li>a p\u00e9csi Csorba Gy\u0151z\u0151 K\u00f6nyvt\u00e1r,&nbsp;<\/li>\n\n\n\n<li>a szolnoki Verseghy Ferenc K\u00f6nyvt\u00e1r \u00e9s K\u00f6zm\u0171vel\u0151d\u00e9si Int\u00e9zm\u00e9ny<\/li>\n<\/ul>\n\n\n\n<p>A K\u00f6nyvt\u00e1ri Min\u0151s\u00e9gi D\u00edjat a a kazincbarcikai Egressy B\u00e9ni V\u00e1rosi K\u00f6nyvt\u00e1r \u00e9s a szeksz\u00e1rdi Illy\u00e9s Gyula K\u00f6nyvt\u00e1r kapta. Mindenkinek sz\u00edvb\u0151l gratul\u00e1lunk!<\/p>\n\n\n\n<p>Az elismer\u00e9seket <em>Z\u00e1vogy\u00e1n Magdolna<\/em> kult\u00far\u00e1\u00e9rt felel\u0151s \u00e1llamtitk\u00e1r \u00e9s <em>Vincze M\u00e1t\u00e9<\/em> k\u00f6zgy\u0171jtem\u00e9nyek\u00e9rt \u00e9s kultur\u00e1lis fejleszt\u00e9sek\u00e9rt felel\u0151s helyettes \u00e1llamtitk\u00e1r adta \u00e1t a d\u00edjazottaknak.&nbsp;<\/p>\n\n\n\n<p>A p\u00e1ly\u00e1zat szakmai besz\u00e1mol\u00f3j\u00e1t <a href=\"https:\/\/blog.justhvk.hu\/blog\/minositett-konyvtar-cim-palyazat-2024\/\">a honlapunkra is felt\u00f6lt\u00f6tt\u00fck<\/a>.&nbsp;<\/p>\n\n\n\n<p>Mindenkinek k\u00f6sz\u00f6nj\u00fck a t\u00e1mogat\u00e1st, seg\u00edts\u00e9get, partners\u00e9get, legyen sz\u00f3 ak\u00e1r a fenntart\u00f3r\u00f3l, ak\u00e1r az olvas\u00f3r\u00f3l! <\/p>\n\n\n\n<p><strong>Kiemelt k\u00e9p: <a href=\"https:\/\/oroscafe.hu\/2025\/01\/23\/az-oroshazi-az-orszag-egyik-minositett-konyvtara\/\">OrosCaf\u00e9 (Nagy Krist\u00f3f)<\/a> <\/strong><\/p>\n<div class=\"fcbkbttn_buttons_block\" id=\"fcbkbttn_left\"><div class=\"fcbkbttn_like \"><fb:like href=\"https:\/\/blog.justhvk.hu\/blog\/minositett-konyvtar-cimet-kapott-a-konyvtar-2\/\" action=\"like\" colorscheme=\"light\" layout=\"button_count\"  size=\"small\"><\/fb:like><\/div><div class=\"fb-share-button  \" data-href=\"https:\/\/blog.justhvk.hu\/blog\/minositett-konyvtar-cimet-kapott-a-konyvtar-2\/\" data-type=\"button_count\" data-size=\"small\"><\/div><\/div>","protected":false},"excerpt":{"rendered":"<p>A magyar kult\u00fara napja alkalm\u00e1b\u00f3l adt\u00e1k \u00e1t tegnap a Hagyom\u00e1nyok H\u00e1z\u00e1ban a Min\u0151s\u00edtett K\u00f6z\u00f6ss\u00e9gi Sz\u00ednt\u00e9r, a Min\u0151s\u00edtett K\u00f6zm\u0171vel\u0151d\u00e9si Int\u00e9zm\u00e9ny \u00e9s a Min\u0151s\u00edtett K\u00f6nyvt\u00e1r c\u00edmeket, valamint a K\u00f6zm\u0171vel\u0151d\u00e9si \u00e9s K\u00f6nyvt\u00e1ri Min\u0151s\u00e9gi D\u00edjakat.&nbsp;A Justh Zsigmond V\u00e1rosi K\u00f6nyvt\u00e1r &#8211; 2020 ut\u00e1n ism\u00e9t &#8211; Min\u0151s\u00edtett K\u00f6nyvt\u00e1r c\u00edmet szerzett. A d\u00edjat a k\u00f6nyvt\u00e1runk r\u00e9sz\u00e9r\u0151l Buzai Csaba k\u00f6nyvt\u00e1rigazgat\u00f3 \u00e9s T\u00f6rk\u00f6ly J\u00f3zsef [&hellip;]<\/p>\n","protected":false},"author":5,"featured_media":40502,"comment_status":"open","ping_status":"open","sticky":false,"template":"","format":"standard","meta":{"episode_type":"","audio_file":"","cover_image":"","cover_image_id":"","duration":"","filesize":"","date_recorded":"","explicit":"","block":"","filesize_raw":"","ngg_post_thumbnail":0,"footnotes":""},"categories":[255,895,931,452],"tags":[],"class_list":["post-40500","post","type-post","status-publish","format-standard","has-post-thumbnail","hentry","category-justh-zsigmond-varosi-konyvtar","category-minosegiranyitas","category-minositett-konyvtar-cim","category-oroshaza"],"_links":{"self":[{"href":"https:\/\/blog.justhvk.hu\/blog\/wp-json\/wp\/v2\/posts\/40500","targetHints":{"allow":["GET"]}}],"collection":[{"href":"https:\/\/blog.justhvk.hu\/blog\/wp-json\/wp\/v2\/posts"}],"about":[{"href":"https:\/\/blog.justhvk.hu\/blog\/wp-json\/wp\/v2\/types\/post"}],"author":[{"embeddable":true,"href":"https:\/\/blog.justhvk.hu\/blog\/wp-json\/wp\/v2\/users\/5"}],"replies":[{"embeddable":true,"href":"https:\/\/blog.justhvk.hu\/blog\/wp-json\/wp\/v2\/comments?post=40500"}],"version-history":[{"count":2,"href":"https:\/\/blog.justhvk.hu\/blog\/wp-json\/wp\/v2\/posts\/40500\/revisions"}],"predecessor-version":[{"id":41216,"href":"https:\/\/blog.justhvk.hu\/blog\/wp-json\/wp\/v2\/posts\/40500\/revisions\/41216"}],"wp:featuredmedia":[{"embeddable":true,"href":"https:\/\/blog.justhvk.hu\/blog\/wp-json\/wp\/v2\/media\/40502"}],"wp:attachment":[{"href":"https:\/\/blog.justhvk.hu\/blog\/wp-json\/wp\/v2\/media?parent=40500"}],"wp:term":[{"taxonomy":"category","embeddable":true,"href":"https:\/\/blog.justhvk.hu\/blog\/wp-json\/wp\/v2\/categories?post=40500"},{"taxonomy":"post_tag","embeddable":true,"href":"https:\/\/blog.justhvk.hu\/blog\/wp-json\/wp\/v2\/tags?post=40500"}],"curies":[{"name":"wp","href":"https:\/\/api.w.org\/{rel}","templated":true}]}}