{"id":4151,"date":"2011-04-21T00:29:25","date_gmt":"2011-04-20T23:29:25","guid":{"rendered":"http:\/\/blog.justhvk.hu\/?p=4151"},"modified":"2011-04-21T00:29:25","modified_gmt":"2011-04-20T23:29:25","slug":"podcast-20113","status":"publish","type":"post","link":"https:\/\/blog.justhvk.hu\/blog\/podcast-20113\/","title":{"rendered":"Podcast 2011\/3"},"content":{"rendered":"<p>Kedves olvas\u00f3k, fogadj\u00e1tok, hallgass\u00e1tok szeretettel leg\u00fajabb podcastunkat. A tartalomb\u00f3l:<\/p>\n<p style=\"padding-left: 30px;\"><em>&#8211; M\u00e1rcius 27-\u00e9n, vas\u00e1rnap d\u00e9lut\u00e1n nagy \u00e9rdekl\u0151d\u00e9s mellett mutatta be \u00e9letrajzi reg\u00e9ny\u00e9t k\u00f6nyvt\u00e1runk olvas\u00f3term\u00e9ben az orosh\u00e1zi sz\u00fclet\u00e9s\u0171 Dr. Michael Ben-Menachem (Mark\u00f3 Mikl\u00f3s). Podcastunkban meghallgathatjuk az Orosh\u00e1zi V\u00e1rosi Telev\u00edzi\u00f3 \u00e1ltal k\u00e9sz\u00edtett interj\u00fat, valamint k\u00f6zben belehallgatunk mag\u00e1ba a k\u00f6nyvbemutat\u00f3ba is.<\/em><\/p>\n<p style=\"padding-left: 30px;\"><em>&#8211; Orosh\u00e1za V\u00e1ros \u00d6nkorm\u00e1nyzata, a Helios Alap\u00edtv\u00e1ny \u00e9s a Justh Zsigmond V\u00e1rosi K\u00f6nyvt\u00e1r J\u00e1szay-Horv\u00e1th Elem\u00e9r orosh\u00e1zi sz\u00fclet\u00e9s\u0171, a Nyugat c\u00edm\u0171 foly\u00f3iratban \u00e9veken \u00e1t publik\u00e1l\u00f3 k\u00f6lt\u0151 eml\u00e9k\u00e9nek \u00e1pol\u00e1s\u00e1ra vers\u00edr\u00f3 p\u00e1ly\u00e1zatot hirdetett. A r\u00e9szletekr\u0151l a f\u0151szervez\u0151t, F\u00fcl\u00f6p B\u00e9l\u00e1t k\u00e9rdezt\u00fck. <\/em><\/p>\n<p style=\"padding-left: 30px;\"><em>&#8211; Folytatva a helyi irodalmat bemutat\u00f3 sorozatunkat, ez\u00fattal Balogh \u00d6rse olvas fel saj\u00e1t verseib\u0151l.<\/em><\/p>\n<p><em> <\/em><\/p>\n<p style=\"padding-left: 30px;\"><em>&#8211; Nyitva tart\u00e1s \u00e9s el\u00e9rhet\u0151s\u00e9geink.<\/em><\/p>\n<p>A podcastot az al\u00e1bbi linkr\u0151l tudj\u00e1tok let\u00f6lteni (vagy a lej\u00e1tsz\u00e1s  gombra kattintva meghallgatni):<\/p>\n<li><strong><a href=\"http:\/\/192.168.10.245\/wp-content\/uploads\/2011\/04\/teljes_2011_03.mp3\">justhvk_podcast2011_03<\/a><\/strong> (2011. 04. 21.) [audio:http:\/\/192.168.10.245\/wp-content\/uploads\/2011\/04\/teljes_2011_03.mp3]<\/li>\n<p>J\u00f3 sz\u00f3rakoz\u00e1st!<\/p>\n<p><a href=\"http:\/\/192.168.10.245\/wp-content\/uploads\/2010\/06\/podcast_logo.png\"><img loading=\"lazy\" decoding=\"async\" class=\"size-medium wp-image-3200 alignleft\" title=\"podcast_logo\" src=\"http:\/\/192.168.10.245\/wp-content\/uploads\/2010\/06\/podcast_logo-300x300.png\" alt=\"\" width=\"187\" height=\"187\" \/><\/a><\/p>\n<div class=\"fcbkbttn_buttons_block\" id=\"fcbkbttn_left\"><div class=\"fcbkbttn_like \"><fb:like href=\"https:\/\/blog.justhvk.hu\/blog\/podcast-20113\/\" action=\"like\" colorscheme=\"light\" layout=\"button_count\"  size=\"small\"><\/fb:like><\/div><div class=\"fb-share-button  \" data-href=\"https:\/\/blog.justhvk.hu\/blog\/podcast-20113\/\" data-type=\"button_count\" data-size=\"small\"><\/div><\/div>","protected":false},"excerpt":{"rendered":"<p>Kedves olvas\u00f3k, fogadj\u00e1tok, hallgass\u00e1tok szeretettel leg\u00fajabb podcastunkat. A tartalomb\u00f3l: &#8211; M\u00e1rcius 27-\u00e9n, vas\u00e1rnap d\u00e9lut\u00e1n nagy \u00e9rdekl\u0151d\u00e9s mellett mutatta be \u00e9letrajzi reg\u00e9ny\u00e9t k\u00f6nyvt\u00e1runk olvas\u00f3term\u00e9ben az orosh\u00e1zi sz\u00fclet\u00e9s\u0171 Dr. Michael Ben-Menachem (Mark\u00f3 Mikl\u00f3s). Podcastunkban meghallgathatjuk az Orosh\u00e1zi V\u00e1rosi Telev\u00edzi\u00f3 \u00e1ltal k\u00e9sz\u00edtett interj\u00fat, valamint k\u00f6zben belehallgatunk mag\u00e1ba a k\u00f6nyvbemutat\u00f3ba is. &#8211; Orosh\u00e1za V\u00e1ros \u00d6nkorm\u00e1nyzata, a Helios Alap\u00edtv\u00e1ny \u00e9s [&hellip;]<\/p>\n","protected":false},"author":5,"featured_media":0,"comment_status":"open","ping_status":"open","sticky":false,"template":"","format":"standard","meta":{"episode_type":"","audio_file":"http:\/\/192.168.10.245\/wp-content\/uploads\/2011\/04\/teljes_2011_03.mp3\n0\naudio\/mpeg\n","cover_image":"","cover_image_id":"","duration":"","filesize":"","date_recorded":"","explicit":"","block":"","filesize_raw":"","ngg_post_thumbnail":0,"footnotes":""},"categories":[54,242,255,269,452,499],"tags":[799],"class_list":["post-4151","post","type-post","status-publish","format-standard","hentry","category-balogh-orse","category-jaszay-horvath-elemer","category-justh-zsigmond-varosi-konyvtar","category-karolyi-fulop-bela","category-oroshaza","category-podcast","tag-justh-zsigmond-varosi-konyvtar"],"_links":{"self":[{"href":"https:\/\/blog.justhvk.hu\/blog\/wp-json\/wp\/v2\/posts\/4151","targetHints":{"allow":["GET"]}}],"collection":[{"href":"https:\/\/blog.justhvk.hu\/blog\/wp-json\/wp\/v2\/posts"}],"about":[{"href":"https:\/\/blog.justhvk.hu\/blog\/wp-json\/wp\/v2\/types\/post"}],"author":[{"embeddable":true,"href":"https:\/\/blog.justhvk.hu\/blog\/wp-json\/wp\/v2\/users\/5"}],"replies":[{"embeddable":true,"href":"https:\/\/blog.justhvk.hu\/blog\/wp-json\/wp\/v2\/comments?post=4151"}],"version-history":[{"count":0,"href":"https:\/\/blog.justhvk.hu\/blog\/wp-json\/wp\/v2\/posts\/4151\/revisions"}],"wp:attachment":[{"href":"https:\/\/blog.justhvk.hu\/blog\/wp-json\/wp\/v2\/media?parent=4151"}],"wp:term":[{"taxonomy":"category","embeddable":true,"href":"https:\/\/blog.justhvk.hu\/blog\/wp-json\/wp\/v2\/categories?post=4151"},{"taxonomy":"post_tag","embeddable":true,"href":"https:\/\/blog.justhvk.hu\/blog\/wp-json\/wp\/v2\/tags?post=4151"}],"curies":[{"name":"wp","href":"https:\/\/api.w.org\/{rel}","templated":true}]}}