{"id":41746,"date":"2025-04-28T08:39:19","date_gmt":"2025-04-28T08:39:19","guid":{"rendered":"https:\/\/blog.justhvk.hu\/blog\/?p=41746"},"modified":"2025-04-28T09:09:23","modified_gmt":"2025-04-28T09:09:23","slug":"gyoparka-tunder-mesemondo-verseny-fotok-eredmenyek","status":"publish","type":"post","link":"https:\/\/blog.justhvk.hu\/blog\/gyoparka-tunder-mesemondo-verseny-fotok-eredmenyek\/","title":{"rendered":"Gyop\u00e1rka t\u00fcnd\u00e9r mesemond\u00f3 verseny &#8211; fot\u00f3k, eredm\u00e9nyek"},"content":{"rendered":"\n<p>Imm\u00e1r a tizennyolcadik Gyop\u00e1rka t\u00fcnd\u00e9r mesemond\u00f3 versenyt rendezt\u00fck meg a h\u00e9tv\u00e9g\u00e9n, a szok\u00e1soknak megfelel\u0151en ez\u00fattal is a telep\u00fcl\u00e9salap\u00edt\u00e1si \u00fcnneps\u00e9gsorozathoz kapcsol\u00f3dva. <\/p>\n\n\n\n<!--more-->\n\n\n\n<p>Mivel ez az id\u0151szak most egybeesett a tavaszi sz\u00fcnettel, k\u00fcl\u00f6n is k\u00f6sz\u00f6net \u00e9s gratul\u00e1ci\u00f3 illeti meg az idei versenyre jelentkez\u0151 gyerekeket, sz\u00fcl\u0151ket, \u00e9s term\u00e9szetesen a felk\u00e9sz\u00edt\u0151 pedag\u00f3gusokat, ami\u00e9rt szabadidej\u00fckben ezt a programot v\u00e1lasztott\u00e1k. A mesemond\u00f3k idei tal\u00e1lkoz\u00f3j\u00e1ra 31 nevez\u00e9s \u00e9rkezett, a gyerekek h\u00e1rom korcsoportban mondt\u00e1k el v\u00e1lasztott mes\u00e9iket.<\/p>\n\n\n\n<p><em>Az els\u0151 mesemond\u00f3 versenyt az Ifj\u00fas\u00e1gi Magyars\u00e1gt\u00e1bor keretein bel\u00fcl szervezte meg K\u00e1rolyi F\u00fcl\u00f6p B\u00e9la magyartan\u00e1r, \u00edr\u00f3, k\u00f6lt\u0151, gimn\u00e1ziumi igazgat\u00f3, Gyop\u00e1rka T\u00fcnd\u00e9r alakj\u00e1nak meg\u00e1lmod\u00f3ja 2006-ban. Az els\u0151 verseny m\u00e9g csak egy t\u00e1borz\u00e1r\u00f3 feladat volt a t\u00e1boroz\u00f3k sz\u00e1m\u00e1ra az Orosh\u00e1z\u00e1hoz tartoz\u00f3 Cinkuson, majd \u00e9vr\u0151l \u00e9vre mind nagyobb sz\u00e1mban jelentkeztek mesemond\u00f3k, szinte \u00e9vr\u0151l-\u00e9vre k\u00fcl\u00f6nb\u00f6z\u0151 helysz\u00edneken, \u00edgy a m\u00e1r eml\u00edtett Cinkus mellett Gell\u00e9rtegyh\u00e1z\u00e1n, a Sz\u00e9k\u00e1cs J\u00f3zsef Evang\u00e9likus Iskol\u00e1ban, a Pet\u0151fi M\u0171vel\u0151d\u00e9si K\u00f6zpontban, \u00e9s 2013 \u00f3ta a Justh Zsigmond V\u00e1rosi K\u00f6nyvt\u00e1rban.<\/em><\/p>\n\n\n\n<p>A zs\u0171ri tagja voltak:<\/p>\n\n\n\n<ul class=\"wp-block-list\">\n<li>Cs\u00e1nyin\u00e9 K\u00e1d\u00e1r T\u00fcnde nyugd\u00edjas k\u00f6nyvt\u00e1ros <\/li>\n\n\n\n<li>Mihutz Margit nyugd\u00edjas \u00f3v\u00f3n\u0151 <\/li>\n\n\n\n<li>Zalai Mih\u00e1ly, a Nemzeti M\u0171vel\u0151d\u00e9si Int\u00e9zet kiemelt programok igazgat\u00f3ja<\/li>\n<\/ul>\n\n\n\n<p>Ez\u00faton is k\u00f6sz\u00f6nj\u00fck a zs\u0171ri munk\u00e1j\u00e1t!<\/p>\n\n\n\n<p>A versenyen nagy szeretettel k\u00f6sz\u00f6nt\u00f6tt\u00fck F\u00fcl\u00f6p B\u00e9l\u00e1n\u00e9 Gy\u00f6ngyik\u00e9t, aki \u00e9vr\u0151l-\u00e9vre meghallgatja a mesemond\u00f3kat, valamint jelen volt Raffai J\u00e1nos, Orosh\u00e1za v\u00e1ros polg\u00e1rmestere is, aki a d\u00edj\u00e1tad\u00e1sban is k\u00f6zrem\u0171k\u00f6d\u00f6tt.<\/p>\n\n\n\n<p><strong>Eredm\u00e9nyek<\/strong>.<\/p>\n\n\n\n<p><strong>\u00d3vod\u00e1sok:<\/strong><\/p>\n\n\n\n<p>1. Dud\u00e1s Izabella (Forr\u00e1s Reform\u00e1tus \u00d3voda) <\/p>\n\n\n\n<p>2. Iv\u00e1nyi Elza (E\u00f6tv\u00f6s J\u00f3zsef Katolikus \u00c1ltal\u00e1nos Iskola \u00e9s \u00d3voda) <\/p>\n\n\n\n<p>3. Wojtczak Lilien (Forr\u00e1s Reform\u00e1tus \u00d3voda)<\/p>\n\n\n\n<p><strong>1-2. oszt\u00e1ly: <\/strong><\/p>\n\n\n\n<p>1. Sz\u0151ke Ad\u00e9l (Orosh\u00e1zi Reform\u00e1tus K\u00e9t Tan\u00edt\u00e1si Nyelv\u0171 \u00c1ltal\u00e1nos Iskola) <\/p>\n\n\n\n<p>1. M\u00f3cz Izabella (Dr. Mester Gy\u00f6rgy \u00c1ltal\u00e1nos Iskola, Elek) <\/p>\n\n\n\n<p>2. Ol\u00e1h Veronika (Orosh\u00e1zi Reform\u00e1tus K\u00e9t Tan\u00edt\u00e1si Nyelv\u0171 \u00c1ltal\u00e1nos Iskola) <\/p>\n\n\n\n<p>3. Borsos S\u00e1ndor (Sz\u00e9k\u00e1cs J\u00f3zsef Evang\u00e9likus \u00d3voda \u00c1ltal\u00e1nos Iskola \u00e9s Gimn\u00e1zium) <\/p>\n\n\n\n<p>K\u00fcl\u00f6nd\u00edj Michaeli Barnab\u00e1s D\u00e1vid (Orosh\u00e1zi V\u00f6r\u00f6smarty Mih\u00e1ly \u00c1ltal\u00e1nos Iskola) <\/p>\n\n\n\n<p><strong>3-4. oszt\u00e1ly:<\/strong><\/p>\n\n\n\n<p>1. Farkas Eug\u00e9nia Ilona (Jank\u00f3 J\u00e1nos \u00c1ltal\u00e1nos Iskola \u00e9s Gimn\u00e1zium, T\u00f3tkoml\u00f3s) <\/p>\n\n\n\n<p>2. Kocsis L\u00e1szl\u00f3 Istv\u00e1n (Jank\u00f3 J\u00e1nos \u00c1ltal\u00e1nos Iskola \u00e9s Gimn\u00e1zium, T\u00f3tkoml\u00f3s) <\/p>\n\n\n\n<p>2. Domsik l\u00e1szl\u00f3 P\u00e9ter (Sz\u00e9k\u00e1cs J\u00f3zsef Evang\u00e9likus \u00d3voda, \u00c1ltal\u00e1nos Iskola \u00e9s Gimn\u00e1zium) <\/p>\n\n\n\n<p>3. Zsiga Muhammed (Jank\u00f3 J\u00e1nos \u00c1ltal\u00e1nos Iskola \u00e9s Gimn\u00e1zium, T\u00f3tkoml\u00f3s)<\/p>\n\n\n\n<p>A verseny t\u00e1mogat\u00f3 voltak: Orosh\u00e1za V\u00e1ros \u00d6nkorm\u00e1nyzata, Pet\u0151fi M\u0171vel\u0151d\u00e9si K\u00f6zpont. K\u00f6sz\u00f6nj\u00fck a seg\u00edts\u00e9get!<\/p>\n\n\n\n<p>Fot\u00f3k: <a href=\"https:\/\/blog.justhvk.hu\/blog\/2025-os-fotok\/nggallery\/album\/18-gyoparka-tunder-mesemondo-verseny-2025-aprilis-26\">https:\/\/blog.justhvk.hu\/blog\/2025-os-fotok\/nggallery\/album\/18-gyoparka-tunder-mesemondo-verseny-2025-aprilis-26<\/a><\/p>\n\n\n\n<p><\/p>\n<div class=\"fcbkbttn_buttons_block\" id=\"fcbkbttn_left\"><div class=\"fcbkbttn_like \"><fb:like href=\"https:\/\/blog.justhvk.hu\/blog\/gyoparka-tunder-mesemondo-verseny-fotok-eredmenyek\/\" action=\"like\" colorscheme=\"light\" layout=\"button_count\"  size=\"small\"><\/fb:like><\/div><div class=\"fb-share-button  \" data-href=\"https:\/\/blog.justhvk.hu\/blog\/gyoparka-tunder-mesemondo-verseny-fotok-eredmenyek\/\" data-type=\"button_count\" data-size=\"small\"><\/div><\/div>","protected":false},"excerpt":{"rendered":"<p>Imm\u00e1r a tizennyolcadik Gyop\u00e1rka t\u00fcnd\u00e9r mesemond\u00f3 versenyt rendezt\u00fck meg a h\u00e9tv\u00e9g\u00e9n, a szok\u00e1soknak megfelel\u0151en ez\u00fattal is a telep\u00fcl\u00e9salap\u00edt\u00e1si \u00fcnneps\u00e9gsorozathoz kapcsol\u00f3dva.<\/p>\n","protected":false},"author":5,"featured_media":41750,"comment_status":"open","ping_status":"open","sticky":false,"template":"","format":"standard","meta":{"episode_type":"","audio_file":"","cover_image":"","cover_image_id":"","duration":"","filesize":"","date_recorded":"","explicit":"","block":"","filesize_raw":"","ngg_post_thumbnail":0,"footnotes":""},"categories":[191,255,388,452],"tags":[],"class_list":["post-41746","post","type-post","status-publish","format-standard","has-post-thumbnail","hentry","category-gyoparka-tunder","category-justh-zsigmond-varosi-konyvtar","category-mesemondo-verseny","category-oroshaza"],"_links":{"self":[{"href":"https:\/\/blog.justhvk.hu\/blog\/wp-json\/wp\/v2\/posts\/41746","targetHints":{"allow":["GET"]}}],"collection":[{"href":"https:\/\/blog.justhvk.hu\/blog\/wp-json\/wp\/v2\/posts"}],"about":[{"href":"https:\/\/blog.justhvk.hu\/blog\/wp-json\/wp\/v2\/types\/post"}],"author":[{"embeddable":true,"href":"https:\/\/blog.justhvk.hu\/blog\/wp-json\/wp\/v2\/users\/5"}],"replies":[{"embeddable":true,"href":"https:\/\/blog.justhvk.hu\/blog\/wp-json\/wp\/v2\/comments?post=41746"}],"version-history":[{"count":4,"href":"https:\/\/blog.justhvk.hu\/blog\/wp-json\/wp\/v2\/posts\/41746\/revisions"}],"predecessor-version":[{"id":41753,"href":"https:\/\/blog.justhvk.hu\/blog\/wp-json\/wp\/v2\/posts\/41746\/revisions\/41753"}],"wp:featuredmedia":[{"embeddable":true,"href":"https:\/\/blog.justhvk.hu\/blog\/wp-json\/wp\/v2\/media\/41750"}],"wp:attachment":[{"href":"https:\/\/blog.justhvk.hu\/blog\/wp-json\/wp\/v2\/media?parent=41746"}],"wp:term":[{"taxonomy":"category","embeddable":true,"href":"https:\/\/blog.justhvk.hu\/blog\/wp-json\/wp\/v2\/categories?post=41746"},{"taxonomy":"post_tag","embeddable":true,"href":"https:\/\/blog.justhvk.hu\/blog\/wp-json\/wp\/v2\/tags?post=41746"}],"curies":[{"name":"wp","href":"https:\/\/api.w.org\/{rel}","templated":true}]}}