{"id":41781,"date":"2025-04-29T13:50:45","date_gmt":"2025-04-29T13:50:45","guid":{"rendered":"https:\/\/blog.justhvk.hu\/blog\/?p=41781"},"modified":"2025-08-08T08:36:19","modified_gmt":"2025-08-08T08:36:19","slug":"nem-az-a-punk-aki-2","status":"publish","type":"post","link":"https:\/\/blog.justhvk.hu\/blog\/nem-az-a-punk-aki-2\/","title":{"rendered":"&#8222;Nem az a punk, aki&#8230; 2.&#8221;"},"content":{"rendered":"\n<p>Magyar punk &#8217;90-&#8217;04<\/p>\n\n\n\n<p>A Trottel Kiad\u00f3nak a 90-es \u00e9vek magyar punkzen\u00e9j\u00e9vel \u00e9s annak h\u00e1tter\u00e9vel foglalkoz\u00f3 k\u00f6nyv\u00e9nek m\u00e1sodik r\u00e9sze jelent meg m\u00falt \u00e9v v\u00e9g\u00e9n.<\/p>\n\n\n\n<p>P\u00f3diumbesz\u00e9lget\u00e9s a kiadv\u00e1nyr\u00f3l, a t\u00e9m\u00e1r\u00f3l \u00e9s helyi vonatkoz\u00e1sokr\u00f3l 2025. m\u00e1jus 15-\u00e9n cs\u00fct\u00f6rt\u00f6k\u00f6n 18 \u00f3r\u00e1t\u00f3l a Justh Zsigmond V\u00e1rosi K\u00f6nyvt\u00e1rban.<\/p>\n\n\n\n<!--more-->\n\n\n\n<p>Vend\u00e9gek:<br>&#8211; Rupaszov Tam\u00e1s, a Trottel egy\u00fcttes \u00e9s a Trottel Kiad\u00f3 vezet\u0151je<br>&#8211; Sz\u00e9plaki Imre &#8222;Csiri&#8221;, az egykori Kultur\u00e1lis Szemle egy\u00fcttes vezet\u0151je<br>&#8211; Szikora L\u00e1szl\u00f3 &#8222;Sziki&#8221;, az egykori Alternat\u00edv Zenei Klub vezet\u0151je<br><br>H\u00e1zigazda:<br>K. T\u00f3th Istv\u00e1n, az egykori Kultur\u00e1lis Szemle egy\u00fcttes producere<br><br>A besz\u00e9lget\u00e9s ut\u00e1n a tHE sNOBS egy\u00fcttes (Budapest) ad akusztikus minikoncertet.<br>A helysz\u00ednen a k\u00f6nyv \u00e9s a Trottel Kiad\u00f3 egy\u00e9b kiadv\u00e1nyai megv\u00e1s\u00e1rolhat\u00f3k!<br><br>A program <strong>el\u0151re megv\u00e1ltott ingyenes regisztr\u00e1ci\u00f3s jeggyel<\/strong> l\u00e1togathat\u00f3!<\/p>\n\n\n\n<p>Szeretettel v\u00e1runk minden \u00e9rdekl\u0151d\u0151t!<\/p>\n\n\n\n<p><a href=\"https:\/\/www.facebook.com\/events\/1520660602225318\/?acontext=%7B%22event_action_history%22%3A[%7B%22mechanism%22%3A%22attachment%22%2C%22surface%22%3A%22newsfeed%22%7D]%2C%22ref_notif_type%22%3Anull%7D\">Facebook-esem\u00e9ny<\/a><\/p>\n<div class=\"fcbkbttn_buttons_block\" id=\"fcbkbttn_left\"><div class=\"fcbkbttn_like \"><fb:like href=\"https:\/\/blog.justhvk.hu\/blog\/nem-az-a-punk-aki-2\/\" action=\"like\" colorscheme=\"light\" layout=\"button_count\"  size=\"small\"><\/fb:like><\/div><div class=\"fb-share-button  \" data-href=\"https:\/\/blog.justhvk.hu\/blog\/nem-az-a-punk-aki-2\/\" data-type=\"button_count\" data-size=\"small\"><\/div><\/div>","protected":false},"excerpt":{"rendered":"<p>Magyar punk &#8217;90-&#8217;04 A Trottel Kiad\u00f3nak a 90-es \u00e9vek magyar punkzen\u00e9j\u00e9vel \u00e9s annak h\u00e1tter\u00e9vel foglalkoz\u00f3 k\u00f6nyv\u00e9nek m\u00e1sodik r\u00e9sze jelent meg m\u00falt \u00e9v v\u00e9g\u00e9n. P\u00f3diumbesz\u00e9lget\u00e9s a kiadv\u00e1nyr\u00f3l, a t\u00e9m\u00e1r\u00f3l \u00e9s helyi vonatkoz\u00e1sokr\u00f3l 2025. m\u00e1jus 15-\u00e9n cs\u00fct\u00f6rt\u00f6k\u00f6n 18 \u00f3r\u00e1t\u00f3l a Justh Zsigmond V\u00e1rosi K\u00f6nyvt\u00e1rban.<\/p>\n","protected":false},"author":4,"featured_media":41786,"comment_status":"open","ping_status":"open","sticky":false,"template":"","format":"standard","meta":{"episode_type":"","audio_file":"","cover_image":"","cover_image_id":"","duration":"","filesize":"","date_recorded":"","explicit":"","block":"","filesize_raw":"","ngg_post_thumbnail":0,"footnotes":""},"categories":[255,1168],"tags":[799,1153,1045,1031,986,1148,1149,1151,1152,1154,1150],"class_list":["post-41781","post","type-post","status-publish","format-standard","has-post-thumbnail","hentry","category-justh-zsigmond-varosi-konyvtar","category-kozlemenyek","tag-justh-zsigmond-varosi-konyvtar","tag-k-toth-istvan","tag-koncert","tag-konyvbemutato","tag-programajanlo","tag-punk","tag-rupaszov-tamas","tag-szeplaki-imre","tag-szikora-laszlo","tag-the-snobs-egyuttes","tag-trottel"],"_links":{"self":[{"href":"https:\/\/blog.justhvk.hu\/blog\/wp-json\/wp\/v2\/posts\/41781","targetHints":{"allow":["GET"]}}],"collection":[{"href":"https:\/\/blog.justhvk.hu\/blog\/wp-json\/wp\/v2\/posts"}],"about":[{"href":"https:\/\/blog.justhvk.hu\/blog\/wp-json\/wp\/v2\/types\/post"}],"author":[{"embeddable":true,"href":"https:\/\/blog.justhvk.hu\/blog\/wp-json\/wp\/v2\/users\/4"}],"replies":[{"embeddable":true,"href":"https:\/\/blog.justhvk.hu\/blog\/wp-json\/wp\/v2\/comments?post=41781"}],"version-history":[{"count":23,"href":"https:\/\/blog.justhvk.hu\/blog\/wp-json\/wp\/v2\/posts\/41781\/revisions"}],"predecessor-version":[{"id":41814,"href":"https:\/\/blog.justhvk.hu\/blog\/wp-json\/wp\/v2\/posts\/41781\/revisions\/41814"}],"wp:featuredmedia":[{"embeddable":true,"href":"https:\/\/blog.justhvk.hu\/blog\/wp-json\/wp\/v2\/media\/41786"}],"wp:attachment":[{"href":"https:\/\/blog.justhvk.hu\/blog\/wp-json\/wp\/v2\/media?parent=41781"}],"wp:term":[{"taxonomy":"category","embeddable":true,"href":"https:\/\/blog.justhvk.hu\/blog\/wp-json\/wp\/v2\/categories?post=41781"},{"taxonomy":"post_tag","embeddable":true,"href":"https:\/\/blog.justhvk.hu\/blog\/wp-json\/wp\/v2\/tags?post=41781"}],"curies":[{"name":"wp","href":"https:\/\/api.w.org\/{rel}","templated":true}]}}