{"id":4204,"date":"2011-05-27T01:30:15","date_gmt":"2011-05-27T00:30:15","guid":{"rendered":"http:\/\/blog.justhvk.hu\/?p=4204"},"modified":"2016-04-28T09:54:22","modified_gmt":"2016-04-28T09:54:22","slug":"allas-online","status":"publish","type":"post","link":"https:\/\/blog.justhvk.hu\/blog\/allas-online\/","title":{"rendered":"\u00c1ll\u00e1s online"},"content":{"rendered":"<p><a href=\"https:\/\/picasaweb.google.com\/justhvk\/NAPKEPE2011#5611338627169075682\"><img decoding=\"async\" class=\" wp-image-4208 alignleft\" title=\"nap_kepe20110527\" alt=\"\" src=\"https:\/\/www.justhvk.hu\/blog\/wp-content\/uploads\/2011\/05\/nap_kepe20110527-150x150.jpg\" \/><\/a>\u00c1ll\u00e1skeres\u0151k sz\u00e1m\u00e1ra tal\u00e1n m\u00e1r nem ismeretlen a <a href=\"http:\/\/allas.bekesmegye.com\/\">B\u00e9k\u00e9s Megyei \u00c1ll\u00e1s Online<\/a> oldala, ahol naprak\u00e9sz inform\u00e1ci\u00f3kat tal\u00e1lhatunk mind a megy\u00e9ben meghirdetett bet\u00f6ltetlen \u00e1ll\u00e1shelyekr\u0151l, mind az \u00e1ll\u00e1skeres\u0151kr\u0151l. A port\u00e1l ezen k\u00edv\u00fcl rendszeres t\u00e1j\u00e9koztat\u00e1st ny\u00fajt a megye szakk\u00e9pz\u0151 int\u00e9zm\u00e9nyeiben indul\u00f3 k\u00e9pz\u00e9sekr\u0151l \u00e9s a munka vil\u00e1g\u00e1val kapcsolatba hozhat\u00f3 aktu\u00e1lis h\u00edrekr\u0151l.<\/p>\n<p>Az oldal k\u00e9sz\u00edt\u0151inek k\u00f6sz\u00f6nhet\u0151en imm\u00e1r <strong>k\u00f6nyvt\u00e1runkban is ingyenesen el\u00e9rhet\u0151ek a port\u00e1l szolg\u00e1ltat\u00e1sai<\/strong>. Ha \u00e1ll\u00e1skeres\u0151k\u00e9nt haszn\u00e1lod a rendszert, a regisztr\u00e1ci\u00f3t k\u00f6vet\u0151en el\u0151sz\u00f6r az \u00f6n\u00e9letrajzot kell meg\u00edrni, ez elengedhetetlen a tov\u00e1bbiakhoz. Az \u00f6n\u00e9letrajz kit\u00f6lt\u00e9se viszonylag egyszer\u0171, de ha kell, helyben sz\u00edvesen seg\u00edt\u00fcnk. Van lehet\u0151s\u00e9g fot\u00f3 felt\u00f6lt\u00e9s\u00e9re, ehhez a f\u00e9nyk\u00e9p elk\u00e9sz\u00edt\u00e9s\u00e9ben is tudunk seg\u00edteni. A bejelentkez\u00e9s ut\u00e1n lehet\u0151s\u00e9g van a keres\u00e9si eredm\u00e9nyek elment\u00e9s\u00e9re is, a meghirdetett \u00e1ll\u00e1saj\u00e1nlatokra pedig r\u00f6gt\u00f6n lehet p\u00e1ly\u00e1zni is az oldalon kereszt\u00fcl. V\u00e9gezet\u00fcl m\u00e9g egy \u00e9rdekess\u00e9g: saj\u00e1t, szem\u00e9lyre szabott h\u00edrlevelet is lehet k\u00e9rni a legfrissebb \u00e1ll\u00e1saj\u00e1nlatokb\u00f3l, \u00edgy amikor egy, az \u00e1ll\u00e1skeres\u0151 sz\u00e1m\u00e1ra megfelel\u0151 poz\u00edci\u00f3 ker\u00fcl meghirdet\u00e9sre, a rendszer automatikus h\u00edrlev\u00e9l-\u00e9rtes\u00edt\u00e9st k\u00fcld a megadott e-mail c\u00edmre (ehhez meg kell adni legfeljebb \u00f6t szakm\u00e1t).<\/p>\n<p><a href=\"http:\/\/doit.justhvk.hu\/?p=391\"><img loading=\"lazy\" decoding=\"async\" class=\"alignright size-full wp-image-3929\" title=\"in English\" alt=\"\" src=\"http:\/\/192.168.10.245\/wp-content\/uploads\/2011\/02\/logoooooooo_small2.png\" width=\"20\" height=\"19\" \/><\/a><\/p>\n<div class=\"fcbkbttn_buttons_block\" id=\"fcbkbttn_left\"><div class=\"fcbkbttn_like \"><fb:like href=\"https:\/\/blog.justhvk.hu\/blog\/allas-online\/\" action=\"like\" colorscheme=\"light\" layout=\"button_count\"  size=\"small\"><\/fb:like><\/div><div class=\"fb-share-button  \" data-href=\"https:\/\/blog.justhvk.hu\/blog\/allas-online\/\" data-type=\"button_count\" data-size=\"small\"><\/div><\/div>","protected":false},"excerpt":{"rendered":"<p>\u00c1ll\u00e1skeres\u0151k sz\u00e1m\u00e1ra tal\u00e1n m\u00e1r nem ismeretlen a B\u00e9k\u00e9s Megyei \u00c1ll\u00e1s Online oldala, ahol naprak\u00e9sz inform\u00e1ci\u00f3kat tal\u00e1lhatunk mind a megy\u00e9ben meghirdetett bet\u00f6ltetlen \u00e1ll\u00e1shelyekr\u0151l, mind az \u00e1ll\u00e1skeres\u0151kr\u0151l. A port\u00e1l ezen k\u00edv\u00fcl rendszeres t\u00e1j\u00e9koztat\u00e1st ny\u00fajt a megye szakk\u00e9pz\u0151 int\u00e9zm\u00e9nyeiben indul\u00f3 k\u00e9pz\u00e9sekr\u0151l \u00e9s a munka vil\u00e1g\u00e1val kapcsolatba hozhat\u00f3 aktu\u00e1lis h\u00edrekr\u0151l. Az oldal k\u00e9sz\u00edt\u0151inek k\u00f6sz\u00f6nhet\u0151en imm\u00e1r k\u00f6nyvt\u00e1runkban is ingyenesen el\u00e9rhet\u0151ek [&hellip;]<\/p>\n","protected":false},"author":5,"featured_media":0,"comment_status":"open","ping_status":"open","sticky":false,"template":"","format":"standard","meta":{"episode_type":"","audio_file":"","cover_image":"","cover_image_id":"","duration":"","filesize":"","date_recorded":"","explicit":"","block":"","filesize_raw":"","ngg_post_thumbnail":0,"footnotes":""},"categories":[40,60,255,452],"tags":[799],"class_list":["post-4204","post","type-post","status-publish","format-standard","hentry","category-allashirdetesek","category-bekes-megyei-allaas-online","category-justh-zsigmond-varosi-konyvtar","category-oroshaza","tag-justh-zsigmond-varosi-konyvtar"],"_links":{"self":[{"href":"https:\/\/blog.justhvk.hu\/blog\/wp-json\/wp\/v2\/posts\/4204","targetHints":{"allow":["GET"]}}],"collection":[{"href":"https:\/\/blog.justhvk.hu\/blog\/wp-json\/wp\/v2\/posts"}],"about":[{"href":"https:\/\/blog.justhvk.hu\/blog\/wp-json\/wp\/v2\/types\/post"}],"author":[{"embeddable":true,"href":"https:\/\/blog.justhvk.hu\/blog\/wp-json\/wp\/v2\/users\/5"}],"replies":[{"embeddable":true,"href":"https:\/\/blog.justhvk.hu\/blog\/wp-json\/wp\/v2\/comments?post=4204"}],"version-history":[{"count":1,"href":"https:\/\/blog.justhvk.hu\/blog\/wp-json\/wp\/v2\/posts\/4204\/revisions"}],"predecessor-version":[{"id":11466,"href":"https:\/\/blog.justhvk.hu\/blog\/wp-json\/wp\/v2\/posts\/4204\/revisions\/11466"}],"wp:attachment":[{"href":"https:\/\/blog.justhvk.hu\/blog\/wp-json\/wp\/v2\/media?parent=4204"}],"wp:term":[{"taxonomy":"category","embeddable":true,"href":"https:\/\/blog.justhvk.hu\/blog\/wp-json\/wp\/v2\/categories?post=4204"},{"taxonomy":"post_tag","embeddable":true,"href":"https:\/\/blog.justhvk.hu\/blog\/wp-json\/wp\/v2\/tags?post=4204"}],"curies":[{"name":"wp","href":"https:\/\/api.w.org\/{rel}","templated":true}]}}