{"id":4216,"date":"2011-05-31T00:15:55","date_gmt":"2011-05-30T23:15:55","guid":{"rendered":"http:\/\/blog.justhvk.hu\/?p=4216"},"modified":"2011-05-31T00:15:55","modified_gmt":"2011-05-30T23:15:55","slug":"meghivo-nincs-ami-a-kincs","status":"publish","type":"post","link":"https:\/\/blog.justhvk.hu\/blog\/meghivo-nincs-ami-a-kincs\/","title":{"rendered":"Megh\u00edv\u00f3 &#8211; Nincs ami a kincs"},"content":{"rendered":"<p>A Justh Zsigmond V\u00e1rosi K\u00f6nyvt\u00e1r szeretettel megh\u00edvja \u00d6nt, csal\u00e1dj\u00e1t \u00e9s kedves irodalombar\u00e1t ismer\u0151seit<\/p>\n<p><strong>Sass Ervin: Nincs ami a kincs <\/strong><\/p>\n<p>c\u00edm\u0171 versesk\u00f6tet\u00e9nek bemutat\u00f3j\u00e1ra.<\/p>\n<p>A\u00a0 szerz\u0151vel <strong>Dr. Barta K\u00e1lm\u00e1n <\/strong>a Magyar T\u00e9ka Erkel S\u00e1ndor K\u00f6nyvesh\u00e1z tulajdonosa besz\u00e9lget.<\/p>\n<p>A rendezv\u00e9ny helye \u00e9s ideje: Justh Zsigmond V\u00e1rosi K\u00f6nyvt\u00e1r, <strong>2011. j\u00fanius 7. (kedd)\u00a0 16:30<\/strong><\/p>\n<blockquote><p>\u201eCsak a pillanatban marad meg minden.&#8221; &#8211; \u00e1ll\u00edtja Bert\u00f3k L\u00e1szl\u00f3 Kossuth-d\u00edjas k\u00f6lt\u0151. A jap\u00e1n haiku versforma is ilyen, eredend\u0151en m\u00e9ly vall\u00e1si, filoz\u00f3fiai \u00e9s term\u00e9szeti k\u00e9pekkel dolgozik, s\u0171r\u00edti a mondanival\u00f3t. Mint a f\u00e9nyk\u00e9p\u00e9sz, aki egy villan\u00e1ssal \u00f6r\u00f6k\u00edti meg az egyszerit, az elm\u00falhatatlant. <em>Sass Ervin 100 haikuja<\/em> is a t\u00e9rben \u00e9s id\u0151ben zajl\u00f3 \u201et\u00f6rt\u00e9n\u00e9seket&#8221; ragadja meg &#8211; az azokb\u00f3l kisz\u00fcreml\u0151 \u00e9rzelmeket &#8211; az \u0151 saj\u00e1tos l\u00edrai attit\u0171dj\u00e9vel.<\/p>\n<p>A <em>Nincs ami a kincs<\/em> c\u00edm\u0171 k\u00f6tet a szeretetet keresi-kutatja, ami m\u00e1ra kezd felsz\u00edness\u00e9, hi\u00e1nny\u00e1 v\u00e1lni rohan\u00f3 vil\u00e1gunkban. Mondhatni, Kosztol\u00e1nyi \u00f3ta honosodott meg magyar versformak\u00e9nt a haiku m\u0171v\u00e9szete. A magyar nyelv kit\u0171n\u0151en alkalmas erre. Jeles m\u0171vel\u0151i k\u00f6z\u00e9 tartozik imm\u00e1r Sass Ervin is. A verseket eredeti jap\u00e1n festm\u00e9nyek m\u00e1solatai teszik m\u00e9g hangs\u00falyosabb\u00e1. A k\u00f6tetet \u00f6r\u00f6mest aj\u00e1nlom sz\u00edves figyelm\u00fckbe!<em> <\/em><\/p>\n<p><em>K\u0151szegi Barta K\u00e1lm\u00e1n<\/em><\/p><\/blockquote>\n<p><em><a href=\"http:\/\/192.168.10.245\/wp-content\/uploads\/2011\/05\/meghivo.jpg\"><img loading=\"lazy\" decoding=\"async\" class=\"size-thumbnail wp-image-4220 alignleft\" title=\"meghivo\" src=\"http:\/\/192.168.10.245\/wp-content\/uploads\/2011\/05\/meghivo-150x150.jpg\" alt=\"\" width=\"150\" height=\"150\" \/><\/a><\/em><\/p>\n<p><em><a href=\"http:\/\/doit.justhvk.hu\/?p=399\"><img loading=\"lazy\" decoding=\"async\" class=\"alignright size-full wp-image-3929\" title=\"in English\" src=\"http:\/\/192.168.10.245\/wp-content\/uploads\/2011\/02\/logoooooooo_small2.png\" alt=\"\" width=\"20\" height=\"19\" \/><\/a><br \/>\n<\/em><\/p>\n<div class=\"fcbkbttn_buttons_block\" id=\"fcbkbttn_left\"><div class=\"fcbkbttn_like \"><fb:like href=\"https:\/\/blog.justhvk.hu\/blog\/meghivo-nincs-ami-a-kincs\/\" action=\"like\" colorscheme=\"light\" layout=\"button_count\"  size=\"small\"><\/fb:like><\/div><div class=\"fb-share-button  \" data-href=\"https:\/\/blog.justhvk.hu\/blog\/meghivo-nincs-ami-a-kincs\/\" data-type=\"button_count\" data-size=\"small\"><\/div><\/div>","protected":false},"excerpt":{"rendered":"<p>A Justh Zsigmond V\u00e1rosi K\u00f6nyvt\u00e1r szeretettel megh\u00edvja \u00d6nt, csal\u00e1dj\u00e1t \u00e9s kedves irodalombar\u00e1t ismer\u0151seit Sass Ervin: Nincs ami a kincs c\u00edm\u0171 versesk\u00f6tet\u00e9nek bemutat\u00f3j\u00e1ra. A\u00a0 szerz\u0151vel Dr. Barta K\u00e1lm\u00e1n a Magyar T\u00e9ka Erkel S\u00e1ndor K\u00f6nyvesh\u00e1z tulajdonosa besz\u00e9lget. A rendezv\u00e9ny helye \u00e9s ideje: Justh Zsigmond V\u00e1rosi K\u00f6nyvt\u00e1r, 2011. j\u00fanius 7. (kedd)\u00a0 16:30 \u201eCsak a pillanatban marad meg minden.&#8221; [&hellip;]<\/p>\n","protected":false},"author":5,"featured_media":0,"comment_status":"open","ping_status":"open","sticky":false,"template":"","format":"standard","meta":{"episode_type":"","audio_file":"","cover_image":"","cover_image_id":"","duration":"","filesize":"","date_recorded":"","explicit":"","block":"","filesize_raw":"","ngg_post_thumbnail":0,"footnotes":""},"categories":[255,282,452,503,532],"tags":[799],"class_list":["post-4216","post","type-post","status-publish","format-standard","hentry","category-justh-zsigmond-varosi-konyvtar","category-konyvbemutato","category-oroshaza","category-programajanlo","category-sass-ervin","tag-justh-zsigmond-varosi-konyvtar"],"_links":{"self":[{"href":"https:\/\/blog.justhvk.hu\/blog\/wp-json\/wp\/v2\/posts\/4216","targetHints":{"allow":["GET"]}}],"collection":[{"href":"https:\/\/blog.justhvk.hu\/blog\/wp-json\/wp\/v2\/posts"}],"about":[{"href":"https:\/\/blog.justhvk.hu\/blog\/wp-json\/wp\/v2\/types\/post"}],"author":[{"embeddable":true,"href":"https:\/\/blog.justhvk.hu\/blog\/wp-json\/wp\/v2\/users\/5"}],"replies":[{"embeddable":true,"href":"https:\/\/blog.justhvk.hu\/blog\/wp-json\/wp\/v2\/comments?post=4216"}],"version-history":[{"count":0,"href":"https:\/\/blog.justhvk.hu\/blog\/wp-json\/wp\/v2\/posts\/4216\/revisions"}],"wp:attachment":[{"href":"https:\/\/blog.justhvk.hu\/blog\/wp-json\/wp\/v2\/media?parent=4216"}],"wp:term":[{"taxonomy":"category","embeddable":true,"href":"https:\/\/blog.justhvk.hu\/blog\/wp-json\/wp\/v2\/categories?post=4216"},{"taxonomy":"post_tag","embeddable":true,"href":"https:\/\/blog.justhvk.hu\/blog\/wp-json\/wp\/v2\/tags?post=4216"}],"curies":[{"name":"wp","href":"https:\/\/api.w.org\/{rel}","templated":true}]}}