{"id":4236,"date":"2011-06-07T04:12:57","date_gmt":"2011-06-07T03:12:57","guid":{"rendered":"http:\/\/blog.justhvk.hu\/?p=4236"},"modified":"2011-06-07T04:12:57","modified_gmt":"2011-06-07T03:12:57","slug":"friss-tinta","status":"publish","type":"post","link":"https:\/\/blog.justhvk.hu\/blog\/friss-tinta\/","title":{"rendered":"Friss tinta!"},"content":{"rendered":"<p>A sz\u00fcl\u0151k t\u00f6bbs\u00e9g\u00e9nek meglehet\u0151sen r\u00f6g\u00f6s \u00faton kell v\u00e9gigd\u00f6c\u00f6gni a k\u00f6nyvek vil\u00e1g\u00e1ban, am\u00edg a sr\u00e1cokkal egy\u00fctt eljutnak mondjuk egy<em> L\u00e1z\u00e1r Ervin<\/em> k\u00f6tetig. El\u0151sz\u00f6r j\u00f6nnek a <a href=\"http:\/\/blog.justhvk.hu\/?p=4189\">leporell\u00f3k<\/a>, majd a m\u00e1r-m\u00e1r szinte megker\u00fclhetetlen sorozat <a href=\"http:\/\/www.annapetiesgergo.hu\/\">Anna, Peti \u00e9s Gerg\u0151<\/a> (picit jobb esetben <a href=\"http:\/\/www.bogyoesbaboca.com\/\">Bogy\u00f3 \u00e9s Bab\u00f3ca<\/a>) v\u00e1logatott t\u00f6rt\u00e9neteivel. Az Anna, Peti \u00e9s Gerg\u0151 eset\u00e9ben most nem r\u00e9szletezn\u00e9m a v\u00e9lem\u00e9nyemet, maradjunk annyiban, hogy nagyj\u00e1b\u00f3l egyet\u00e9rtek egy nemr\u00e9g olvasott tanulm\u00e1nnyal, miszerint egy k\u00e9t\u00e9ves gyermek sz\u00e1m\u00e1ra m\u00e9g hasznosak lehetnek ezek az egyszer\u0171 mes\u00e9k, nagyobbak eset\u00e9ben viszont m\u00e1r visszal\u00e9p\u00e9s ink\u00e1bb (ezzel egy\u00fctt \u00e9n egy sz\u00f3val sem kritiz\u00e1lhatom <em>Bartos Erik\u00e1t<\/em>: gyakorlatilag m\u00e1r az \u00f6sszes k\u00f6nyv\u00e9t kik\u00f6lcs\u00f6n\u00f6zt\u00fck a k\u00f6nyvt\u00e1rb\u00f3l, \u00e9s ig\u00e9ny eset\u00e9n fejb\u0151l tudok id\u00e9zni nagyobb bekezd\u00e9seket is). \u00cdgy vagy \u00fagy, m\u00e9g ha \u00f6l\u00fcnkbe is hullik olykor egy-egy \u00e9rdekesebb, viccesebb mese, \u00f6tvenedj\u00e9re felolvasva mindezt m\u00e1r neh\u00e9z sz\u00f3rakoztat\u00f3nak tal\u00e1lni. Ez\u00e9rt \u00f6r\u00f6m sz\u00e1momra minden olyan gyermekk\u00f6nyv, ami fel\u00fclemelkedik a megszokott sz\u00ednvonalon.<\/p>\n<p>A <strong>Friss tinta!<\/strong> c\u00edm\u0171 k\u00f6tet m\u00e1r nem eg\u00e9szen friss, hiszen az els\u0151 kiad\u00e1s 2005-\u00f6s, de az\u00e9rt m\u00e9g mindig \u00e9rv\u00e9nyes a k\u00f6nyv alc\u00edme: &#8222;mai gyerekversek&#8221;. Kort\u00e1rs magyar k\u00f6lt\u0151k (\u00e9s nem csak k\u00f6lt\u0151k) gyermekverseit gy\u0171jt\u00f6tt\u00e9k egy csokorba a szerkeszt\u0151k, amihez r\u00e1ad\u00e1sul remek illusztr\u00e1ci\u00f3kat v\u00e1lasztottak (<em>Tak\u00e1cs Mari<\/em> munk\u00e1it). Nagyon sz\u00e9p, nagyon ig\u00e9nyes a megjelen\u00e9se, mondhatni m\u00e9lt\u00f3 a tartalomhoz. Mert a versek azt\u00e1n t\u00e9nyleg nagyon j\u00f3k.<\/p>\n<p><a href=\"http:\/\/192.168.10.245\/wp-content\/uploads\/2011\/06\/Friss-tinta2.jpg\"><img loading=\"lazy\" decoding=\"async\" class=\"alignright size-full wp-image-4243\" title=\"Friss tinta\" src=\"http:\/\/192.168.10.245\/wp-content\/uploads\/2011\/06\/Friss-tinta2.jpg\" alt=\"\" width=\"164\" height=\"235\" \/><\/a>Defini\u00e1lhatn\u00e1m \u00fagy is a k\u00f6nyvet, hogy a Friss tinta! az az antol\u00f3gia, amib\u0151l kider\u00fcl, hogy nem csak <em>Varr\u00f3 D\u00e1niel<\/em> \u00e9s <em>Lackfi J\u00e1nos<\/em> tud gyerekverseket \u00edrni az orsz\u00e1gban, de ebb\u0151l tal\u00e1n az k\u00f6vetkezne, valami bajom van az eml\u00edtett urakkal. Holott dehogy, ami azt illeti, Varr\u00f3 Dani \u00e9ppens\u00e9ggel nagy-nagy kedvencem p\u00e9ld\u00e1ul, a mai napig r\u00e1csod\u00e1lkozom a T\u00fal a Maszat-hegyen sokr\u00e9t\u0171s\u00e9g\u00e9re,\u00a0 am\u00fagy meg egyszer\u0171en b\u00e1mulatosan tud j\u00e1tszani a szavakkal, erre a Friss tint\u00e1ban is tal\u00e1lunk p\u00e9ld\u00e1kat. De a Friss tint\u00e1ban \u0151 is csak egy a sok k\u00f6z\u00fcl, \u00e9s milyen j\u00f3, hogy \u00edgy van. \u00d6sszesen &#8211; ha j\u00f3l sz\u00e1moltam, &#8211; 38 k\u00f6lt\u0151 mutatkozhatott be a k\u00f6tetben, k\u00f6zt\u00fck t\u00f6bben olyanok is, akik rendszeresen \u00edrnak gyerekeknek (a fent eml\u00edtettek mellett p\u00e9ld\u00e1ul <em>T\u00f3th Krisztina<\/em>, <em>K\u00e1ny\u00e1di S\u00e1ndor<\/em>, <em>Szab\u00f3 T. Anna<\/em> \u00e9s persze <em>Kiss Ott\u00f3<\/em>), \u00e9s olyanok, akiket nem felt\u00e9tlen\u00fcl a gyermekverseikr\u0151l ismer\u00fcnk (<em>Kukorelly Endre<\/em>, <em>Ranschburg Jen\u0151<\/em>, <em>Gryllus Vilmos<\/em>, vagy <em>M\u00fcller P\u00e9ter Szi\u00e1mi<\/em>). Rajtuk k\u00edv\u00fcl pedig m\u00e9g sz\u00e1mos kit\u0171n\u0151 k\u00f6lt\u0151 sz\u00e1mos remek verse csal mosolyt az arcunkra (\u00e9s n\u00e9ha k\u00f6nnyeket szem\u00fcnkbe) &#8211; ak\u00e1r \u00f6tvenedik olvas\u00e1sra is.<\/p>\n<p>A Friss tinta! nem csak azt bizony\u00edtja, hogy igenis lehet \u00e9rtelmes emberk\u00e9nt kezelni a legkisebb olvas\u00f3kat is, de azt is, van l\u00e9tjogosults\u00e1ga a verseknek. Kell enn\u00e9l t\u00f6bb?<\/p>\n<div class=\"fcbkbttn_buttons_block\" id=\"fcbkbttn_left\"><div class=\"fcbkbttn_like \"><fb:like href=\"https:\/\/blog.justhvk.hu\/blog\/friss-tinta\/\" action=\"like\" colorscheme=\"light\" layout=\"button_count\"  size=\"small\"><\/fb:like><\/div><div class=\"fb-share-button  \" data-href=\"https:\/\/blog.justhvk.hu\/blog\/friss-tinta\/\" data-type=\"button_count\" data-size=\"small\"><\/div><\/div>","protected":false},"excerpt":{"rendered":"<p>A sz\u00fcl\u0151k t\u00f6bbs\u00e9g\u00e9nek meglehet\u0151sen r\u00f6g\u00f6s \u00faton kell v\u00e9gigd\u00f6c\u00f6gni a k\u00f6nyvek vil\u00e1g\u00e1ban, am\u00edg a sr\u00e1cokkal egy\u00fctt eljutnak mondjuk egy L\u00e1z\u00e1r Ervin k\u00f6tetig. El\u0151sz\u00f6r j\u00f6nnek a leporell\u00f3k, majd a m\u00e1r-m\u00e1r szinte megker\u00fclhetetlen sorozat Anna, Peti \u00e9s Gerg\u0151 (picit jobb esetben Bogy\u00f3 \u00e9s Bab\u00f3ca) v\u00e1logatott t\u00f6rt\u00e9neteivel. Az Anna, Peti \u00e9s Gerg\u0151 eset\u00e9ben most nem r\u00e9szletezn\u00e9m a v\u00e9lem\u00e9nyemet, maradjunk [&hellip;]<\/p>\n","protected":false},"author":5,"featured_media":0,"comment_status":"open","ping_status":"open","sticky":false,"template":"","format":"standard","meta":{"episode_type":"","audio_file":"","cover_image":"","cover_image_id":"","duration":"","filesize":"","date_recorded":"","explicit":"","block":"","filesize_raw":"","ngg_post_thumbnail":0,"footnotes":""},"categories":[185,283,303],"tags":[],"class_list":["post-4236","post","type-post","status-publish","format-standard","hentry","category-gyermekkonyvek","category-konyvekrol-mondjuk","category-konyvtaros-olvas"],"_links":{"self":[{"href":"https:\/\/blog.justhvk.hu\/blog\/wp-json\/wp\/v2\/posts\/4236","targetHints":{"allow":["GET"]}}],"collection":[{"href":"https:\/\/blog.justhvk.hu\/blog\/wp-json\/wp\/v2\/posts"}],"about":[{"href":"https:\/\/blog.justhvk.hu\/blog\/wp-json\/wp\/v2\/types\/post"}],"author":[{"embeddable":true,"href":"https:\/\/blog.justhvk.hu\/blog\/wp-json\/wp\/v2\/users\/5"}],"replies":[{"embeddable":true,"href":"https:\/\/blog.justhvk.hu\/blog\/wp-json\/wp\/v2\/comments?post=4236"}],"version-history":[{"count":0,"href":"https:\/\/blog.justhvk.hu\/blog\/wp-json\/wp\/v2\/posts\/4236\/revisions"}],"wp:attachment":[{"href":"https:\/\/blog.justhvk.hu\/blog\/wp-json\/wp\/v2\/media?parent=4236"}],"wp:term":[{"taxonomy":"category","embeddable":true,"href":"https:\/\/blog.justhvk.hu\/blog\/wp-json\/wp\/v2\/categories?post=4236"},{"taxonomy":"post_tag","embeddable":true,"href":"https:\/\/blog.justhvk.hu\/blog\/wp-json\/wp\/v2\/tags?post=4236"}],"curies":[{"name":"wp","href":"https:\/\/api.w.org\/{rel}","templated":true}]}}