{"id":432,"date":"2008-02-02T20:17:38","date_gmt":"2008-02-02T19:17:38","guid":{"rendered":"http:\/\/blog.justhvk.hu\/?p=432"},"modified":"2008-02-02T20:17:38","modified_gmt":"2008-02-02T19:17:38","slug":"malevil","status":"publish","type":"post","link":"https:\/\/blog.justhvk.hu\/blog\/malevil\/","title":{"rendered":"Malevil"},"content":{"rendered":"<p><a href=\"http:\/\/192.168.10.245\/wp-content\/uploads\/2008\/02\/malevil.jpg\" title=\"malevil.jpg\"><img decoding=\"async\" src=\"http:\/\/192.168.10.245\/wp-content\/uploads\/2008\/02\/malevil.thumbnail.jpg\" alt=\"malevil.jpg\" align=\"left\" \/><\/a>Nyolc ember valahol Franciaorsz\u00e1gban egy kast\u00e9ly pinc\u00e9j\u00e9nek a m\u00e9ly\u00e9n. Egy p\u00e1rsz\u00e1z lelkes telep\u00fcl\u00e9s polg\u00e1rmester\u00e9nek megv\u00e1laszt\u00e1s\u00e1n vitatkoznak, mik\u00f6zben bort fejtenek. Van k\u00f6zt\u00fck fiatal tud\u00f3s, egyszer\u0171 paraszt, kov\u00e1csmester, egy bolond szolg\u00e1l\u00f3, egy kommunista \u00e9rtelmis\u00e9gi, meg m\u00e1s k\u00fcl\u00f6nf\u00e9le emberek, akiket egy szem\u00e9ly k\u00f6t \u00f6ssze, a h\u00e1zigazda, Emmanuel Comte.<\/p>\n<p>A b\u00e9k\u00e9s pillanatok egy m\u00e1sodperc alatt elt\u0171nnek, odakint a vil\u00e1g hirtelen megsz\u0171nik l\u00e9tezni, egy atomt\u00e1mad\u00e1s elpuszt\u00edt mindent. Az el\u0151bb m\u00e9g oly fontos probl\u00e9m\u00e1k nevets\u00e9ges semmis\u00e9gg\u00e9 v\u00e1lnak. \u00c9rtelmetlen semmis\u00e9gg\u00e9. A kis csapat szerencs\u00e9s t\u00fal\u00e9l\u0151nek vallhatja mag\u00e1t, \u00e1m amiben eleinte b\u00edznak, ut\u00f3bb az egyik legs\u00falyosabb gondot jelenti nekik: nem csak \u0151k \u00e9lik t\u00fal a szerencs\u00e9tlens\u00e9get. Mert nem el\u00e9g \u00fajj\u00e1\u00e9p\u00edteni a vil\u00e1got, azt meg is kell v\u00e9deni. Ember embernek farkasa, na ugye.<\/p>\n<p>A Malevil m\u00e9gsem egy nyomaszt\u00f3 ut\u00f3pia, hanem &#8222;csak&#8221; egy \u00e9rdekes, s\u0151t elgondolkodtat\u00f3 reg\u00e9ny. Milyen az, amikor a civiliz\u00e1ci\u00f3 minden v\u00edvm\u00e1nya egyszerre v\u00e1lik haszn\u00e1lhatatlann\u00e1? L\u00e9tezhet-e f\u00e9lt\u00e9kenys\u00e9g egy olyan k\u00f6z\u00f6ss\u00e9gben, ahol k\u00e9t n\u0151 \u00e9s hat f\u00e9rfi \u00e9l? Haragudhatunk-e embert\u00e1rsainkra, akik csontsov\u00e1nyra fogyva, kivetk\u0151zve minden m\u00e9lt\u00f3s\u00e1gukb\u00f3l nyersen falj\u00e1k fel a gabon\u00e1nkat? Nem? Akkor sem, ha ezzel a saj\u00e1t \u00e9letben marad\u00e1sunkat kock\u00e1ztatjuk?<\/p>\n<p>A Malevil egy klasszikus reg\u00e9ny, gener\u00e1ci\u00f3k n\u0151ttek fel rajta. Nagyon j\u00f3. Nem olyan j\u00f3, mint a V\u00e9dett f\u00e9rfiak (huhh, az milyen j\u00f3), de nagyon j\u00f3.<\/p>\n<p class=\"MsoPlainText\"><span style=\"font-family: 'Courier New'\">\u00a0<o:p><\/o:p><\/span><\/p>\n<div class=\"fcbkbttn_buttons_block\" id=\"fcbkbttn_left\"><div class=\"fcbkbttn_like \"><fb:like href=\"https:\/\/blog.justhvk.hu\/blog\/malevil\/\" action=\"like\" colorscheme=\"light\" layout=\"button_count\"  size=\"small\"><\/fb:like><\/div><div class=\"fb-share-button  \" data-href=\"https:\/\/blog.justhvk.hu\/blog\/malevil\/\" data-type=\"button_count\" data-size=\"small\"><\/div><\/div>","protected":false},"excerpt":{"rendered":"<p>Nyolc ember valahol Franciaorsz\u00e1gban egy kast\u00e9ly pinc\u00e9j\u00e9nek a m\u00e9ly\u00e9n. Egy p\u00e1rsz\u00e1z lelkes telep\u00fcl\u00e9s polg\u00e1rmester\u00e9nek megv\u00e1laszt\u00e1s\u00e1n vitatkoznak, mik\u00f6zben bort fejtenek. Van k\u00f6zt\u00fck fiatal tud\u00f3s, egyszer\u0171 paraszt, kov\u00e1csmester, egy bolond szolg\u00e1l\u00f3, egy kommunista \u00e9rtelmis\u00e9gi, meg m\u00e1s k\u00fcl\u00f6nf\u00e9le emberek, akiket egy szem\u00e9ly k\u00f6t \u00f6ssze, a h\u00e1zigazda, Emmanuel Comte. A b\u00e9k\u00e9s pillanatok egy m\u00e1sodperc alatt elt\u0171nnek, odakint a vil\u00e1g [&hellip;]<\/p>\n","protected":false},"author":5,"featured_media":0,"comment_status":"open","ping_status":"open","sticky":false,"template":"","format":"standard","meta":{"episode_type":"","audio_file":"","cover_image":"","cover_image_id":"","duration":"","filesize":"","date_recorded":"","explicit":"","block":"","filesize_raw":"","ngg_post_thumbnail":0,"footnotes":""},"categories":[303],"tags":[],"class_list":["post-432","post","type-post","status-publish","format-standard","hentry","category-konyvtaros-olvas"],"_links":{"self":[{"href":"https:\/\/blog.justhvk.hu\/blog\/wp-json\/wp\/v2\/posts\/432","targetHints":{"allow":["GET"]}}],"collection":[{"href":"https:\/\/blog.justhvk.hu\/blog\/wp-json\/wp\/v2\/posts"}],"about":[{"href":"https:\/\/blog.justhvk.hu\/blog\/wp-json\/wp\/v2\/types\/post"}],"author":[{"embeddable":true,"href":"https:\/\/blog.justhvk.hu\/blog\/wp-json\/wp\/v2\/users\/5"}],"replies":[{"embeddable":true,"href":"https:\/\/blog.justhvk.hu\/blog\/wp-json\/wp\/v2\/comments?post=432"}],"version-history":[{"count":0,"href":"https:\/\/blog.justhvk.hu\/blog\/wp-json\/wp\/v2\/posts\/432\/revisions"}],"wp:attachment":[{"href":"https:\/\/blog.justhvk.hu\/blog\/wp-json\/wp\/v2\/media?parent=432"}],"wp:term":[{"taxonomy":"category","embeddable":true,"href":"https:\/\/blog.justhvk.hu\/blog\/wp-json\/wp\/v2\/categories?post=432"},{"taxonomy":"post_tag","embeddable":true,"href":"https:\/\/blog.justhvk.hu\/blog\/wp-json\/wp\/v2\/tags?post=432"}],"curies":[{"name":"wp","href":"https:\/\/api.w.org\/{rel}","templated":true}]}}