{"id":4376,"date":"2011-08-12T04:14:32","date_gmt":"2011-08-12T03:14:32","guid":{"rendered":"http:\/\/blog.justhvk.hu\/?p=4376"},"modified":"2015-04-15T15:06:46","modified_gmt":"2015-04-15T15:06:46","slug":"evgyuruk","status":"publish","type":"post","link":"https:\/\/blog.justhvk.hu\/blog\/evgyuruk\/","title":{"rendered":"\u00c9vgy\u0171r\u0171k"},"content":{"rendered":"<p><em>&#8222;M\u00e1snap M\u00e1ty\u00e1s is elk\u00eds\u00e9rte anyj\u00e1t nagyapj\u00e1\u00e9k szeg\u00e9nyes h\u00e1z\u00e1ba, amelynek egyik helyis\u00e9ge egyszerre volt konyha, mosd\u00f3, miegy\u00e9b, a m\u00e1sikban meg aludtak. Mivel csak n\u00e9h\u00e1ny teny\u00e9rnyin\u00e9l alig nagyobb ablaka volt az \u00e9p\u00fcletnek, azt is sz\u00e9p\u00edt\u00e9s lenne \u00e1ll\u00edtani, hogy a szell\u0151z\u00f6tts\u00e9g j\u00f3 illata j\u00e1rta \u00e1t a helyis\u00e9geket.&#8221;<\/em><\/p>\n<p>A fenti k\u00e9t &#8211; a <a href=\"http:\/\/blog.justhvk.hu\/?p=4306\">nemr\u00e9giben bemutatott<\/a> <strong>\u00c9vgy\u0171r\u0171k <\/strong>c\u00edm\u0171 k\u00f6tetb\u0151l id\u00e9zett &#8211; mondatban gyakorlatilag minden benne van, ami\u00e9rt szeretni lehet <strong>Veraszt\u00f3 Antal<\/strong> k\u00f6nyveit. A recept m\u00e9g csak nem is t\u00fal bonyolult, m\u00e9gis csaknem ut\u00e1nozhatatlan: a r\u00e9gen volt h\u00e9tk\u00f6znapok megid\u00e9z\u00e9se n\u00e9h\u00e1ny nagyon eltal\u00e1lt, de ma m\u00e1r csak ritk\u00e1n haszn\u00e1lt, a meglep\u0151nek hat\u00f3 sorrend ellen\u00e9re is t\u00f6k\u00e9letesen \u00f6sszeill\u0151 sz\u00f3ban, csipetnyi humorral megf\u0171szerezve.<\/p>\n<p>A <strong>Batyu a kilincsen <\/strong>\u00e9s a <strong>Sz\u00e1zezer alkonyat<\/strong> ut\u00e1n teh\u00e1t Veraszt\u00f3 Antal ism\u00e9t m\u00faltid\u00e9z\u00e9sbe fogott, \u00e9s az olvas\u00f3k k\u00f6r\u00e9ben egy\u00f6ntet\u0171 a v\u00e9lem\u00e9ny: j\u00f3l tette. A t\u00f6rt\u00e9netek z\u00f6me ez\u00fattal is a m\u00falt sz\u00e1zadban j\u00e1tsz\u00f3dik, a f\u0151h\u0151s szem\u00e9lye pedig b\u00e1r gyakran v\u00e1ltozik, valahogy mindig a szerz\u0151re ismerhet\u00fcnk benne. Szem\u00e9lyes vallom\u00e1sok szerelemr\u0151l, bar\u00e1ts\u00e1gr\u00f3l, ap\u00e1r\u00f3l \u00e9s fi\u00far\u00f3l. A k\u00f6tet \u00f3ri\u00e1si er\u00e9nye, hogy nem csak megrajzolja a szerepl\u0151ket, de arra is k\u00e9pes, hogy &#8222;m\u00falt sz\u00e1zadi hangulatba&#8221; ringassa olvas\u00f3j\u00e1t: a szerz\u0151vel ballagjon a puszt\u00e1n, egy\u00fctt z\u00f6ty\u00f6gj\u00f6n vele a kisvas\u00faton, \u00e9s mellette kanalazzon a s\u00f3s csipetke levesb\u0151l. Hogy ennek mekkora sikere lehet az olvas\u00f3k k\u00f6r\u00e9ben, persze k\u00e9rd\u00e9ses, de Veraszt\u00f3 Antalt aligha ez motiv\u00e1lta az \u00edr\u00e1s sor\u00e1n. Mik\u00e9nt \u0151 fogalmaz az ut\u00f3sz\u00f3ban: &#8222;<em>Az \u00edr\u00f3 t\u00f6rt\u00e9neteket \u00edr, sz\u00e1mbaveszi \u0151ket, \u00f6ncenz\u00far\u00e1z, s k\u00f6nyvet teremt mag\u00e1nak<\/em>&#8222;. Ezzel egy\u00fctt az orosh\u00e1ziak k\u00f6r\u00e9ben n\u00e9pszer\u0171 a k\u00f6tet, de ez nem is meglep\u0151.<\/p>\n<p>Veraszt\u00f3 Antal a k\u00f6tet k\u00f6nyvbemutat\u00f3j\u00e1n &#8211; melyb\u0151l a kedves olvas\u00f3 r\u00e9szleteket is meghallgathat a kedden k\u00f6zz\u00e9tett <a href=\"\/wp-content\/uploads\/2010\/06\/teljes_2011_05.mp3\">legfrissebb podcastunkban<\/a> &#8211; bevallotta: nem tudja levetk\u0151zni k\u00f6lt\u0151i \u00e9nj\u00e9t, ez\u00e9rt fogalmaz a novell\u00e1iban is oly l\u00edraian. Anti b\u00e1csi, ez legyen a legnagyobb baj!<\/p>\n<p>A h\u00e1rom k\u00f6tet &#8211; avagy triol\u00f3gia, ha \u00fagy tetszik &#8211; k\u00e9ts\u00e9geket sem hagy afel\u0151l, hogy Veraszt\u00f3 Antal szem\u00e9ly\u00e9ben egy igazi \u00edr\u00f3t tisztelhet\u00fcnk. Orosh\u00e1zi \u00edr\u00f3t, akinek munk\u00e1ss\u00e1ga m\u00e1r r\u00e9g kin\u0151tte az Alf\u00f6ld hat\u00e1rait. Friss t\u00f6rt\u00e9net, miszerint a kiad\u00f3ban egy id\u0151sebb \u00far vett egy p\u00e9ld\u00e1nyt aj\u00e1nd\u00e9kba szeretett hitves\u00e9nek h\u00e1zzas\u00e1gi \u00e9vfordul\u00f3jukra. Majd nem sokkal k\u00e9s\u0151bb m\u00e9g n\u00e9gyet, mert az \u00fcnnepl\u0151 csal\u00e1dtagokat is ezzel a k\u00f6nyvvel lepte meg. A magunk r\u00e9sz\u00e9r\u0151l mindezen nem is csod\u00e1lkozunk. Csak b\u00edzunk benne, hogy a tril\u00f3gia lehet m\u00e9g ak\u00e1r tetral\u00f3gia is.<\/p>\n<div class=\"fcbkbttn_buttons_block\" id=\"fcbkbttn_left\"><div class=\"fcbkbttn_like \"><fb:like href=\"https:\/\/blog.justhvk.hu\/blog\/evgyuruk\/\" action=\"like\" colorscheme=\"light\" layout=\"button_count\"  size=\"small\"><\/fb:like><\/div><div class=\"fb-share-button  \" data-href=\"https:\/\/blog.justhvk.hu\/blog\/evgyuruk\/\" data-type=\"button_count\" data-size=\"small\"><\/div><\/div>","protected":false},"excerpt":{"rendered":"<p>&#8222;M\u00e1snap M\u00e1ty\u00e1s is elk\u00eds\u00e9rte anyj\u00e1t nagyapj\u00e1\u00e9k szeg\u00e9nyes h\u00e1z\u00e1ba, amelynek egyik helyis\u00e9ge egyszerre volt konyha, mosd\u00f3, miegy\u00e9b, a m\u00e1sikban meg aludtak. Mivel csak n\u00e9h\u00e1ny teny\u00e9rnyin\u00e9l alig nagyobb ablaka volt az \u00e9p\u00fcletnek, azt is sz\u00e9p\u00edt\u00e9s lenne \u00e1ll\u00edtani, hogy a szell\u0151z\u00f6tts\u00e9g j\u00f3 illata j\u00e1rta \u00e1t a helyis\u00e9geket.&#8221; A fenti k\u00e9t &#8211; a nemr\u00e9giben bemutatott \u00c9vgy\u0171r\u0171k c\u00edm\u0171 k\u00f6tetb\u0151l id\u00e9zett [&hellip;]<\/p>\n","protected":false},"author":5,"featured_media":4377,"comment_status":"open","ping_status":"open","sticky":false,"template":"","format":"standard","meta":{"episode_type":"","audio_file":"","cover_image":"","cover_image_id":"","duration":"","filesize":"","date_recorded":"","explicit":"","block":"","filesize_raw":"","ngg_post_thumbnail":0,"footnotes":""},"categories":[283,303,452,637],"tags":[],"class_list":["post-4376","post","type-post","status-publish","format-standard","has-post-thumbnail","hentry","category-konyvekrol-mondjuk","category-konyvtaros-olvas","category-oroshaza","category-veraszto-antal"],"_links":{"self":[{"href":"https:\/\/blog.justhvk.hu\/blog\/wp-json\/wp\/v2\/posts\/4376","targetHints":{"allow":["GET"]}}],"collection":[{"href":"https:\/\/blog.justhvk.hu\/blog\/wp-json\/wp\/v2\/posts"}],"about":[{"href":"https:\/\/blog.justhvk.hu\/blog\/wp-json\/wp\/v2\/types\/post"}],"author":[{"embeddable":true,"href":"https:\/\/blog.justhvk.hu\/blog\/wp-json\/wp\/v2\/users\/5"}],"replies":[{"embeddable":true,"href":"https:\/\/blog.justhvk.hu\/blog\/wp-json\/wp\/v2\/comments?post=4376"}],"version-history":[{"count":4,"href":"https:\/\/blog.justhvk.hu\/blog\/wp-json\/wp\/v2\/posts\/4376\/revisions"}],"predecessor-version":[{"id":10477,"href":"https:\/\/blog.justhvk.hu\/blog\/wp-json\/wp\/v2\/posts\/4376\/revisions\/10477"}],"wp:featuredmedia":[{"embeddable":true,"href":"https:\/\/blog.justhvk.hu\/blog\/wp-json\/wp\/v2\/media\/4377"}],"wp:attachment":[{"href":"https:\/\/blog.justhvk.hu\/blog\/wp-json\/wp\/v2\/media?parent=4376"}],"wp:term":[{"taxonomy":"category","embeddable":true,"href":"https:\/\/blog.justhvk.hu\/blog\/wp-json\/wp\/v2\/categories?post=4376"},{"taxonomy":"post_tag","embeddable":true,"href":"https:\/\/blog.justhvk.hu\/blog\/wp-json\/wp\/v2\/tags?post=4376"}],"curies":[{"name":"wp","href":"https:\/\/api.w.org\/{rel}","templated":true}]}}