{"id":4442,"date":"2011-10-11T15:20:51","date_gmt":"2011-10-11T14:20:51","guid":{"rendered":"http:\/\/blog.justhvk.hu\/?p=4442"},"modified":"2011-10-11T15:20:51","modified_gmt":"2011-10-11T14:20:51","slug":"bajan-jartunk","status":"publish","type":"post","link":"https:\/\/blog.justhvk.hu\/blog\/bajan-jartunk\/","title":{"rendered":"Baj\u00e1n j\u00e1rtunk"},"content":{"rendered":"<p>Kor\u00e1bban hagyom\u00e1ny volt n\u00e1lunk, hogy egy-egy szakmai nap keret\u00e9ben minden \u00e9vben megl\u00e1togattunk egy &#8211; t\u00e1volr\u00f3l szimpatikusnak t\u0171n\u0151, de m\u00e9giscsak t\u00e1voli &#8211; k\u00f6nyvt\u00e1rat. Az ut\u00f3bbi \u00e9vekben elmaradtak ezek a programok, \u00e1m id\u00e9n valami \u00fajj\u00e1\u00e9ledt: tegnap Baj\u00e1n j\u00e1rtunk az <a href=\"http:\/\/bajaikonyvtar.hu\/hu\/node\/743\">Ady Endre V\u00e1rosi K\u00f6nyvt\u00e1rban<\/a>.<\/p>\n<p>A k\u00f6nyvt\u00e1r 1985-ben k\u00f6lt\u00f6z\u00f6tt a helyi zsinag\u00f3g\u00e1ba, s szemmel l\u00e1that\u00f3an m\u00e1ra teljesen belakt\u00e1k az impoz\u00e1ns \u00e9p\u00fcletet. A mennyezetig \u00e9r\u0151 polcok l\u00e1tv\u00e1nya m\u00e1r \u00f6nmag\u00e1ban is kellemes \u00e9lm\u00e9ny, \u00e1m el\u00e9g volt n\u00e9h\u00e1ny pillant\u00e1st vetni a sorokra, hogy meg\u00e1llap\u00edthassuk, b\u0151ven tal\u00e1lhatnak k\u00f6nyveket a legfrissebb \u00fajdons\u00e1gokb\u00f3l is az \u00e9rdekl\u0151d\u0151k. Mint Zalav\u00e1ri L\u00e1szl\u00f3t\u00f3l, a k\u00f6nyvt\u00e1rat bemutat\u00f3 koll\u00e9g\u00e1nkt\u00f3l megtudtuk, a v\u00e1ros fontosnak \u00e9rzi a k\u00f6nyvt\u00e1rat, hiszen a k\u00f6lts\u00e9gvet\u00e9sb\u0151l van lehet\u0151s\u00e9g az \u00e1llom\u00e1ny folyamatos friss\u00edt\u00e9s\u00e9re. A sz\u00e1m\u00edt\u00f3g\u00e9pes asztalokat a k\u00f6nyvt\u00e1r k\u00f6zep\u00e9n tal\u00e1lhattuk, melyek egy\u00e9bk\u00e9nt mobilak, \u00edgy rendezv\u00e9nyek eset\u00e9n b\u00e1rmikor eltolhat\u00f3k. S\u00e9t\u00e1nk sor\u00e1n a k\u00f6nyvt\u00e1r val\u00f3di kincseit is megismerhett\u00fck, \u00edgy p\u00e9ld\u00e1ul n\u00e9h\u00e1ny eredeti t\u00f3ra-tekercseket, valamint egy igazi orgon\u00e1t is (l\u00e9v\u00e9n hogy nyitva tart\u00e1si id\u0151ben l\u00e1togattuk meg a k\u00f6nyvt\u00e1rat, ut\u00f3bbit sajnos most nem hallottuk \u00e9l\u0151ben).<\/p>\n<p>B\u00e1r v\u00e1rosi k\u00f6nyvt\u00e1r mindkett\u0151, a bajai k\u00f6nyvt\u00e1r sokban k\u00fcl\u00f6nb\u00f6zik az orosh\u00e1zit\u00f3l. M\u00e9gis, rem\u00e9lj\u00fck, mindkett\u0151 ugyan\u00fagy szerethet\u0151.<\/p>\n<p>K\u00f6sz\u00f6nj\u00fck Zalav\u00e1ri L\u00e1szl\u00f3 \u00e9s a bajai koll\u00e9g\u00e1k vend\u00e9gszeretet\u00e9t.<\/p>\n<p style=\"text-align: center;\"><a href=\"https:\/\/picasaweb.google.com\/115753013865007437721\/NAPKEPE2011#5662213471996705314\"><img loading=\"lazy\" decoding=\"async\" class=\"size-medium wp-image-4443   aligncenter\" title=\"nap_kepe20111011\" src=\"http:\/\/192.168.10.245\/wp-content\/uploads\/2011\/10\/nap_kepe20111011-300x225.jpg\" alt=\"\" width=\"300\" height=\"225\" \/><\/a><\/p>\n<div class=\"fcbkbttn_buttons_block\" id=\"fcbkbttn_left\"><div class=\"fcbkbttn_like \"><fb:like href=\"https:\/\/blog.justhvk.hu\/blog\/bajan-jartunk\/\" action=\"like\" colorscheme=\"light\" layout=\"button_count\"  size=\"small\"><\/fb:like><\/div><div class=\"fb-share-button  \" data-href=\"https:\/\/blog.justhvk.hu\/blog\/bajan-jartunk\/\" data-type=\"button_count\" data-size=\"small\"><\/div><\/div>","protected":false},"excerpt":{"rendered":"<p>Kor\u00e1bban hagyom\u00e1ny volt n\u00e1lunk, hogy egy-egy szakmai nap keret\u00e9ben minden \u00e9vben megl\u00e1togattunk egy &#8211; t\u00e1volr\u00f3l szimpatikusnak t\u0171n\u0151, de m\u00e9giscsak t\u00e1voli &#8211; k\u00f6nyvt\u00e1rat. Az ut\u00f3bbi \u00e9vekben elmaradtak ezek a programok, \u00e1m id\u00e9n valami \u00fajj\u00e1\u00e9ledt: tegnap Baj\u00e1n j\u00e1rtunk az Ady Endre V\u00e1rosi K\u00f6nyvt\u00e1rban. A k\u00f6nyvt\u00e1r 1985-ben k\u00f6lt\u00f6z\u00f6tt a helyi zsinag\u00f3g\u00e1ba, s szemmel l\u00e1that\u00f3an m\u00e1ra teljesen belakt\u00e1k az [&hellip;]<\/p>\n","protected":false},"author":5,"featured_media":0,"comment_status":"open","ping_status":"open","sticky":false,"template":"","format":"standard","meta":{"episode_type":"","audio_file":"","cover_image":"","cover_image_id":"","duration":"","filesize":"","date_recorded":"","explicit":"","block":"","filesize_raw":"","ngg_post_thumbnail":0,"footnotes":""},"categories":[51,255,452],"tags":[799],"class_list":["post-4442","post","type-post","status-publish","format-standard","hentry","category-baja","category-justh-zsigmond-varosi-konyvtar","category-oroshaza","tag-justh-zsigmond-varosi-konyvtar"],"_links":{"self":[{"href":"https:\/\/blog.justhvk.hu\/blog\/wp-json\/wp\/v2\/posts\/4442","targetHints":{"allow":["GET"]}}],"collection":[{"href":"https:\/\/blog.justhvk.hu\/blog\/wp-json\/wp\/v2\/posts"}],"about":[{"href":"https:\/\/blog.justhvk.hu\/blog\/wp-json\/wp\/v2\/types\/post"}],"author":[{"embeddable":true,"href":"https:\/\/blog.justhvk.hu\/blog\/wp-json\/wp\/v2\/users\/5"}],"replies":[{"embeddable":true,"href":"https:\/\/blog.justhvk.hu\/blog\/wp-json\/wp\/v2\/comments?post=4442"}],"version-history":[{"count":0,"href":"https:\/\/blog.justhvk.hu\/blog\/wp-json\/wp\/v2\/posts\/4442\/revisions"}],"wp:attachment":[{"href":"https:\/\/blog.justhvk.hu\/blog\/wp-json\/wp\/v2\/media?parent=4442"}],"wp:term":[{"taxonomy":"category","embeddable":true,"href":"https:\/\/blog.justhvk.hu\/blog\/wp-json\/wp\/v2\/categories?post=4442"},{"taxonomy":"post_tag","embeddable":true,"href":"https:\/\/blog.justhvk.hu\/blog\/wp-json\/wp\/v2\/tags?post=4442"}],"curies":[{"name":"wp","href":"https:\/\/api.w.org\/{rel}","templated":true}]}}