{"id":446,"date":"2008-02-08T12:51:52","date_gmt":"2008-02-08T11:51:52","guid":{"rendered":"http:\/\/blog.justhvk.hu\/?p=446"},"modified":"2008-02-08T12:51:52","modified_gmt":"2008-02-08T11:51:52","slug":"okosan-gazdalkodj","status":"publish","type":"post","link":"https:\/\/blog.justhvk.hu\/blog\/okosan-gazdalkodj\/","title":{"rendered":"Okosan gazd\u00e1lkodj"},"content":{"rendered":"<p>Az \u00e9n viszonyom a &#8222;k\u00f6zszolg\u00e1ltat\u00e1s privatiz\u00e1ci\u00f3ja&#8221; sz\u00f3kapcsolathoz olyan, hogy nem tal\u00e1lom az \u00e9rtelmet ebben. \u00c1m ez itt most k\u00f6nyvaj\u00e1nl\u00f3:<\/p>\n<p><a href=\"http:\/\/192.168.10.245\/wp-content\/uploads\/2008\/02\/go2008bor1.jpg\" title=\"go2008bor1.jpg\"><img loading=\"lazy\" decoding=\"async\" src=\"http:\/\/192.168.10.245\/wp-content\/uploads\/2008\/02\/go2008bor1.thumbnail.jpg\" alt=\"go2008bor1.jpg\" height=\"91\" width=\"63\" \/><\/a><\/p>\n<p>Scheiring G\u00e1bor, Boda Zsolt (szerk.): Gazd\u00e1lkodj okosan! :  a privatiz\u00e1ci\u00f3 \u00e9s a k\u00f6zszolg\u00e1ltat\u00e1sok politik\u00e1ja (2008)<\/p>\n<p><a href=\"http:\/\/hungary.indymedia.org\/cikk.shtml?x=41813\" title=\"k\u00f6z, szolga, piac\">Itt olvashatsz<\/a> a k\u00f6nyvbemutat\u00f3r\u00f3l.<\/p>\n<div class=\"fcbkbttn_buttons_block\" id=\"fcbkbttn_left\"><div class=\"fcbkbttn_like \"><fb:like href=\"https:\/\/blog.justhvk.hu\/blog\/okosan-gazdalkodj\/\" action=\"like\" colorscheme=\"light\" layout=\"button_count\"  size=\"small\"><\/fb:like><\/div><div class=\"fb-share-button  \" data-href=\"https:\/\/blog.justhvk.hu\/blog\/okosan-gazdalkodj\/\" data-type=\"button_count\" data-size=\"small\"><\/div><\/div>","protected":false},"excerpt":{"rendered":"<p>Az \u00e9n viszonyom a &#8222;k\u00f6zszolg\u00e1ltat\u00e1s privatiz\u00e1ci\u00f3ja&#8221; sz\u00f3kapcsolathoz olyan, hogy nem tal\u00e1lom az \u00e9rtelmet ebben. \u00c1m ez itt most k\u00f6nyvaj\u00e1nl\u00f3: Scheiring G\u00e1bor, Boda Zsolt (szerk.): Gazd\u00e1lkodj okosan! : a privatiz\u00e1ci\u00f3 \u00e9s a k\u00f6zszolg\u00e1ltat\u00e1sok politik\u00e1ja (2008) Itt olvashatsz a k\u00f6nyvbemutat\u00f3r\u00f3l.<\/p>\n","protected":false},"author":2,"featured_media":0,"comment_status":"open","ping_status":"open","sticky":false,"template":"","format":"standard","meta":{"episode_type":"","audio_file":"","cover_image":"","cover_image_id":"","duration":"","filesize":"","date_recorded":"","explicit":"","block":"","filesize_raw":"","ngg_post_thumbnail":0,"footnotes":""},"categories":[303],"tags":[],"class_list":["post-446","post","type-post","status-publish","format-standard","hentry","category-konyvtaros-olvas"],"_links":{"self":[{"href":"https:\/\/blog.justhvk.hu\/blog\/wp-json\/wp\/v2\/posts\/446","targetHints":{"allow":["GET"]}}],"collection":[{"href":"https:\/\/blog.justhvk.hu\/blog\/wp-json\/wp\/v2\/posts"}],"about":[{"href":"https:\/\/blog.justhvk.hu\/blog\/wp-json\/wp\/v2\/types\/post"}],"author":[{"embeddable":true,"href":"https:\/\/blog.justhvk.hu\/blog\/wp-json\/wp\/v2\/users\/2"}],"replies":[{"embeddable":true,"href":"https:\/\/blog.justhvk.hu\/blog\/wp-json\/wp\/v2\/comments?post=446"}],"version-history":[{"count":0,"href":"https:\/\/blog.justhvk.hu\/blog\/wp-json\/wp\/v2\/posts\/446\/revisions"}],"wp:attachment":[{"href":"https:\/\/blog.justhvk.hu\/blog\/wp-json\/wp\/v2\/media?parent=446"}],"wp:term":[{"taxonomy":"category","embeddable":true,"href":"https:\/\/blog.justhvk.hu\/blog\/wp-json\/wp\/v2\/categories?post=446"},{"taxonomy":"post_tag","embeddable":true,"href":"https:\/\/blog.justhvk.hu\/blog\/wp-json\/wp\/v2\/tags?post=446"}],"curies":[{"name":"wp","href":"https:\/\/api.w.org\/{rel}","templated":true}]}}