{"id":45654,"date":"2025-12-12T13:25:59","date_gmt":"2025-12-12T13:25:59","guid":{"rendered":"https:\/\/blog.justhvk.hu\/blog\/?p=45654"},"modified":"2025-12-22T11:19:14","modified_gmt":"2025-12-22T11:19:14","slug":"karacsonyvaro-jatszohaz-a-gyermekkonyvtarban-2","status":"publish","type":"post","link":"https:\/\/blog.justhvk.hu\/blog\/karacsonyvaro-jatszohaz-a-gyermekkonyvtarban-2\/","title":{"rendered":"Kar\u00e1csonyv\u00e1r\u00f3 j\u00e1tsz\u00f3h\u00e1z a gyermekk\u00f6nyvt\u00e1rban"},"content":{"rendered":"\n<p>Kedves Olvas\u00f3k!<\/p>\n\n\n\n<p><strong>2025. december 22-\u00e9n<\/strong>, h\u00e9tf\u0151n<\/p>\n\n\n\n<p><strong>9 \u00f3r\u00e1t\u00f3l 12 \u00f3r\u00e1ig Kar\u00e1csonyv\u00e1r\u00f3 j\u00e1tsz\u00f3h\u00e1z<\/strong><\/p>\n\n\n\n<p>lesz a gyermekk\u00f6nyvt\u00e1rban. <\/p>\n\n\n\n<!--more-->\n\n\n\n<p>Mindenkit szeretettel v\u00e1runk!<\/p>\n\n\n\n<p><em>A program a <a href=\"https:\/\/ki.oszk.hu\/konyvtarikihivas\">K\u00f6nyvt\u00e1ri Kih\u00edv\u00e1s<\/a> keretein bel\u00fcl val\u00f3sul meg. A rendezv\u00e9nyre a bel\u00e9p\u00e9s d\u00edjtalan. A rendezv\u00e9nyen f\u00e9nyk\u00e9p-, hang- \u00e9s videofelv\u00e9telek k\u00e9sz\u00fclnek, melyek r\u00e9szben vagy eg\u00e9szben nyilv\u00e1noss\u00e1gra ker\u00fclnek. A szervez\u0151k a programv\u00e1ltoztat\u00e1s jog\u00e1t fenntartj\u00e1k.<\/em><\/p>\n<div class=\"fcbkbttn_buttons_block\" id=\"fcbkbttn_left\"><div class=\"fcbkbttn_like \"><fb:like href=\"https:\/\/blog.justhvk.hu\/blog\/karacsonyvaro-jatszohaz-a-gyermekkonyvtarban-2\/\" action=\"like\" colorscheme=\"light\" layout=\"button_count\"  size=\"small\"><\/fb:like><\/div><div class=\"fb-share-button  \" data-href=\"https:\/\/blog.justhvk.hu\/blog\/karacsonyvaro-jatszohaz-a-gyermekkonyvtarban-2\/\" data-type=\"button_count\" data-size=\"small\"><\/div><\/div>","protected":false},"excerpt":{"rendered":"<p>Kedves Olvas\u00f3k! 2025. december 22-\u00e9n, h\u00e9tf\u0151n 9 \u00f3r\u00e1t\u00f3l 12 \u00f3r\u00e1ig Kar\u00e1csonyv\u00e1r\u00f3 j\u00e1tsz\u00f3h\u00e1z lesz a gyermekk\u00f6nyvt\u00e1rban.<\/p>\n","protected":false},"author":5,"featured_media":45655,"comment_status":"open","ping_status":"open","sticky":false,"template":"","format":"standard","meta":{"episode_type":"","audio_file":"","cover_image":"","cover_image_id":"","duration":"","filesize":"","date_recorded":"","explicit":"","block":"","filesize_raw":"","ngg_post_thumbnail":0,"footnotes":""},"categories":[186,244,255,259,452,503],"tags":[],"class_list":["post-45654","post","type-post","status-publish","format-standard","has-post-thumbnail","hentry","category-gyermekkonyvtar","category-jatszohaz","category-justh-zsigmond-varosi-konyvtar","category-karacsony","category-oroshaza","category-programajanlo"],"_links":{"self":[{"href":"https:\/\/blog.justhvk.hu\/blog\/wp-json\/wp\/v2\/posts\/45654","targetHints":{"allow":["GET"]}}],"collection":[{"href":"https:\/\/blog.justhvk.hu\/blog\/wp-json\/wp\/v2\/posts"}],"about":[{"href":"https:\/\/blog.justhvk.hu\/blog\/wp-json\/wp\/v2\/types\/post"}],"author":[{"embeddable":true,"href":"https:\/\/blog.justhvk.hu\/blog\/wp-json\/wp\/v2\/users\/5"}],"replies":[{"embeddable":true,"href":"https:\/\/blog.justhvk.hu\/blog\/wp-json\/wp\/v2\/comments?post=45654"}],"version-history":[{"count":1,"href":"https:\/\/blog.justhvk.hu\/blog\/wp-json\/wp\/v2\/posts\/45654\/revisions"}],"predecessor-version":[{"id":45656,"href":"https:\/\/blog.justhvk.hu\/blog\/wp-json\/wp\/v2\/posts\/45654\/revisions\/45656"}],"wp:featuredmedia":[{"embeddable":true,"href":"https:\/\/blog.justhvk.hu\/blog\/wp-json\/wp\/v2\/media\/45655"}],"wp:attachment":[{"href":"https:\/\/blog.justhvk.hu\/blog\/wp-json\/wp\/v2\/media?parent=45654"}],"wp:term":[{"taxonomy":"category","embeddable":true,"href":"https:\/\/blog.justhvk.hu\/blog\/wp-json\/wp\/v2\/categories?post=45654"},{"taxonomy":"post_tag","embeddable":true,"href":"https:\/\/blog.justhvk.hu\/blog\/wp-json\/wp\/v2\/tags?post=45654"}],"curies":[{"name":"wp","href":"https:\/\/api.w.org\/{rel}","templated":true}]}}