{"id":46224,"date":"2026-01-20T07:48:23","date_gmt":"2026-01-20T07:48:23","guid":{"rendered":"https:\/\/blog.justhvk.hu\/blog\/?p=46224"},"modified":"2026-02-06T12:59:40","modified_gmt":"2026-02-06T12:59:40","slug":"utazas-bibliai-tajakon-2026","status":"publish","type":"post","link":"https:\/\/blog.justhvk.hu\/blog\/utazas-bibliai-tajakon-2026\/","title":{"rendered":"Utaz\u00e1s bibliai t\u00e1jakon \u2013 2026."},"content":{"rendered":"\n<p>2026-ban is folytat\u00f3dik az &#8222;Utaz\u00e1s bibliai t\u00e1jakon&#8221; c\u00edm\u0171 el\u0151ad\u00e1ssorozat, mindazoknak, akik k\u00edv\u00e1ncsiak azokra a helyekre, ahol a Szent\u00edr\u00e1s esem\u00e9nyei t\u00f6rt\u00e9ntek.<\/p>\n\n\n\n<p>El\u0151ad\u00f3ink: Rest\u00e1s L\u00e1szl\u00f3 \u00e9s Rajki Attila, akik maguk is j\u00e1rtak ott \u00e9s elmes\u00e9lik \u00e9lm\u00e9nyeiket. Tartsanak vel\u00fck!<\/p>\n\n\n\n<!--more-->\n\n\n\n<p>A program: <\/p>\n\n\n\n<ul class=\"wp-block-list\">\n<li>2026. janu\u00e1r 29., cs\u00fct\u00f6rt\u00f6k, 16:30 D\u00e1vid kir\u00e1ly nyom\u00e1ban<\/li>\n\n\n\n<li>2026. febru\u00e1r 26., cs\u00fct\u00f6rt\u00f6k, 16:30 A Holt-tenger vid\u00e9k\u00e9n<\/li>\n\n\n\n<li>2026. m\u00e1rcius 19., cs\u00fct\u00f6rt\u00f6k, 16:30 J\u00e9zussal Jeruzs\u00e1lemben<\/li>\n\n\n\n<li>2026. \u00e1prilis 23., cs\u00fct\u00f6rt\u00f6k, 16:30 Az \u00f3kori \u00e9s az \u00fajkori Jeruzs\u00e1lem<\/li>\n\n\n\n<li>2026. m\u00e1jus 14., cs\u00fct\u00f6rt\u00f6k, 16:30 Galilea vid\u00e9k\u00e9n<\/li>\n\n\n\n<li>2026. j\u00fanius 18., cs\u00fct\u00f6rt\u00f6k, 16:30 P\u00e1l apostol nyom\u00e1ban<\/li>\n<\/ul>\n\n\n\n<p>Helysz\u00edn: Justh Zsigmond V\u00e1rosi K\u00f6nyvt\u00e1r<\/p>\n\n\n\n<p>V\u00e1runk minden kedves \u00e9rdekl\u0151d\u0151t!<\/p>\n\n\n\n<p><em>A rendezv\u00e9nyre a bel\u00e9p\u00e9s d\u00edjtalan. A rendezv\u00e9nyen f\u00e9nyk\u00e9p-, hang- \u00e9s videofelv\u00e9telek k\u00e9sz\u00fclnek, melyek r\u00e9szben vagy eg\u00e9szben nyilv\u00e1noss\u00e1gra ker\u00fclnek. A szervez\u0151k a programv\u00e1ltoztat\u00e1s jog\u00e1t fenntartj\u00e1k.<\/em><\/p>\n<div class=\"fcbkbttn_buttons_block\" id=\"fcbkbttn_left\"><div class=\"fcbkbttn_like \"><fb:like href=\"https:\/\/blog.justhvk.hu\/blog\/utazas-bibliai-tajakon-2026\/\" action=\"like\" colorscheme=\"light\" layout=\"button_count\"  size=\"small\"><\/fb:like><\/div><div class=\"fb-share-button  \" data-href=\"https:\/\/blog.justhvk.hu\/blog\/utazas-bibliai-tajakon-2026\/\" data-type=\"button_count\" data-size=\"small\"><\/div><\/div>","protected":false},"excerpt":{"rendered":"<p>2026-ban is folytat\u00f3dik az &#8222;Utaz\u00e1s bibliai t\u00e1jakon&#8221; c\u00edm\u0171 el\u0151ad\u00e1ssorozat, mindazoknak, akik k\u00edv\u00e1ncsiak azokra a helyekre, ahol a Szent\u00edr\u00e1s esem\u00e9nyei t\u00f6rt\u00e9ntek. El\u0151ad\u00f3ink: Rest\u00e1s L\u00e1szl\u00f3 \u00e9s Rajki Attila, akik maguk is j\u00e1rtak ott \u00e9s elmes\u00e9lik \u00e9lm\u00e9nyeiket. Tartsanak vel\u00fck!<\/p>\n","protected":false},"author":5,"featured_media":46225,"comment_status":"open","ping_status":"open","sticky":true,"template":"","format":"standard","meta":{"episode_type":"","audio_file":"","cover_image":"","cover_image_id":"","duration":"","filesize":"","date_recorded":"","explicit":"","block":"","filesize_raw":"","ngg_post_thumbnail":0,"footnotes":""},"categories":[69,125,255,452,503,1194,1193],"tags":[],"class_list":["post-46224","post","type-post","status-publish","format-standard","has-post-thumbnail","hentry","category-biblia","category-eloadas","category-justh-zsigmond-varosi-konyvtar","category-oroshaza","category-programajanlo","category-rajki-attila","category-restas-laszlo"],"_links":{"self":[{"href":"https:\/\/blog.justhvk.hu\/blog\/wp-json\/wp\/v2\/posts\/46224","targetHints":{"allow":["GET"]}}],"collection":[{"href":"https:\/\/blog.justhvk.hu\/blog\/wp-json\/wp\/v2\/posts"}],"about":[{"href":"https:\/\/blog.justhvk.hu\/blog\/wp-json\/wp\/v2\/types\/post"}],"author":[{"embeddable":true,"href":"https:\/\/blog.justhvk.hu\/blog\/wp-json\/wp\/v2\/users\/5"}],"replies":[{"embeddable":true,"href":"https:\/\/blog.justhvk.hu\/blog\/wp-json\/wp\/v2\/comments?post=46224"}],"version-history":[{"count":1,"href":"https:\/\/blog.justhvk.hu\/blog\/wp-json\/wp\/v2\/posts\/46224\/revisions"}],"predecessor-version":[{"id":46226,"href":"https:\/\/blog.justhvk.hu\/blog\/wp-json\/wp\/v2\/posts\/46224\/revisions\/46226"}],"wp:featuredmedia":[{"embeddable":true,"href":"https:\/\/blog.justhvk.hu\/blog\/wp-json\/wp\/v2\/media\/46225"}],"wp:attachment":[{"href":"https:\/\/blog.justhvk.hu\/blog\/wp-json\/wp\/v2\/media?parent=46224"}],"wp:term":[{"taxonomy":"category","embeddable":true,"href":"https:\/\/blog.justhvk.hu\/blog\/wp-json\/wp\/v2\/categories?post=46224"},{"taxonomy":"post_tag","embeddable":true,"href":"https:\/\/blog.justhvk.hu\/blog\/wp-json\/wp\/v2\/tags?post=46224"}],"curies":[{"name":"wp","href":"https:\/\/api.w.org\/{rel}","templated":true}]}}