{"id":46265,"date":"2026-01-22T09:48:14","date_gmt":"2026-01-22T09:48:14","guid":{"rendered":"https:\/\/blog.justhvk.hu\/blog\/?p=46265"},"modified":"2026-01-23T07:29:15","modified_gmt":"2026-01-23T07:29:15","slug":"ekember-dokumentumfilm-bemutato-michnay-laszlo-es-tarsai-emlekere","status":"publish","type":"post","link":"https:\/\/blog.justhvk.hu\/blog\/ekember-dokumentumfilm-bemutato-michnay-laszlo-es-tarsai-emlekere\/","title":{"rendered":"\u00c9kember &#8211; dokumentumfilm bemutat\u00f3 Michnay L\u00e1szl\u00f3 \u00e9s t\u00e1rsai eml\u00e9k\u00e9re"},"content":{"rendered":"\n<p>A holokauszt nemzetk\u00f6zi eml\u00e9knapja kapcs\u00e1n filmbemutat\u00f3 \u00e9s besz\u00e9lget\u00e9s az alkot\u00f3val, Rest\u00e1s L\u00e1szl\u00f3 kult\u00farantropol\u00f3gussal: <\/p>\n\n\n\n<p><strong>\u00c9kember &#8211; dokumentumfilm bemutat\u00f3 Michnay L\u00e1szl\u00f3 \u00e9s t\u00e1rsai eml\u00e9k\u00e9re <\/strong><\/p>\n\n\n\n<!--more-->\n\n\n\n<p>Szeretettel v\u00e1runk minden \u00e9rdekl\u0151d\u0151t! <\/p>\n\n\n\n<p>A rendezv\u00e9ny id\u0151pontja: 2026. febru\u00e1r 3., kedd, 16:30 <\/p>\n\n\n\n<p>Helye: Justh Zsigmond V\u00e1rosi K\u00f6nyvt\u00e1r <\/p>\n\n\n\n<p>A program a K\u00f6nyvt\u00e1ri Kih\u00edv\u00e1s keret\u00e9ben val\u00f3sul meg.<\/p>\n\n\n\n<p><a href=\"https:\/\/www.facebook.com\/events\/1679989962965282\">Facebook-esem\u00e9ny<\/a> <\/p>\n\n\n\n<p><em>A rendezv\u00e9nyre a bel\u00e9p\u00e9s d\u00edjtalan. A rendezv\u00e9nyen f\u00e9nyk\u00e9p- \u00e9s hangfelv\u00e9telek k\u00e9sz\u00fclnek, melyek r\u00e9szben vagy eg\u00e9szben nyilv\u00e1noss\u00e1gra ker\u00fclnek. A szervez\u0151k a programv\u00e1ltoztat\u00e1s jog\u00e1t fenntartj\u00e1k.<\/em><\/p>\n<div class=\"fcbkbttn_buttons_block\" id=\"fcbkbttn_left\"><div class=\"fcbkbttn_like \"><fb:like href=\"https:\/\/blog.justhvk.hu\/blog\/ekember-dokumentumfilm-bemutato-michnay-laszlo-es-tarsai-emlekere\/\" action=\"like\" colorscheme=\"light\" layout=\"button_count\"  size=\"small\"><\/fb:like><\/div><div class=\"fb-share-button  \" data-href=\"https:\/\/blog.justhvk.hu\/blog\/ekember-dokumentumfilm-bemutato-michnay-laszlo-es-tarsai-emlekere\/\" data-type=\"button_count\" data-size=\"small\"><\/div><\/div>","protected":false},"excerpt":{"rendered":"<p>A holokauszt nemzetk\u00f6zi eml\u00e9knapja kapcs\u00e1n filmbemutat\u00f3 \u00e9s besz\u00e9lget\u00e9s az alkot\u00f3val, Rest\u00e1s L\u00e1szl\u00f3 kult\u00farantropol\u00f3gussal: \u00c9kember &#8211; dokumentumfilm bemutat\u00f3 Michnay L\u00e1szl\u00f3 \u00e9s t\u00e1rsai eml\u00e9k\u00e9re<\/p>\n","protected":false},"author":5,"featured_media":46268,"comment_status":"open","ping_status":"open","sticky":false,"template":"","format":"standard","meta":{"episode_type":"","audio_file":"","cover_image":"","cover_image_id":"","duration":"","filesize":"","date_recorded":"","explicit":"","block":"","filesize_raw":"","ngg_post_thumbnail":0,"footnotes":""},"categories":[725,255,452,503,1193],"tags":[],"class_list":["post-46265","post","type-post","status-publish","format-standard","has-post-thumbnail","hentry","category-holokauszt","category-justh-zsigmond-varosi-konyvtar","category-oroshaza","category-programajanlo","category-restas-laszlo"],"_links":{"self":[{"href":"https:\/\/blog.justhvk.hu\/blog\/wp-json\/wp\/v2\/posts\/46265","targetHints":{"allow":["GET"]}}],"collection":[{"href":"https:\/\/blog.justhvk.hu\/blog\/wp-json\/wp\/v2\/posts"}],"about":[{"href":"https:\/\/blog.justhvk.hu\/blog\/wp-json\/wp\/v2\/types\/post"}],"author":[{"embeddable":true,"href":"https:\/\/blog.justhvk.hu\/blog\/wp-json\/wp\/v2\/users\/5"}],"replies":[{"embeddable":true,"href":"https:\/\/blog.justhvk.hu\/blog\/wp-json\/wp\/v2\/comments?post=46265"}],"version-history":[{"count":3,"href":"https:\/\/blog.justhvk.hu\/blog\/wp-json\/wp\/v2\/posts\/46265\/revisions"}],"predecessor-version":[{"id":46283,"href":"https:\/\/blog.justhvk.hu\/blog\/wp-json\/wp\/v2\/posts\/46265\/revisions\/46283"}],"wp:featuredmedia":[{"embeddable":true,"href":"https:\/\/blog.justhvk.hu\/blog\/wp-json\/wp\/v2\/media\/46268"}],"wp:attachment":[{"href":"https:\/\/blog.justhvk.hu\/blog\/wp-json\/wp\/v2\/media?parent=46265"}],"wp:term":[{"taxonomy":"category","embeddable":true,"href":"https:\/\/blog.justhvk.hu\/blog\/wp-json\/wp\/v2\/categories?post=46265"},{"taxonomy":"post_tag","embeddable":true,"href":"https:\/\/blog.justhvk.hu\/blog\/wp-json\/wp\/v2\/tags?post=46265"}],"curies":[{"name":"wp","href":"https:\/\/api.w.org\/{rel}","templated":true}]}}