{"id":464,"date":"2008-02-19T20:15:15","date_gmt":"2008-02-19T19:15:15","guid":{"rendered":"http:\/\/blog.justhvk.hu\/?p=464"},"modified":"2008-02-19T20:15:15","modified_gmt":"2008-02-19T19:15:15","slug":"a-fenykepesz-utokora","status":"publish","type":"post","link":"https:\/\/blog.justhvk.hu\/blog\/a-fenykepesz-utokora\/","title":{"rendered":"A f\u00e9nyk\u00e9p\u00e9sz ut\u00f3kora"},"content":{"rendered":"<p><a href=\"http:\/\/192.168.10.245\/wp-content\/uploads\/2008\/02\/fenykepesz.jpg\" title=\"fenykepesz.jpg\"><img decoding=\"async\" src=\"http:\/\/192.168.10.245\/wp-content\/uploads\/2008\/02\/fenykepesz.thumbnail.jpg\" alt=\"fenykepesz.jpg\" align=\"left\" \/><\/a>Nem <em>A f\u00e9nyk\u00e9p\u00e9sz ut\u00f3kora<\/em> a legjobb reg\u00e9ny, amit valaha olvastam, \u00e9s nem <em>Z\u00e1vada P\u00e1l<\/em> a kedvenc magyar \u00edr\u00f3m (de majdnem), m\u00e9gis: A f\u00e9nyk\u00e9p\u00e9sz ut\u00f3kora egy elk\u00e9peszt\u0151en \u00f6tletes \u00e9s formabont\u00f3 st\u00edlus\u00fa mese a magyars\u00e1g utols\u00f3 f\u00e9l \u00e9vsz\u00e1zad\u00e1r\u00f3l, Z\u00e1vada meg &#8211; kedvenc vagy nem kedvenc, ez nem is sz\u00e1m\u00edt &#8211; a legjobb magyar kort\u00e1rs \u00edr\u00f3. A semmib\u0151l el\u0151t\u0171nve (ezt most sz\u00e9p\u00edr\u00f3i munk\u00e1ss\u00e1g\u00e1ra \u00e9rtem, \u00e9s m\u00e9g \u00edgy is van benne n\u00e9mi t\u00falz\u00e1s) meg\u00edrta a Jadviga p\u00e1rn\u00e1j\u00e1t, azt\u00e1n miel\u0151tt bekategoriz\u00e1lt\u00e1k volna az egyk\u00f6nyvesek t\u00e1bor\u00e1ba, megjelent a remek <a href=\"http:\/\/blog.justhvk.hu\/?p=293\">Milota<\/a> majd pedig &#8211; ennek is m\u00e1r n\u00e9gy \u00e9ve &#8211; A f\u00e9nyk\u00e9p\u00e9sz ut\u00f3kora.<\/p>\n<p>H\u00e1rom korszak t\u00f6rt\u00e9nete fon\u00f3dik egybe a reg\u00e9nyben, kis odafigyel\u00e9ssel persze k\u00f6vethet\u0151 keszekuszas\u00e1gban, mik\u00f6zben a k\u00f6rnyezet, a hangulat \u00e9s maga a t\u00e9ma is hamis\u00edthatatlanul <em>z\u00e1vad\u00e1s<\/em>: beteljes\u00fclt \u00e9s beteljes\u00fcletlen szerelmek, t\u00e1rsadalmi igazs\u00e1gtalans\u00e1gok \u00e9s t\u00e9ved\u00e9sek, egy\u00e9ni trag\u00e9di\u00e1k, miniszterek, kul\u00e1kok, zsid\u00f3k, t\u00f3tok stb. M\u00e9gis, a k\u00f6nyvet mindenekel\u0151tt a st\u00edlus\u00e1\u00e9rt im\u00e1dtam olvasni, mert bevallom, ilyet \u00e9n m\u00e9g nem l\u00e1ttam (\u00e9s ami\u00e9rt Z\u00e1vada a legjobb: ezt a mondatot minden reg\u00e9nye ut\u00e1n le\u00edrhattam volna). Az elbesz\u00e9l\u00e9s ugyanis t\u00f6bbes sz\u00e1m els\u0151 szem\u00e9lyben t\u00f6rt\u00e9nik, r\u00e1ad\u00e1sul mindig m\u00e1sok \u00e9s m\u00e1sok mes\u00e9lik tov\u00e1bb a t\u00f6rt\u00e9netet. Az elbesz\u00e9l\u0151kr\u0151l sokszor csak sejtj\u00fck, kik lehetnek, m\u00e1skor m\u00e9g azt sem, de ez t\u00e9nyleg nem is fontos. Pont el\u00e9g azt l\u00e1tni, hogy valakik mindig figyelnek valakit. Nyilv\u00e1ntartanak.<\/p>\n<p>Olvass bele, \u00e9s meg\u00e9rted, mir\u0151l besz\u00e9lek. A k\u00f6nyvt\u00e1rban k\u00e9t p\u00e9ld\u00e1ny is k\u00f6lcs\u00f6n\u00f6zhet\u0151.<\/p>\n<div class=\"fcbkbttn_buttons_block\" id=\"fcbkbttn_left\"><div class=\"fcbkbttn_like \"><fb:like href=\"https:\/\/blog.justhvk.hu\/blog\/a-fenykepesz-utokora\/\" action=\"like\" colorscheme=\"light\" layout=\"button_count\"  size=\"small\"><\/fb:like><\/div><div class=\"fb-share-button  \" data-href=\"https:\/\/blog.justhvk.hu\/blog\/a-fenykepesz-utokora\/\" data-type=\"button_count\" data-size=\"small\"><\/div><\/div>","protected":false},"excerpt":{"rendered":"<p>Nem A f\u00e9nyk\u00e9p\u00e9sz ut\u00f3kora a legjobb reg\u00e9ny, amit valaha olvastam, \u00e9s nem Z\u00e1vada P\u00e1l a kedvenc magyar \u00edr\u00f3m (de majdnem), m\u00e9gis: A f\u00e9nyk\u00e9p\u00e9sz ut\u00f3kora egy elk\u00e9peszt\u0151en \u00f6tletes \u00e9s formabont\u00f3 st\u00edlus\u00fa mese a magyars\u00e1g utols\u00f3 f\u00e9l \u00e9vsz\u00e1zad\u00e1r\u00f3l, Z\u00e1vada meg &#8211; kedvenc vagy nem kedvenc, ez nem is sz\u00e1m\u00edt &#8211; a legjobb magyar kort\u00e1rs \u00edr\u00f3. A semmib\u0151l [&hellip;]<\/p>\n","protected":false},"author":5,"featured_media":0,"comment_status":"open","ping_status":"open","sticky":false,"template":"","format":"standard","meta":{"episode_type":"","audio_file":"","cover_image":"","cover_image_id":"","duration":"","filesize":"","date_recorded":"","explicit":"","block":"","filesize_raw":"","ngg_post_thumbnail":0,"footnotes":""},"categories":[303,656],"tags":[],"class_list":["post-464","post","type-post","status-publish","format-standard","hentry","category-konyvtaros-olvas","category-zavada-pal"],"_links":{"self":[{"href":"https:\/\/blog.justhvk.hu\/blog\/wp-json\/wp\/v2\/posts\/464","targetHints":{"allow":["GET"]}}],"collection":[{"href":"https:\/\/blog.justhvk.hu\/blog\/wp-json\/wp\/v2\/posts"}],"about":[{"href":"https:\/\/blog.justhvk.hu\/blog\/wp-json\/wp\/v2\/types\/post"}],"author":[{"embeddable":true,"href":"https:\/\/blog.justhvk.hu\/blog\/wp-json\/wp\/v2\/users\/5"}],"replies":[{"embeddable":true,"href":"https:\/\/blog.justhvk.hu\/blog\/wp-json\/wp\/v2\/comments?post=464"}],"version-history":[{"count":0,"href":"https:\/\/blog.justhvk.hu\/blog\/wp-json\/wp\/v2\/posts\/464\/revisions"}],"wp:attachment":[{"href":"https:\/\/blog.justhvk.hu\/blog\/wp-json\/wp\/v2\/media?parent=464"}],"wp:term":[{"taxonomy":"category","embeddable":true,"href":"https:\/\/blog.justhvk.hu\/blog\/wp-json\/wp\/v2\/categories?post=464"},{"taxonomy":"post_tag","embeddable":true,"href":"https:\/\/blog.justhvk.hu\/blog\/wp-json\/wp\/v2\/tags?post=464"}],"curies":[{"name":"wp","href":"https:\/\/api.w.org\/{rel}","templated":true}]}}