{"id":469,"date":"2008-02-21T07:00:03","date_gmt":"2008-02-21T06:00:03","guid":{"rendered":"http:\/\/blog.justhvk.hu\/?p=469"},"modified":"2008-02-21T07:00:03","modified_gmt":"2008-02-21T06:00:03","slug":"eto-tanfolyam","status":"publish","type":"post","link":"https:\/\/blog.justhvk.hu\/blog\/eto-tanfolyam\/","title":{"rendered":"ETO tanfolyam"},"content":{"rendered":"<p><o:p><\/o:p>M\u00e1r m\u00e1sodik hete ism\u00e9t v\u00e1ls\u00e1gos a k\u00f6nyvt\u00e1rosok beoszt\u00e1sa. Mi viszont Marcsival \u201el\u00e1zban\u201d vagyunk, mert n\u00e9gy h\u00e9ten 2-2 napot t\u00f6lthet\u00fcnk az <a href=\"http:\/\/www.oszk.hu\">OSZK<\/a>-ban ETO tanfolyamon. A tanfolyamot a <a href=\"http:\/\/www.ki.oszk.hu\">K\u00f6nyvt\u00e1ri Int\u00e9zet<\/a> szervezi, csak a helye van a v\u00e1rban.<\/p>\n<p class=\"MsoNormal\">No nem annyira az orsz\u00e1g els\u0151 k\u00f6nyvt\u00e1r\u00e1nak \u201ebar\u00e1ts\u00e1gos\u201d l\u00e9gk\u00f6re volt ennyire vonz\u00f3! Nem is eml\u00e9keszem mikor voltunk utolj\u00e1ra tartalmi felt\u00e1r\u00f3knak szervezett tanfolyamon s ez a mostani ilyen. El\u0151z\u0151 h\u00e9ten Bar\u00e1tn\u00e9 dr. Hajdu \u00c1gnes volt az el\u0151ad\u00f3 \u00e9s nagyon meghat\u00f3dtunk, amikor \u00c1gi az orosh\u00e1zi k\u00f6nyvt\u00e1rosokat megeml\u00edtve el\u00e9rz\u00e9keny\u00fclt.<\/p>\n<p class=\"MsoNormal\">D\u00e9lben az\u00e9rt egy adag soml\u00f3ival igyekezt\u00fcnk mindh\u00e1rman jav\u00edtani a hangulaton.<\/p>\n<p class=\"MsoNormal\">Az ETO \u00faj kiad\u00e1sa jelent\u0151s v\u00e1ltoz\u00e1sokat tartalmaz, persze a v\u00e1ltoz\u00e1s, fejl\u0151d\u00e9st hoz(hat). Sz\u00e1munkra els\u0151sorban az a k\u00e9rd\u00e9s, hogy mi otthon mikort\u00f3l tudjuk alkalmazni?<\/p>\n<p class=\"MsoNormal\">\u00c1gi felvetette a k\u00e9rd\u00e9st, hogy a k\u00f6nyvt\u00e1ros szakemberek felel\u0151ss\u00e9ge mit jelent, ha az ETO haszn\u00e1lat\u00e1r\u00f3l van sz\u00f3?<\/p>\n<p class=\"MsoNormal\">Kedves koll\u00e9g\u00e1k \u00e9s olvas\u00f3k, aki nem haszn\u00e1lja mi\u00e9rt nem, aki igen az mivel kap t\u00f6bbet vagy jobbat? Azok a t\u00e1j\u00e9koztat\u00f3 k\u00f6nyvt\u00e1rosok, akik esetleg nem haszn\u00e1lj\u00e1k, hogyan tudj\u00e1k megoldani a feladatokat?<\/p>\n<p class=\"MsoNormal\">Mi Marcsival napok \u00f3ta azon tanakodunk, hogy a felhaszn\u00e1l\u00f3knak hogyan tudjuk \u201eem\u00e9szthet\u0151bb\u00e9\u201d tenni ezt a sok sz\u00e1mot \u00e9s jelet tartalmaz\u00f3, ugyanakkor nagyon logikus \u201eeszk\u00f6zt\u201d. Nagyon tetszett, hogy az olvas\u00f3i ig\u00e9nyek, mint szempont milyen gyakran ker\u00fcltek sz\u00f3ba. Ilyen izgalmas k\u00e9rd\u00e9sekkel foglalkozunk \u00e9s j\u00f3l esett egy kicsit fel\u00fclemelkedni a napi gondokon.<\/p>\n<p class=\"MsoNormal\">Az\u00e9rt az igazi csemege az ETO t\u00e1bl\u00e1zat \u00e1tn\u00e9z\u00e9se \u00e9s a konkr\u00e9t oszt\u00e1lyoz\u00e1si feladatok.<\/p>\n<p class=\"MsoNormal\">Kicsit n\u00e9pszer\u0171s\u00edtett\u00fck k\u00f6nyvt\u00e1runkat is, mert m\u00e9g a blogr\u00f3l is siker\u00fclt besz\u00e9ln\u00fcnk. A koll\u00e9g\u00e1k m\u00e1r azon is csod\u00e1lkoztak, hogy egy\u00e1ltal\u00e1n hogyan ker\u00fclt\u00fcnk mi el\u0151 ilyen messzir\u0151l. Marcsit id\u00e9zve: ugyan m\u00e9g nem a vil\u00e1g v\u00e9g\u00e9r\u0151l, de t\u0151l\u00fcnk m\u00e1r lehet l\u00e1tni.<\/p>\n<p class=\"MsoNormal\">Az OSZK-r\u00f3l most ink\u00e1bb nem \u00edrok, tal\u00e1n Marcsi (\u0151t t\u00f6bb inzultus \u00e9rte) szeretn\u00e9 ezt megtenni, ha pedig elmarad, mindenkinek a fant\u00e1zi\u00e1j\u00e1ra b\u00edzzuk milyen \u00e9lm\u00e9nyekben volt r\u00e9sz\u00fcnk.<\/p>\n<p class=\"MsoNormal\">M\u00e9g k\u00e9t h\u00e9ten kereszt\u00fcl j\u00f6v\u00fcnk \u00e9s felt\u00f6ltekez\u00fcnk, arra pedig k\u00fcl\u00f6n b\u00fcszk\u00e9k vagyunk, hogy szakmai k\u00f6r\u00f6kben nincs mi\u00e9rt sz\u00e9gyenkezn\u00fcnk itt a \u201evil\u00e1g v\u00e9g\u00e9n\u201d.<\/p>\n<div class=\"fcbkbttn_buttons_block\" id=\"fcbkbttn_left\"><div class=\"fcbkbttn_like \"><fb:like href=\"https:\/\/blog.justhvk.hu\/blog\/eto-tanfolyam\/\" action=\"like\" colorscheme=\"light\" layout=\"button_count\"  size=\"small\"><\/fb:like><\/div><div class=\"fb-share-button  \" data-href=\"https:\/\/blog.justhvk.hu\/blog\/eto-tanfolyam\/\" data-type=\"button_count\" data-size=\"small\"><\/div><\/div>","protected":false},"excerpt":{"rendered":"<p>M\u00e1r m\u00e1sodik hete ism\u00e9t v\u00e1ls\u00e1gos a k\u00f6nyvt\u00e1rosok beoszt\u00e1sa. Mi viszont Marcsival \u201el\u00e1zban\u201d vagyunk, mert n\u00e9gy h\u00e9ten 2-2 napot t\u00f6lthet\u00fcnk az OSZK-ban ETO tanfolyamon. A tanfolyamot a K\u00f6nyvt\u00e1ri Int\u00e9zet szervezi, csak a helye van a v\u00e1rban. No nem annyira az orsz\u00e1g els\u0151 k\u00f6nyvt\u00e1r\u00e1nak \u201ebar\u00e1ts\u00e1gos\u201d l\u00e9gk\u00f6re volt ennyire vonz\u00f3! Nem is eml\u00e9keszem mikor voltunk utolj\u00e1ra tartalmi felt\u00e1r\u00f3knak [&hellip;]<\/p>\n","protected":false},"author":7,"featured_media":0,"comment_status":"open","ping_status":"open","sticky":false,"template":"","format":"standard","meta":{"episode_type":"","audio_file":"","cover_image":"","cover_image_id":"","duration":"","filesize":"","date_recorded":"","explicit":"","block":"","filesize_raw":"","ngg_post_thumbnail":0,"footnotes":""},"categories":[130,1],"tags":[],"class_list":["post-469","post","type-post","status-publish","format-standard","hentry","category-eto","category-uncategorized"],"_links":{"self":[{"href":"https:\/\/blog.justhvk.hu\/blog\/wp-json\/wp\/v2\/posts\/469","targetHints":{"allow":["GET"]}}],"collection":[{"href":"https:\/\/blog.justhvk.hu\/blog\/wp-json\/wp\/v2\/posts"}],"about":[{"href":"https:\/\/blog.justhvk.hu\/blog\/wp-json\/wp\/v2\/types\/post"}],"author":[{"embeddable":true,"href":"https:\/\/blog.justhvk.hu\/blog\/wp-json\/wp\/v2\/users\/7"}],"replies":[{"embeddable":true,"href":"https:\/\/blog.justhvk.hu\/blog\/wp-json\/wp\/v2\/comments?post=469"}],"version-history":[{"count":0,"href":"https:\/\/blog.justhvk.hu\/blog\/wp-json\/wp\/v2\/posts\/469\/revisions"}],"wp:attachment":[{"href":"https:\/\/blog.justhvk.hu\/blog\/wp-json\/wp\/v2\/media?parent=469"}],"wp:term":[{"taxonomy":"category","embeddable":true,"href":"https:\/\/blog.justhvk.hu\/blog\/wp-json\/wp\/v2\/categories?post=469"},{"taxonomy":"post_tag","embeddable":true,"href":"https:\/\/blog.justhvk.hu\/blog\/wp-json\/wp\/v2\/tags?post=469"}],"curies":[{"name":"wp","href":"https:\/\/api.w.org\/{rel}","templated":true}]}}