{"id":47073,"date":"2026-03-12T10:36:23","date_gmt":"2026-03-12T10:36:23","guid":{"rendered":"https:\/\/blog.justhvk.hu\/blog\/?p=47073"},"modified":"2026-04-10T06:23:29","modified_gmt":"2026-04-10T06:23:29","slug":"janikovszky-eva-emlekkiallitas","status":"publish","type":"post","link":"https:\/\/blog.justhvk.hu\/blog\/janikovszky-eva-emlekkiallitas\/","title":{"rendered":"Janikovszky \u00c9va eml\u00e9kki\u00e1ll\u00edt\u00e1s"},"content":{"rendered":"\n<p><strong>2026. m\u00e1rcius 16. \u00e9s \u00e1prilis 10. k\u00f6z\u00f6tt <\/strong>a Justh Zsigmond V\u00e1rosi K\u00f6nyvt\u00e1r gyermekk\u00f6nyvt\u00e1r\u00e1nak el\u0151ter\u00e9ben tekinthet\u0151 meg a M\u00f3ra K\u00f6nyvkiad\u00f3 <strong>Janikovszky \u00c9v\u00e1r\u00f3l k\u00e9sz\u00fclt eml\u00e9kki\u00e1ll\u00edt\u00e1sa<\/strong>. A ki\u00e1ll\u00edt\u00e1s aktualit\u00e1s\u00e1t az adja, hogy 2026 \u00e1prilis\u00e1ban fogjuk \u00fcnnepelni Janikovszky \u00c9va sz\u00fclet\u00e9s\u00e9nek 100. \u00e9vfordul\u00f3j\u00e1t.<\/p>\n\n\n\n<!--more-->\n\n\n\n<p>A ki\u00e1ll\u00edt\u00e1son az idegen nyelv\u0171 k\u00f6nyveken, grafik\u00e1kon k\u00edv\u00fcl megtal\u00e1lhat\u00f3k az \u00edr\u00f3 kev\u00e9sb\u00e9 ismert fot\u00f3i, \u00edr\u00f3g\u00e9pe, d\u00edjai, az id\u0151k\u00f6zben nyomtat\u00e1sban is megjelent gyerekkori napl\u00f3inak r\u00e9szletei, a nev\u00e9t visel\u0151 alap\u00edtv\u00e1ny \u00e1ltal adhat\u00f3 irodalmi d\u00edj, valamint a <em>Bertalan \u00e9s Barnab\u00e1s<\/em> c\u00edm\u0171 m\u0171v\u00e9b\u0151l k\u00e9sz\u00fclt b\u00e1bel\u0151ad\u00e1s kell\u00e9kei \u00e9s az <em>\u00c9gig\u00e9r\u0151 f\u0171<\/em> c\u00edm\u0171 filmmel \u00e9s a Magyar Sz\u00ednh\u00e1z sz\u00ednpadi adapt\u00e1ci\u00f3j\u00e1val kapcsolatos makettek, jelmeztervek, fot\u00f3k. A l\u00e1togat\u00f3k h\u00faszperces filmet l\u00e1thatnak, amely az \u00edr\u00f3 \u00e9let\u00e9vel kapcsolatos fot\u00f3kat, riportr\u00e9szleteket, illetve az MTV \u00e1ltal ritk\u00e1n sug\u00e1rzott anim\u00e1ci\u00f3s filmr\u00e9szleteket tartalmaz.<\/p>\n\n\n\n<p>Az egy\u00e9ni \u00e9rdekl\u0151d\u0151k\u00f6n t\u00fal azokat az \u00f3vodai \u00e9s kisiskol\u00e1s csoportokat v\u00e1rjuk ki\u00e1ll\u00edt\u00e1sunkra, akik szeretn\u00e9nek t\u00f6bbet megtudni Janikovszky \u00c9v\u00e1r\u00f3l, vagy az iskolai tananyag keretei k\u00f6z\u00f6tt foglalkoznak m\u0171veivel, munk\u00e1ss\u00e1g\u00e1val, \u00e9s ez\u00e9rt egy kicsit m\u00e1s, a k\u00f6nyvekben nem szerepl\u0151 oldal\u00e1r\u00f3l is szeretn\u00e9k megismerni \u0151t.<\/p>\n\n\n\n<p><strong>K\u00e9rj\u00fck, amennyiben szeretn\u00e9k csoportosan, szervezett keretek k\u00f6z\u00f6tt megtekinteni a ki\u00e1ll\u00edt\u00e1st, jelentkezzenek szem\u00e9lyesen, e-mailben (<a href=\"mailto:ohkiskonyvtar@gmail.com\">ohkiskonyvtar@gmail.com<\/a><\/strong><strong>)<\/strong><strong>, vagy telefonon (+36-68-412-075).<\/strong><\/p>\n<div class=\"fcbkbttn_buttons_block\" id=\"fcbkbttn_left\"><div class=\"fcbkbttn_like \"><fb:like href=\"https:\/\/blog.justhvk.hu\/blog\/janikovszky-eva-emlekkiallitas\/\" action=\"like\" colorscheme=\"light\" layout=\"button_count\"  size=\"small\"><\/fb:like><\/div><div class=\"fb-share-button  \" data-href=\"https:\/\/blog.justhvk.hu\/blog\/janikovszky-eva-emlekkiallitas\/\" data-type=\"button_count\" data-size=\"small\"><\/div><\/div>","protected":false},"excerpt":{"rendered":"<p>2026. m\u00e1rcius 16. \u00e9s \u00e1prilis 10. k\u00f6z\u00f6tt a Justh Zsigmond V\u00e1rosi K\u00f6nyvt\u00e1r gyermekk\u00f6nyvt\u00e1r\u00e1nak el\u0151ter\u00e9ben tekinthet\u0151 meg a M\u00f3ra K\u00f6nyvkiad\u00f3 Janikovszky \u00c9v\u00e1r\u00f3l k\u00e9sz\u00fclt eml\u00e9kki\u00e1ll\u00edt\u00e1sa. A ki\u00e1ll\u00edt\u00e1s aktualit\u00e1s\u00e1t az adja, hogy 2026 \u00e1prilis\u00e1ban fogjuk \u00fcnnepelni Janikovszky \u00c9va sz\u00fclet\u00e9s\u00e9nek 100. \u00e9vfordul\u00f3j\u00e1t.<\/p>\n","protected":false},"author":5,"featured_media":47132,"comment_status":"open","ping_status":"open","sticky":false,"template":"","format":"standard","meta":{"episode_type":"","audio_file":"","cover_image":"","cover_image_id":"","duration":"","filesize":"","date_recorded":"","explicit":"","block":"","filesize_raw":"","ngg_post_thumbnail":0,"footnotes":""},"categories":[1202,255,316,452],"tags":[],"class_list":["post-47073","post","type-post","status-publish","format-standard","has-post-thumbnail","hentry","category-janikovszky-eva","category-justh-zsigmond-varosi-konyvtar","category-kiallitas","category-oroshaza"],"_links":{"self":[{"href":"https:\/\/blog.justhvk.hu\/blog\/wp-json\/wp\/v2\/posts\/47073","targetHints":{"allow":["GET"]}}],"collection":[{"href":"https:\/\/blog.justhvk.hu\/blog\/wp-json\/wp\/v2\/posts"}],"about":[{"href":"https:\/\/blog.justhvk.hu\/blog\/wp-json\/wp\/v2\/types\/post"}],"author":[{"embeddable":true,"href":"https:\/\/blog.justhvk.hu\/blog\/wp-json\/wp\/v2\/users\/5"}],"replies":[{"embeddable":true,"href":"https:\/\/blog.justhvk.hu\/blog\/wp-json\/wp\/v2\/comments?post=47073"}],"version-history":[{"count":2,"href":"https:\/\/blog.justhvk.hu\/blog\/wp-json\/wp\/v2\/posts\/47073\/revisions"}],"predecessor-version":[{"id":47133,"href":"https:\/\/blog.justhvk.hu\/blog\/wp-json\/wp\/v2\/posts\/47073\/revisions\/47133"}],"wp:featuredmedia":[{"embeddable":true,"href":"https:\/\/blog.justhvk.hu\/blog\/wp-json\/wp\/v2\/media\/47132"}],"wp:attachment":[{"href":"https:\/\/blog.justhvk.hu\/blog\/wp-json\/wp\/v2\/media?parent=47073"}],"wp:term":[{"taxonomy":"category","embeddable":true,"href":"https:\/\/blog.justhvk.hu\/blog\/wp-json\/wp\/v2\/categories?post=47073"},{"taxonomy":"post_tag","embeddable":true,"href":"https:\/\/blog.justhvk.hu\/blog\/wp-json\/wp\/v2\/tags?post=47073"}],"curies":[{"name":"wp","href":"https:\/\/api.w.org\/{rel}","templated":true}]}}