{"id":477,"date":"2008-02-28T20:18:25","date_gmt":"2008-02-28T19:18:25","guid":{"rendered":"http:\/\/blog.justhvk.hu\/?p=477"},"modified":"2008-02-28T20:18:25","modified_gmt":"2008-02-28T19:18:25","slug":"tul-a-maszat-hegyen","status":"publish","type":"post","link":"https:\/\/blog.justhvk.hu\/blog\/tul-a-maszat-hegyen\/","title":{"rendered":"T\u00fal a Maszat-hegyen"},"content":{"rendered":"<p><a href=\"http:\/\/192.168.10.245\/wp-content\/uploads\/2008\/02\/maszat.jpg\" title=\"maszat.jpg\"><img decoding=\"async\" src=\"http:\/\/192.168.10.245\/wp-content\/uploads\/2008\/02\/maszat.thumbnail.jpg\" alt=\"maszat.jpg\" align=\"left\" \/><\/a>Sok egy\u00e9b ok mellett az\u00e9rt is j\u00f3 dolog ap\u00e1nak lenni, mert an\u00e9lk\u00fcl m\u0171velhetsz kedvedre infantilis dolgokat, hogy azt b\u00e1rki is sz\u00e1mon k\u00e9rhetn\u00e9 rajtad. Vehetsz p\u00f6tty\u00f6s gumilabd\u00e1t, \u00e9s olvashatsz <em>Varr\u00f3 Danit<\/em>, hogy csak k\u00e9t p\u00e9ld\u00e1t eml\u00edtsek, b\u00e1r ez ut\u00f3bbi s\u00e1nt\u00edt.<\/p>\n<p>A <em>T\u00fal a Maszat-hegyen<\/em> c\u00edm\u0171 mesereg\u00e9ny ugyanis nem csak kicsiknek sz\u00f3rakoztat\u00f3 olvasm\u00e1ny. Eszement r\u00edmek, hib\u00e1tlan po\u00e9nok, vicces szerepl\u0151k valamint meglepet\u00e9sk\u00e9nt irodalmi utal\u00e1sok teszik teljess\u00e9 ezt a sikerk\u00f6nyvet, amit \u00e9n el\u0151bb hallgattam v\u00e9gig, mintsem hogy a k\u00f6tetet a kezembe vettem volna. A k\u00f6nyvt\u00e1runkban hangosk\u00f6nyv form\u00e1j\u00e1ban k\u00f6lcs\u00f6n\u00f6zhet\u0151 a mese, <em>M\u00e1csai P\u00e1l<\/em> zseni\u00e1lis el\u0151ad\u00e1s\u00e1ban. Ezt hallgattam meg, t\u00f6bbnyire mosogat\u00e1s vagy kocog\u00e1s k\u00f6zben &#8211; csod\u00e1san ellens\u00falyozva a k\u00ednokat. :D A k\u00f6nyvre &#8211; \u00e9s \u00fagy egy\u00e9bk\u00e9nt azt hiszem Varr\u00f3 Dani teljes k\u00f6lt\u00e9szet\u00e9re is &#8211; a j\u00e1t\u00e9koss\u00e1g a f\u0151 jellemz\u0151, ez\u00e9rt n\u00e9pszer\u0171 a gyerekek k\u00f6r\u00e9ben, de van benne sok \u00f6nir\u00f3nia \u00e9s kikacsint\u00e1s a nagyok fel\u00e9 is, amit\u0151l \u00f6reg fejjel sem lehet nem szeretni. R\u00e1ad\u00e1sul &#8211; mese l\u00e9v\u00e9n &#8211; alapigazs\u00e1gokr\u00f3l sz\u00f3l a t\u00f6rt\u00e9net, v\u00e1laszt\u00e9kos st\u00edlusban, m\u00e9gis nagyon mai nyelvezettel.<\/p>\n<p>Aki teheti, m\u00e1r csak M\u00e1csai miatt is hallgassa meg a hangosk\u00f6nyvet, de el\u0151tte\/ut\u00e1na felt\u00e9tlen\u00fcl kapja k\u00e9zbe a k\u00f6nyvet is. A k\u00f6lt\u0151 tes\u00f3ja, <em>Varr\u00f3 Zsuzsa<\/em> illusztr\u00e1lja a k\u00f6tetet, ugyancsak nagyon viccesen (l\u00e1sd fenti \u00e1bra).<\/p>\n<p>Sz\u00f3val ha j\u00f3kat akarsz r\u00f6h\u00f6gni (\u00e9s ut\u00e1na akaratlanul is r\u00edmekben besz\u00e9lni) felt\u00e9tlen\u00fcl olvass a gyereknek \u00e9s magadnak r\u00e9szeket Muhi Andris kalandjaib\u00f3l. Ilyen alakok, mint Makula b\u00e1csi, a B\u00fcd\u00f6s Pizsam\u00e1z\u00f3, Morzs\u00e1nyi G\u00e9za, vagy a N\u00e1th\u00e1s angol k\u00f6lt\u0151 nem teremnek minden mes\u00e9ben.<\/p>\n<p>(\u00c9s most megyek, \u00e9s olvasom tov\u00e1bb a Harry Potter uts\u00f3 r\u00e9sz\u00e9t. Persze csak a k\u00f6ly\u00f6k miatt. ;))<\/p>\n<div class=\"fcbkbttn_buttons_block\" id=\"fcbkbttn_left\"><div class=\"fcbkbttn_like \"><fb:like href=\"https:\/\/blog.justhvk.hu\/blog\/tul-a-maszat-hegyen\/\" action=\"like\" colorscheme=\"light\" layout=\"button_count\"  size=\"small\"><\/fb:like><\/div><div class=\"fb-share-button  \" data-href=\"https:\/\/blog.justhvk.hu\/blog\/tul-a-maszat-hegyen\/\" data-type=\"button_count\" data-size=\"small\"><\/div><\/div>","protected":false},"excerpt":{"rendered":"<p>Sok egy\u00e9b ok mellett az\u00e9rt is j\u00f3 dolog ap\u00e1nak lenni, mert an\u00e9lk\u00fcl m\u0171velhetsz kedvedre infantilis dolgokat, hogy azt b\u00e1rki is sz\u00e1mon k\u00e9rhetn\u00e9 rajtad. Vehetsz p\u00f6tty\u00f6s gumilabd\u00e1t, \u00e9s olvashatsz Varr\u00f3 Danit, hogy csak k\u00e9t p\u00e9ld\u00e1t eml\u00edtsek, b\u00e1r ez ut\u00f3bbi s\u00e1nt\u00edt. A T\u00fal a Maszat-hegyen c\u00edm\u0171 mesereg\u00e9ny ugyanis nem csak kicsiknek sz\u00f3rakoztat\u00f3 olvasm\u00e1ny. Eszement r\u00edmek, hib\u00e1tlan po\u00e9nok, [&hellip;]<\/p>\n","protected":false},"author":5,"featured_media":0,"comment_status":"open","ping_status":"open","sticky":false,"template":"","format":"standard","meta":{"episode_type":"","audio_file":"","cover_image":"","cover_image_id":"","duration":"","filesize":"","date_recorded":"","explicit":"","block":"","filesize_raw":"","ngg_post_thumbnail":0,"footnotes":""},"categories":[303,625],"tags":[],"class_list":["post-477","post","type-post","status-publish","format-standard","hentry","category-konyvtaros-olvas","category-varro-daniel"],"_links":{"self":[{"href":"https:\/\/blog.justhvk.hu\/blog\/wp-json\/wp\/v2\/posts\/477","targetHints":{"allow":["GET"]}}],"collection":[{"href":"https:\/\/blog.justhvk.hu\/blog\/wp-json\/wp\/v2\/posts"}],"about":[{"href":"https:\/\/blog.justhvk.hu\/blog\/wp-json\/wp\/v2\/types\/post"}],"author":[{"embeddable":true,"href":"https:\/\/blog.justhvk.hu\/blog\/wp-json\/wp\/v2\/users\/5"}],"replies":[{"embeddable":true,"href":"https:\/\/blog.justhvk.hu\/blog\/wp-json\/wp\/v2\/comments?post=477"}],"version-history":[{"count":0,"href":"https:\/\/blog.justhvk.hu\/blog\/wp-json\/wp\/v2\/posts\/477\/revisions"}],"wp:attachment":[{"href":"https:\/\/blog.justhvk.hu\/blog\/wp-json\/wp\/v2\/media?parent=477"}],"wp:term":[{"taxonomy":"category","embeddable":true,"href":"https:\/\/blog.justhvk.hu\/blog\/wp-json\/wp\/v2\/categories?post=477"},{"taxonomy":"post_tag","embeddable":true,"href":"https:\/\/blog.justhvk.hu\/blog\/wp-json\/wp\/v2\/tags?post=477"}],"curies":[{"name":"wp","href":"https:\/\/api.w.org\/{rel}","templated":true}]}}