{"id":48137,"date":"2026-04-27T09:31:56","date_gmt":"2026-04-27T09:31:56","guid":{"rendered":"https:\/\/blog.justhvk.hu\/blog\/?p=48137"},"modified":"2026-04-27T09:35:21","modified_gmt":"2026-04-27T09:35:21","slug":"19-gyoparka-tunder-mesemondo-verseny-fotok-eredmenyek","status":"publish","type":"post","link":"https:\/\/blog.justhvk.hu\/blog\/19-gyoparka-tunder-mesemondo-verseny-fotok-eredmenyek\/","title":{"rendered":"19. Gyop\u00e1rka t\u00fcnd\u00e9r mesemond\u00f3 verseny &#8211; fot\u00f3k, eredm\u00e9nyek\u00a0"},"content":{"rendered":"\n<p>Kereken 20 \u00e9vvel ezel\u0151tt, 2006-ban szervezte meg az els\u0151 mesemond\u00f3 versenyt az Ifj\u00fas\u00e1gi Magyars\u00e1gt\u00e1bor r\u00e9szek\u00e9nt K\u00e1rolyi F\u00fcl\u00f6p B\u00e9la. A versenyb\u0151l hagyom\u00e1ny lett, \u00edgy szombaton m\u00e1r a 19. Gyop\u00e1rka t\u00fcnd\u00e9r mesemond\u00f3 versenyt szervezt\u00fck meg a k\u00f6nyvt\u00e1rban &#8211; a szok\u00e1soknak megfelel\u0151en ez\u00fattal is a telep\u00fcl\u00e9salap\u00edt\u00e1si \u00fcnneps\u00e9gsorozathoz kapcsol\u00f3dva. <\/p>\n\n\n\n<!--more-->\n\n\n\n<p>A mesemond\u00f3k idei tal\u00e1lkoz\u00f3j\u00e1ra 27 nevez\u00e9s \u00e9rkezett, a gyerekek h\u00e1rom korcsoportban mondt\u00e1k el v\u00e1lasztott mes\u00e9iket.<\/p>\n\n\n\n<p>A zs\u0171ri tagja voltak:<\/p>\n\n\n\n<ul class=\"wp-block-list\">\n<li>Cs\u00e1nyin\u00e9 K\u00e1d\u00e1r T\u00fcnde nyugd\u00edjas k\u00f6nyvt\u00e1ros <\/li>\n\n\n\n<li>Mihutz Margit nyugd\u00edjas \u00f3v\u00f3n\u0151 <\/li>\n\n\n\n<li>Zalai Mih\u00e1ly, a Nemzeti M\u0171vel\u0151d\u00e9si Int\u00e9zet kiemelt programok igazgat\u00f3ja<\/li>\n<\/ul>\n\n\n\n<p>Ez\u00faton is k\u00f6sz\u00f6nj\u00fck a zs\u0171ri munk\u00e1j\u00e1t!<\/p>\n\n\n\n<p>A versenyt Raffai J\u00e1nos, Orosh\u00e1za v\u00e1ros polg\u00e1rmestere nyitotta meg.<\/p>\n\n\n\n<p><strong>Eredm\u00e9nyek.<\/strong><\/p>\n\n\n\n<p><strong>\u00d3vod\u00e1sok:<\/strong><\/p>\n\n\n\n<ol class=\"wp-block-list\">\n<li>Szekeres Lotti (Forr\u00e1s Reform\u00e1tus \u00d3voda) \u00e9s<br>Veraszt\u00f3 Al\u00edz (Forr\u00e1s Reform\u00e1tus \u00d3voda)<\/li>\n\n\n\n<li>Duszka Dus\u00e1n D\u00e1vid (E\u00f6tv\u00f6s J\u00f3zsef Katolikus \u00c1ltal\u00e1nos Iskola \u00e9s \u00d3voda) \u00e9s<br>N\u00e9meth Mia (Sz\u00e9k\u00e1cs J\u00f3zsef Evang\u00e9likus \u00d3voda, \u00c1ltal\u00e1nos Iskola \u00e9s Gimn\u00e1zium Hajnal \u00d3voda)<\/li>\n\n\n\n<li>Kov\u00e1cs Anna S\u00e1ra (Sz\u00e9k\u00e1cs J\u00f3zsef Evang\u00e9likus \u00d3voda, \u00c1ltal\u00e1nos Iskola \u00e9s Gimn\u00e1zium Hajnal \u00d3voda)<\/li>\n<\/ol>\n\n\n\n<p><br><strong>1-2. oszt\u00e1ly:<\/strong><\/p>\n\n\n\n<ol class=\"wp-block-list\">\n<li>Mata Zolt\u00e1n Noel (Jank\u00f3 J\u00e1nos \u00c1ltal\u00e1nos Iskola \u00e9s Gimn\u00e1zium, T\u00f3tkoml\u00f3s)<\/li>\n\n\n\n<li>Sov\u00e1ny Mira (Jank\u00f3 J\u00e1nos \u00c1ltal\u00e1nos Iskola \u00e9s Gimn\u00e1zium, T\u00f3tkoml\u00f3s) \u00e9s<br>Sz\u0151ke Ad\u00e9l (Orosh\u00e1zi Reform\u00e1tus K\u00e9t Tan\u00edt\u00e1si Nyelv\u0171 \u00c1ltal\u00e1nos Iskola)<\/li>\n\n\n\n<li>Dud\u00e1s Izabella (Orosh\u00e1zi Reform\u00e1tus K\u00e9t Tan\u00edt\u00e1si Nyelv\u0171 \u00c1ltal\u00e1nos Iskola) \u00e9s<br>Skita Dia (Sz\u00e9k\u00e1cs J\u00f3zsef Evang\u00e9likus \u00d3voda \u00c1ltal\u00e1nos Iskola \u00e9s Gimn\u00e1zium)<br><\/li>\n<\/ol>\n\n\n\n<p><strong>3-4. oszt\u00e1ly:<\/strong><\/p>\n\n\n\n<ol class=\"wp-block-list\">\n<li>M\u00f3cz Izabella (Dr. Mester Gy\u00f6rgy \u00c1ltal\u00e1nos Iskola, Elek)<\/li>\n\n\n\n<li>Tolnai Vivien (Dr. Mester Gy\u00f6rgy \u00c1ltal\u00e1nos Iskola, Elek)<\/li>\n\n\n\n<li>Borsos S\u00e1ndor (Sz\u00e9k\u00e1cs J\u00f3zsef Evang\u00e9likus \u00d3voda \u00c1ltal\u00e1nos Iskola \u00e9s Gimn\u00e1zium)<\/li>\n<\/ol>\n\n\n\n<p>A <strong>Nyugd\u00edjas Pedag\u00f3gusok Orosh\u00e1zi Egyes\u00fclete k\u00fcl\u00f6nd\u00edj\u00e1t<\/strong> a Forr\u00e1s Reform\u00e1tus \u00d3voda \u00e9s az eleki Dr. Mester Gy\u00f6rgy \u00c1ltal\u00e1nos Iskola kapta. A d\u00edjat \u00e1tadta Makul\u00e1n\u00e9 Gulicska Val\u00e9ria egyes\u00fcleti eln\u00f6k. <\/p>\n\n\n\n<p>A verseny t\u00e1mogat\u00f3 voltak: Orosh\u00e1za V\u00e1ros \u00d6nkorm\u00e1nyzata, Gyop\u00e1rosf\u00fcrd\u0151, Pet\u0151fi M\u0171vel\u0151d\u00e9si K\u00f6zpont, Nyugd\u00edjas Pedag\u00f3gusok Orosh\u00e1zi Egyes\u00fclete.<\/p>\n\n\n\n<p>K\u00f6sz\u00f6nj\u00fck a seg\u00edts\u00e9get!<\/p>\n\n\n\n<p>Fot\u00f3k: <a href=\"https:\/\/blog.justhvk.hu\/blog\/2026-os-fotok\/nggallery\/album\/19-gyoparka-tunder-mesemondo-verseny-2026-aprilis-25\">https:\/\/blog.justhvk.hu\/blog\/2026-os-fotok\/nggallery\/album\/19-gyoparka-tunder-mesemondo-verseny-2026-aprilis-25<\/a> <\/p>\n<div class=\"fcbkbttn_buttons_block\" id=\"fcbkbttn_left\"><div class=\"fcbkbttn_like \"><fb:like href=\"https:\/\/blog.justhvk.hu\/blog\/19-gyoparka-tunder-mesemondo-verseny-fotok-eredmenyek\/\" action=\"like\" colorscheme=\"light\" layout=\"button_count\"  size=\"small\"><\/fb:like><\/div><div class=\"fb-share-button  \" data-href=\"https:\/\/blog.justhvk.hu\/blog\/19-gyoparka-tunder-mesemondo-verseny-fotok-eredmenyek\/\" data-type=\"button_count\" data-size=\"small\"><\/div><\/div>","protected":false},"excerpt":{"rendered":"<p>Kereken 20 \u00e9vvel ezel\u0151tt, 2006-ban szervezte meg az els\u0151 mesemond\u00f3 versenyt az Ifj\u00fas\u00e1gi Magyars\u00e1gt\u00e1bor r\u00e9szek\u00e9nt K\u00e1rolyi F\u00fcl\u00f6p B\u00e9la. A versenyb\u0151l hagyom\u00e1ny lett, \u00edgy szombaton m\u00e1r a 19. Gyop\u00e1rka t\u00fcnd\u00e9r mesemond\u00f3 versenyt szervezt\u00fck meg a k\u00f6nyvt\u00e1rban &#8211; a szok\u00e1soknak megfelel\u0151en ez\u00fattal is a telep\u00fcl\u00e9salap\u00edt\u00e1si \u00fcnneps\u00e9gsorozathoz kapcsol\u00f3dva.<\/p>\n","protected":false},"author":5,"featured_media":48225,"comment_status":"open","ping_status":"open","sticky":false,"template":"","format":"standard","meta":{"episode_type":"","audio_file":"","cover_image":"","cover_image_id":"","duration":"","filesize":"","date_recorded":"","explicit":"","block":"","filesize_raw":"","ngg_post_thumbnail":0,"footnotes":""},"categories":[191,255,388,452],"tags":[],"class_list":["post-48137","post","type-post","status-publish","format-standard","has-post-thumbnail","hentry","category-gyoparka-tunder","category-justh-zsigmond-varosi-konyvtar","category-mesemondo-verseny","category-oroshaza"],"_links":{"self":[{"href":"https:\/\/blog.justhvk.hu\/blog\/wp-json\/wp\/v2\/posts\/48137","targetHints":{"allow":["GET"]}}],"collection":[{"href":"https:\/\/blog.justhvk.hu\/blog\/wp-json\/wp\/v2\/posts"}],"about":[{"href":"https:\/\/blog.justhvk.hu\/blog\/wp-json\/wp\/v2\/types\/post"}],"author":[{"embeddable":true,"href":"https:\/\/blog.justhvk.hu\/blog\/wp-json\/wp\/v2\/users\/5"}],"replies":[{"embeddable":true,"href":"https:\/\/blog.justhvk.hu\/blog\/wp-json\/wp\/v2\/comments?post=48137"}],"version-history":[{"count":4,"href":"https:\/\/blog.justhvk.hu\/blog\/wp-json\/wp\/v2\/posts\/48137\/revisions"}],"predecessor-version":[{"id":48227,"href":"https:\/\/blog.justhvk.hu\/blog\/wp-json\/wp\/v2\/posts\/48137\/revisions\/48227"}],"wp:featuredmedia":[{"embeddable":true,"href":"https:\/\/blog.justhvk.hu\/blog\/wp-json\/wp\/v2\/media\/48225"}],"wp:attachment":[{"href":"https:\/\/blog.justhvk.hu\/blog\/wp-json\/wp\/v2\/media?parent=48137"}],"wp:term":[{"taxonomy":"category","embeddable":true,"href":"https:\/\/blog.justhvk.hu\/blog\/wp-json\/wp\/v2\/categories?post=48137"},{"taxonomy":"post_tag","embeddable":true,"href":"https:\/\/blog.justhvk.hu\/blog\/wp-json\/wp\/v2\/tags?post=48137"}],"curies":[{"name":"wp","href":"https:\/\/api.w.org\/{rel}","templated":true}]}}