{"id":5275,"date":"2012-01-11T12:18:54","date_gmt":"2012-01-11T11:18:54","guid":{"rendered":"http:\/\/blog.justhvk.hu\/?p=5275"},"modified":"2012-01-11T12:18:54","modified_gmt":"2012-01-11T11:18:54","slug":"justh-zsigmond-vers-es-prozamondo-verseny-2012","status":"publish","type":"post","link":"https:\/\/blog.justhvk.hu\/blog\/justh-zsigmond-vers-es-prozamondo-verseny-2012\/","title":{"rendered":"Justh Zsigmond vers- \u00e9s pr\u00f3zamond\u00f3 verseny, 2012"},"content":{"rendered":"<p><span style=\"color: #ff0000;\">Kedves olvas\u00f3k, \u00e9rdekl\u0151d\u0151k! A<strong> Justh Zsigmond vers- \u00e9s pr\u00f3zamond\u00f3 versenyt<\/strong> a jelentkez\u0151k k\u00e9r\u00e9s\u00e9re <strong>k\u00e9t h\u00e9ttel k\u00e9s\u0151bb, febru\u00e1r 27-\u00e9n, h\u00e9tf\u0151n rendezz\u00fck meg<\/strong>!<\/span><\/p>\n<p>Kedves Mindenki! K\u00f6nyvt\u00e1runk az elm\u00falt \u00e9vekhez hasonl\u00f3an 2012-ben is megrendezi \u00edr\u00f3, irodalomszervez\u0151 n\u00e9vad\u00f3ja eml\u00e9ke el\u0151tt tisztelegve a <strong>Justh Zsigmond vers- \u00e9s pr\u00f3zamond\u00f3 verseny<\/strong>t. B\u00e1r a k\u00f6zeli telep\u00fcl\u00e9sek iskol\u00e1it m\u00e1r \u00e9rtes\u00edtett\u00fck, de itt is szeretn\u00e9nk felh\u00edvni a pedag\u00f3gusok \u00e9s di\u00e1kok figyelm\u00e9t a megm\u00e9rettet\u00e9sre.A legfontosabb tudnival\u00f3kat szeretn\u00e9nk most \u00f6sszefoglalni nektek.<\/p>\n<ul>\n<li>A di\u00e1kok <em>k\u00e9t kateg\u00f3ri\u00e1ban<\/em> nevezhetnek (9-10. \u00e9vfolyamosok, 11-12. \u00e9vfolyamosok).<\/li>\n<li><em>Egy iskol\u00e1b\u00f3l kateg\u00f3ri\u00e1nk\u00e9nt 2-3 di\u00e1k<\/em> nevez\u00e9s\u00e9t v\u00e1rjuk.<\/li>\n<li>Minden tanul\u00f3nak k\u00e9t m\u0171vel, <em>k\u00f6telez\u0151en egy vil\u00e1girodalmi \u00e9s egy magyar irodalmi alkot\u00e1ssal<\/em> kell nevezni.<\/li>\n<li>A verseny <em>id\u0151pontja<\/em>: <span style=\"text-decoration: line-through;\">2012. febru\u00e1r 13. (h\u00e9tf\u0151) 9 \u00f3ra 30 perc<\/span> <span style=\"color: #ff0000;\">2012. febru\u00e1r 27. (h\u00e9tf\u0151) 9 \u00f3ra 30 perc<\/span><\/li>\n<li><em>Nevez\u00e9si hat\u00e1rid\u0151:<\/em> 2012. febru\u00e1r 01.<\/li>\n<li>A <em>jelentkez\u00e9si lapot <\/em><strong><a href=\"http:\/\/192.168.10.245\/wp-content\/uploads\/2012\/01\/jelentkezesi-lap1.doc\">itt is let\u00f6lthetitek<\/a><\/strong>, a kit\u00f6lt\u00f6tt jelentkez\u00e9si lapot post\u00e1n (5900 Orosh\u00e1za, Kossuth u. 3.) \u00e9s <strong><a href=\"mailto:\/\/konyvtar@justhvk.hu\">e-mailben<\/a><\/strong> (konyvtar@justhvk.hu) egyar\u00e1nt elk\u00fcldhetitek.<\/li>\n<li>A jelentkez\u00e9sr\u0151l <em>visszaigazol\u00e1st nem k\u00fcld\u00fcnk<\/em>, minden jelentkez\u00e9st automatikusan elfogadunk.<\/li>\n<li><em>Helysz\u00edn<\/em>: Justh Zsigmond V\u00e1rosi K\u00f6nyvt\u00e1r, Orosh\u00e1za, Kossuth u. 3. (<strong><a href=\"http:\/\/maps.google.hu\/maps?q=justh+zsigmond+v%C3%A1rosi+k%C3%B6nyvt%C3%A1r,+5900+Orosh%C3%A1za,+Kossuth+Lajos+utca+3&amp;hl=hu&amp;ie=UTF8&amp;sll=46.610889,20.611057&amp;sspn=0.181365,0.445976&amp;hq=justh+zsigmond+v%C3%A1rosi+k%C3%B6nyvt%C3%A1r,&amp;hnear=5900+Orosh%C3%A1za,+Kossuth+Lajos+utca+3&amp;cid=16085936520312827076&amp;t=m&amp;z=14&amp;vpsrc=0&amp;iwloc=A\">t\u00e9rk\u00e9p\u00e9rt kattints ide!<\/a><\/strong>)<\/li>\n<li><em>Gy\u00fclekez\u0151<\/em>: 8 \u00f3ra \u00e9s 9 \u00f3ra 20 perc k\u00f6z\u00f6tt.<\/li>\n<\/ul>\n<p>A versennyel kapcsolatban \u00e9rdekl\u0151dni ak\u00e1r itt, kommentben, ak\u00e1r <strong><a href=\"mailto:\/\/konyvtar@justhvk.hu\">e-mailben<\/a><\/strong>, ak\u00e1r a (68) 413-696-os telefonsz\u00e1mon is lehet.<\/p>\n<p>Tisztelettel \u00e9s szeretettel v\u00e1rjuk jelentkez\u00e9seteket.<\/p>\n<p><strong><a href=\"http:\/\/192.168.10.245\/wp-content\/uploads\/2012\/01\/jelentkezesi-lap1.doc\">A let\u00f6lthet\u0151 jelentkez\u00e9si lap\u00e9rt kattints ide!<\/a><\/strong><\/p>\n<p><a title=\"K\u00e9pek a tavalyi szaval\u00f3versenyr\u0151l\" href=\"https:\/\/picasaweb.google.com\/115753013865007437721\/JusthZsigmondVersEsProzamondoVerseny2011#\"><img loading=\"lazy\" decoding=\"async\" class=\"alignleft size-medium wp-image-5279\" title=\"K\u00e9pek a tavalyi szaval\u00f3versenyr\u0151l\" src=\"http:\/\/192.168.10.245\/wp-content\/uploads\/2012\/01\/szavalo2011-300x225.jpg\" alt=\"\" width=\"300\" height=\"225\" \/><\/a><\/p>\n<div class=\"fcbkbttn_buttons_block\" id=\"fcbkbttn_left\"><div class=\"fcbkbttn_like \"><fb:like href=\"https:\/\/blog.justhvk.hu\/blog\/justh-zsigmond-vers-es-prozamondo-verseny-2012\/\" action=\"like\" colorscheme=\"light\" layout=\"button_count\"  size=\"small\"><\/fb:like><\/div><div class=\"fb-share-button  \" data-href=\"https:\/\/blog.justhvk.hu\/blog\/justh-zsigmond-vers-es-prozamondo-verseny-2012\/\" data-type=\"button_count\" data-size=\"small\"><\/div><\/div>","protected":false},"excerpt":{"rendered":"<p>Kedves olvas\u00f3k, \u00e9rdekl\u0151d\u0151k! A Justh Zsigmond vers- \u00e9s pr\u00f3zamond\u00f3 versenyt a jelentkez\u0151k k\u00e9r\u00e9s\u00e9re k\u00e9t h\u00e9ttel k\u00e9s\u0151bb, febru\u00e1r 27-\u00e9n, h\u00e9tf\u0151n rendezz\u00fck meg! Kedves Mindenki! K\u00f6nyvt\u00e1runk az elm\u00falt \u00e9vekhez hasonl\u00f3an 2012-ben is megrendezi \u00edr\u00f3, irodalomszervez\u0151 n\u00e9vad\u00f3ja eml\u00e9ke el\u0151tt tisztelegve a Justh Zsigmond vers- \u00e9s pr\u00f3zamond\u00f3 versenyt. B\u00e1r a k\u00f6zeli telep\u00fcl\u00e9sek iskol\u00e1it m\u00e1r \u00e9rtes\u00edtett\u00fck, de itt is szeretn\u00e9nk [&hellip;]<\/p>\n","protected":false},"author":5,"featured_media":0,"comment_status":"open","ping_status":"open","sticky":false,"template":"","format":"standard","meta":{"episode_type":"","audio_file":"","cover_image":"","cover_image_id":"","duration":"","filesize":"","date_recorded":"","explicit":"","block":"","filesize_raw":"","ngg_post_thumbnail":0,"footnotes":""},"categories":[254,255,452,558,638],"tags":[],"class_list":["post-5275","post","type-post","status-publish","format-standard","hentry","category-justh-zsigmond","category-justh-zsigmond-varosi-konyvtar","category-oroshaza","category-szavaloverseny","category-vers"],"_links":{"self":[{"href":"https:\/\/blog.justhvk.hu\/blog\/wp-json\/wp\/v2\/posts\/5275","targetHints":{"allow":["GET"]}}],"collection":[{"href":"https:\/\/blog.justhvk.hu\/blog\/wp-json\/wp\/v2\/posts"}],"about":[{"href":"https:\/\/blog.justhvk.hu\/blog\/wp-json\/wp\/v2\/types\/post"}],"author":[{"embeddable":true,"href":"https:\/\/blog.justhvk.hu\/blog\/wp-json\/wp\/v2\/users\/5"}],"replies":[{"embeddable":true,"href":"https:\/\/blog.justhvk.hu\/blog\/wp-json\/wp\/v2\/comments?post=5275"}],"version-history":[{"count":0,"href":"https:\/\/blog.justhvk.hu\/blog\/wp-json\/wp\/v2\/posts\/5275\/revisions"}],"wp:attachment":[{"href":"https:\/\/blog.justhvk.hu\/blog\/wp-json\/wp\/v2\/media?parent=5275"}],"wp:term":[{"taxonomy":"category","embeddable":true,"href":"https:\/\/blog.justhvk.hu\/blog\/wp-json\/wp\/v2\/categories?post=5275"},{"taxonomy":"post_tag","embeddable":true,"href":"https:\/\/blog.justhvk.hu\/blog\/wp-json\/wp\/v2\/tags?post=5275"}],"curies":[{"name":"wp","href":"https:\/\/api.w.org\/{rel}","templated":true}]}}