{"id":556,"date":"2008-04-14T18:33:39","date_gmt":"2008-04-14T17:33:39","guid":{"rendered":"http:\/\/blog.justhvk.hu\/?p=556"},"modified":"2008-04-14T18:33:39","modified_gmt":"2008-04-14T17:33:39","slug":"konyvtaroskep","status":"publish","type":"post","link":"https:\/\/blog.justhvk.hu\/blog\/konyvtaroskep\/","title":{"rendered":"K\u00f6nyvt\u00e1rosk\u00e9p"},"content":{"rendered":"<p><a href=\"http:\/\/192.168.10.245\/wp-content\/uploads\/2008\/04\/brussel.jpg\" title=\"brussel.jpg\"><img decoding=\"async\" src=\"http:\/\/192.168.10.245\/wp-content\/uploads\/2008\/04\/brussel.thumbnail.jpg\" alt=\"brussel.jpg\" align=\"left\" \/><\/a>Nem tudom hova tenni <em>Herman Brusselmans A f\u00e9rfi, aki munk\u00e1t tal\u00e1lt<\/em> c\u00edm\u0171 reg\u00e9ny\u00e9t. Na persze nem fizikai \u00e9rtelemben, mert az egyszer\u0171 lesz: visszaadom annak a koll\u00e9g\u00e1mnak, akit\u0151l k\u00f6lcs\u00f6nbe kaptam. Viszont ami a r\u00e1m gyakorolt hat\u00e1s\u00e1t illeti, h\u00e1t nem is tudom&#8230;<\/p>\n<p>Egyr\u00e9szt szerettem olvasni. Mert rendk\u00edv\u00fcl k\u00e9nyelmes olvasni. Alig 200 oldal, a t\u00f6rt\u00e9net egyszer\u0171 (tal\u00e1n nincs is; annyira), a mondatok is v\u00e9gtelen\u00fcl egyszer\u0171ek, \u00e9s eleve: a Jelenkor kiad\u00f3 \u00datraval\u00f3 sorozata \u00fagy bar\u00e1ts\u00e1gos, ahogy van.<\/p>\n<p>M\u00e1sr\u00e9szt nem szerettem olvasni. Pedig szerethettem volna, elv\u00e9gre egy k\u00f6nyvt\u00e1ros a f\u0151szerepl\u0151. A helysz\u00edn Br\u00fcsszel, az id\u0151pont 1983. A f\u0151szerepl\u0151 egy \u00e1llat nagy \u00fczem kis k\u00f6nyvt\u00e1r\u00e1nak k\u00f6nyvt\u00e1rosa. Mondhatn\u00e1m, irigyelt k\u00f6nyvt\u00e1rosa (a f\u0151h\u0151s a k\u00f6nyvt\u00e1rban folyton s\u00f6r\u00f6zik, cigizik) de azt is, hogy igaz\u00e1n barom k\u00f6nyvt\u00e1rosa (tal\u00e1lomra t\u00f6nkre v\u00e1gja a k\u00f6nyveket, r\u00e9m gusztustalan m\u00f3don, gyakran mag\u00e1ra z\u00e1rja az ajt\u00f3t, \u00e9s \u00fagy \u00e1ltal\u00e1ban hal\u00e1losan unatkozik). A reg\u00e9nyr\u0151l mindent elmond, hogy a leggyakoribb kifejez\u00e9s benne az \u00fcr\u00edtkez\u00e9s \u00e9s annak ragozott alakjai. Mindez m\u00e9g megbocs\u00e1that\u00f3 lenne, gusztustalan reg\u00e9nyeknek is lehet j\u00f3 st\u00edlusa, de ennek a reg\u00e9nynek \u00e9ppen az van a legkev\u00e9sb\u00e9. Persze \u00edzl\u00e9s dolga, tudom \u00e9n; a neten most belefutottam p\u00e1r kritik\u00e1ba: csupa rajong\u00f3 kritik\u00e1ba.<\/p>\n<p>De ami engem illet, szerintem egy ilyen ember \u00e9lete sz\u00f6rny\u0171. A t\u00f6rt\u00e9net\u00e9t &#8211; m\u00e9g, ha csak 200 oldalban is \u2013 meg\u00edrni sz\u00f6rny\u0171 \u00e9s f\u00f6l\u00f6sleges. Ezt elolvasni pedig hiba.<\/p>\n<p>(A k\u00f6nyv nem az eny\u00e9m, \u00e9s akkor lenn\u00e9k igaz\u00e1n bajban, ha az eny\u00e9m lenne. Mert elvesz\u00edteni se vesz\u00edten\u00e9m el sz\u00edvesen. ;))<\/p>\n<div class=\"fcbkbttn_buttons_block\" id=\"fcbkbttn_left\"><div class=\"fcbkbttn_like \"><fb:like href=\"https:\/\/blog.justhvk.hu\/blog\/konyvtaroskep\/\" action=\"like\" colorscheme=\"light\" layout=\"button_count\"  size=\"small\"><\/fb:like><\/div><div class=\"fb-share-button  \" data-href=\"https:\/\/blog.justhvk.hu\/blog\/konyvtaroskep\/\" data-type=\"button_count\" data-size=\"small\"><\/div><\/div>","protected":false},"excerpt":{"rendered":"<p>Nem tudom hova tenni Herman Brusselmans A f\u00e9rfi, aki munk\u00e1t tal\u00e1lt c\u00edm\u0171 reg\u00e9ny\u00e9t. Na persze nem fizikai \u00e9rtelemben, mert az egyszer\u0171 lesz: visszaadom annak a koll\u00e9g\u00e1mnak, akit\u0151l k\u00f6lcs\u00f6nbe kaptam. Viszont ami a r\u00e1m gyakorolt hat\u00e1s\u00e1t illeti, h\u00e1t nem is tudom&#8230; Egyr\u00e9szt szerettem olvasni. Mert rendk\u00edv\u00fcl k\u00e9nyelmes olvasni. Alig 200 oldal, a t\u00f6rt\u00e9net egyszer\u0171 (tal\u00e1n nincs [&hellip;]<\/p>\n","protected":false},"author":5,"featured_media":0,"comment_status":"open","ping_status":"open","sticky":false,"template":"","format":"standard","meta":{"episode_type":"","audio_file":"","cover_image":"","cover_image_id":"","duration":"","filesize":"","date_recorded":"","explicit":"","block":"","filesize_raw":"","ngg_post_thumbnail":0,"footnotes":""},"categories":[303],"tags":[],"class_list":["post-556","post","type-post","status-publish","format-standard","hentry","category-konyvtaros-olvas"],"_links":{"self":[{"href":"https:\/\/blog.justhvk.hu\/blog\/wp-json\/wp\/v2\/posts\/556","targetHints":{"allow":["GET"]}}],"collection":[{"href":"https:\/\/blog.justhvk.hu\/blog\/wp-json\/wp\/v2\/posts"}],"about":[{"href":"https:\/\/blog.justhvk.hu\/blog\/wp-json\/wp\/v2\/types\/post"}],"author":[{"embeddable":true,"href":"https:\/\/blog.justhvk.hu\/blog\/wp-json\/wp\/v2\/users\/5"}],"replies":[{"embeddable":true,"href":"https:\/\/blog.justhvk.hu\/blog\/wp-json\/wp\/v2\/comments?post=556"}],"version-history":[{"count":0,"href":"https:\/\/blog.justhvk.hu\/blog\/wp-json\/wp\/v2\/posts\/556\/revisions"}],"wp:attachment":[{"href":"https:\/\/blog.justhvk.hu\/blog\/wp-json\/wp\/v2\/media?parent=556"}],"wp:term":[{"taxonomy":"category","embeddable":true,"href":"https:\/\/blog.justhvk.hu\/blog\/wp-json\/wp\/v2\/categories?post=556"},{"taxonomy":"post_tag","embeddable":true,"href":"https:\/\/blog.justhvk.hu\/blog\/wp-json\/wp\/v2\/tags?post=556"}],"curies":[{"name":"wp","href":"https:\/\/api.w.org\/{rel}","templated":true}]}}