{"id":628,"date":"2008-05-11T11:17:31","date_gmt":"2008-05-11T10:17:31","guid":{"rendered":"http:\/\/blog.justhvk.hu\/?p=628"},"modified":"2008-05-11T11:17:31","modified_gmt":"2008-05-11T10:17:31","slug":"glamorama","status":"publish","type":"post","link":"https:\/\/blog.justhvk.hu\/blog\/glamorama\/","title":{"rendered":"Glamor\u00e1ma"},"content":{"rendered":"<p><a href=\"http:\/\/192.168.10.245\/wp-content\/uploads\/2008\/05\/glamorama.jpg\" title=\"glamorama\"><img decoding=\"async\" src=\"http:\/\/192.168.10.245\/wp-content\/uploads\/2008\/05\/glamorama.thumbnail.jpg\" alt=\"glamorama\" align=\"left\" \/><\/a>Vannak ugye egyszer a celebek. Csak hogy mindj\u00e1rt a k\u00f6zep\u00e9be v\u00e1gjunk \u00e9s \u00e9rz\u00e9keltess\u00fck: mi\u00e9rt is olyan hihetetlen\u00fcl t\u00e1voli vil\u00e1g az, amir\u0151l <em>Bret Easton Ellis<\/em> a Glamor\u00e1m\u00e1ban \u00edr. A mi celebjeink arr\u00f3l ismerhet\u0151k fel, hogy m\u0171velts\u00e9g\u00fck <em>gy\u0151zik\u00e9s<\/em>, sz\u00e9ps\u00e9g\u00fck <em>kiszelt\u00fcnd\u00e9s<\/em>, humoruk <em>mirigyes<\/em>, kreativit\u00e1sukat tekintve meg mondjuk <em>anettk\u00e1sak<\/em>. Ha ezeknek a felt\u00e9teleknek \u00edgy-\u00fagy eleget tesz valaki, m\u00e1ris k\u00f6rbej\u00e1rhatja a saj\u00e1t csatorn\u00e1juk \u00f6sszes rem\u00e9nytelen\u00fcl \u00f3tvar besz\u00e9lget\u0151s m\u0171sor\u00e1t. Na m\u00e1r most akikr\u0151l Ellis \u00edr a Glamor\u00e1m\u00e1ban, \u0151k szint\u00e9n celebek, csak hollywoodi m\u00e9rc\u00e9vel. Meg nem mondom m\u00e1r, hogy a k\u00f6nyv bor\u00edt\u00f3j\u00e1n olvastam, vagy a neten valahol, de tal\u00e1l\u00f3: aki nincs benne a reg\u00e9nyben, az nincs is. Az olvas\u00f3 csak kapkodja a fej\u00e9t a h\u00edress\u00e9gek l\u00e1tt\u00e1n, akikkel a f\u0151h\u0151s, a felkapott modell, Victor \u00f6sszefut. El se kezdem sorolni a neveket, nem \u00e9rdemes. Egy k\u00f6nyv van teli vel\u00fck.<\/p>\n<p>Glamor\u00e1ma m\u00e9gsem a szt\u00e1rokr\u00f3l sz\u00f3l, \u0151k csak vannak, mintegy k\u00f6telez\u0151 d\u00edszletek\u00e9nt a f\u0151h\u0151s k\u00f6rnyez\u00e9tben, mik\u00e9ppen k\u00f6telez\u0151 d\u00edszlet az \u00f6sszes Prada \u00f6lt\u00f6ny \u00e9s Mentos cukor \u00e9s egy\u00e9b m\u00e1rk\u00e1k \u00e1radata, ami m\u00e1r nagyon is Ellisre vall, l\u00e1sd Amerikai psycho. Aprop\u00f3 Amerikai psycho. A Glamor\u00e1ma k\u00f6zel sem olyan brut\u00e1lis, \u00e1m a tizennyolcas karik\u00e1t ez a reg\u00e9ny is joggal megp\u00e1ly\u00e1zhatja. M\u00e1s k\u00e9rd\u00e9s, hogy Ellisnek alighanem minden \u00edr\u00e1s\u00e1r\u00f3l kijelenthetj\u00fck mindezt.<\/p>\n<p>Bret Easton Ellis hirtelen nagy szt\u00e1r lett most idehaza is, k\u00f6sz\u00f6nhet\u0151en a nemr\u00e9g megrendezett nemzetk\u00f6zi <a href=\"http:\/\/www.bookfestival.hu\/\">k\u00f6nyvfesztiv\u00e1lnak<\/a> (err\u0151l az abszurdit\u00e1sr\u00f3l nyilatkozott is valahol, m\u00e1rmint hogy a szt\u00e1rokr\u00f3l \u00edrt cinikus reg\u00e9nyei tett\u00e9k \u0151t is szt\u00e1rr\u00e1). Nem mintha baj lenne, meg\u00e9rdemli. Lehet vitatkozni, hogy j\u00f3k-e a reg\u00e9nyei, vagy sz\u00f6rny\u0171ek, de az vitathatatlan, hogy egy\u00e9nis\u00e9g. Hazai viszonylatban nincs is p\u00e1rja, de gyan\u00edtom, hogy nemzetk\u00f6zi szinten is egyed\u00fcl\u00e1ll\u00f3, amit m\u0171vel. A k\u00f6nyvfesztiv\u00e1l szervez\u0151it\u0151l ez\u00e9rt volt nagyon b\u00e1tor \u00e9s szimpatikus h\u00faz\u00e1s egy ilyen provokat\u00edv \u00edr\u00f3t f\u0151vend\u00e9gnek megh\u00edvni. (Mell\u00e9ksz\u00e1l. \u00c9n azon a napon j\u00e1rtam Pesten, amikor Ellis dedik\u00e1lt a Millen\u00e1rison. A vonaton v\u00e9gig a Glamor\u00e1m\u00e1t olvastam, de k\u00f6nyvfesztiv\u00e1lra nem jutottam el. \u00cdgy csak abban b\u00edzhattam, hogy esetleg az utc\u00e1n \u00f6sszefutok vele, \u00e9s k\u00e9rek egy al\u00e1\u00edr\u00e1st. Nem j\u00f6tt \u00f6ssze.)<\/p>\n<p>Visszat\u00e9rve a reg\u00e9nyre, nagyon \u00e9letszer\u0171, ahogyan a szt\u00e1rok sek\u00e9lyes \u00e9s felsz\u00ednes \u00e9let\u00e9t le\u00edrja. A dial\u00f3gusok t\u00f6k\u00e9letesek. A sztori pedig lend\u00fcletes \u00e9s kisz\u00e1m\u00edthatatlan. Olyannyira, hogy m\u00e1ig nem tudom: mi is lett tulajdonk\u00e9ppen a v\u00e9ge. Mert ezt sajnos nem siker\u00fclt marad\u00e9ktalanul meg\u00e9rtenem.<\/p>\n<p>Ezzel egy\u00fctt is j\u00f3 k\u00f6nyv, ha valaki szerette az Amerikai psycho-t, ezt is szeretni fogja. Ellenben ha azt undor\u00edt\u00f3nak tal\u00e1lta, akkor erre sem besz\u00e9ln\u00e9m sz\u00edvesen r\u00e1. B\u00e1r val\u00f3sz\u00edn\u0171leg nem is tudn\u00e1m.<\/p>\n<div class=\"fcbkbttn_buttons_block\" id=\"fcbkbttn_left\"><div class=\"fcbkbttn_like \"><fb:like href=\"https:\/\/blog.justhvk.hu\/blog\/glamorama\/\" action=\"like\" colorscheme=\"light\" layout=\"button_count\"  size=\"small\"><\/fb:like><\/div><div class=\"fb-share-button  \" data-href=\"https:\/\/blog.justhvk.hu\/blog\/glamorama\/\" data-type=\"button_count\" data-size=\"small\"><\/div><\/div>","protected":false},"excerpt":{"rendered":"<p>Vannak ugye egyszer a celebek. Csak hogy mindj\u00e1rt a k\u00f6zep\u00e9be v\u00e1gjunk \u00e9s \u00e9rz\u00e9keltess\u00fck: mi\u00e9rt is olyan hihetetlen\u00fcl t\u00e1voli vil\u00e1g az, amir\u0151l Bret Easton Ellis a Glamor\u00e1m\u00e1ban \u00edr. A mi celebjeink arr\u00f3l ismerhet\u0151k fel, hogy m\u0171velts\u00e9g\u00fck gy\u0151zik\u00e9s, sz\u00e9ps\u00e9g\u00fck kiszelt\u00fcnd\u00e9s, humoruk mirigyes, kreativit\u00e1sukat tekintve meg mondjuk anettk\u00e1sak. Ha ezeknek a felt\u00e9teleknek \u00edgy-\u00fagy eleget tesz valaki, m\u00e1ris k\u00f6rbej\u00e1rhatja [&hellip;]<\/p>\n","protected":false},"author":5,"featured_media":0,"comment_status":"open","ping_status":"open","sticky":false,"template":"","format":"standard","meta":{"episode_type":"","audio_file":"","cover_image":"","cover_image_id":"","duration":"","filesize":"","date_recorded":"","explicit":"","block":"","filesize_raw":"","ngg_post_thumbnail":0,"footnotes":""},"categories":[80,303],"tags":[],"class_list":["post-628","post","type-post","status-publish","format-standard","hentry","category-bret-easton-ellis","category-konyvtaros-olvas"],"_links":{"self":[{"href":"https:\/\/blog.justhvk.hu\/blog\/wp-json\/wp\/v2\/posts\/628","targetHints":{"allow":["GET"]}}],"collection":[{"href":"https:\/\/blog.justhvk.hu\/blog\/wp-json\/wp\/v2\/posts"}],"about":[{"href":"https:\/\/blog.justhvk.hu\/blog\/wp-json\/wp\/v2\/types\/post"}],"author":[{"embeddable":true,"href":"https:\/\/blog.justhvk.hu\/blog\/wp-json\/wp\/v2\/users\/5"}],"replies":[{"embeddable":true,"href":"https:\/\/blog.justhvk.hu\/blog\/wp-json\/wp\/v2\/comments?post=628"}],"version-history":[{"count":0,"href":"https:\/\/blog.justhvk.hu\/blog\/wp-json\/wp\/v2\/posts\/628\/revisions"}],"wp:attachment":[{"href":"https:\/\/blog.justhvk.hu\/blog\/wp-json\/wp\/v2\/media?parent=628"}],"wp:term":[{"taxonomy":"category","embeddable":true,"href":"https:\/\/blog.justhvk.hu\/blog\/wp-json\/wp\/v2\/categories?post=628"},{"taxonomy":"post_tag","embeddable":true,"href":"https:\/\/blog.justhvk.hu\/blog\/wp-json\/wp\/v2\/tags?post=628"}],"curies":[{"name":"wp","href":"https:\/\/api.w.org\/{rel}","templated":true}]}}