{"id":756,"date":"2008-09-02T14:40:27","date_gmt":"2008-09-02T13:40:27","guid":{"rendered":"http:\/\/blog.justhvk.hu\/?p=756"},"modified":"2008-09-02T14:40:27","modified_gmt":"2008-09-02T13:40:27","slug":"pekingi-tudositoink-jelentik","status":"publish","type":"post","link":"https:\/\/blog.justhvk.hu\/blog\/pekingi-tudositoink-jelentik\/","title":{"rendered":"Pekingi tud\u00f3s\u00edt\u00f3ink jelentik"},"content":{"rendered":"<p><a href=\"http:\/\/192.168.10.245\/wp-content\/uploads\/2008\/09\/lena20080902.jpg\" title=\"klikkelj ide!\"><img decoding=\"async\" src=\"http:\/\/192.168.10.245\/wp-content\/uploads\/2008\/09\/lena20080902.thumbnail.jpg\" alt=\"klikkelj ide!\" align=\"left\" \/><\/a>K\u00fcl\u00f6n bejegyz\u00e9ssel ugyan nem sz\u00f3rakoztattuk a nagy\u00e9rdem\u0171t blogunkon <a href=\"http:\/\/eleterzes.hu\/\">L\u00e9na<\/a> hazat\u00e9r\u00e9s\u00e9r\u0151l, de att\u00f3l m\u00e9g a t\u00e9ny t\u00e9ny marad: a ped\u00e1los vil\u00e1gcsavarg\u00f3 &#8211; t\u00e1rs\u00e1val, <em>Berta Istv\u00e1nnal <\/em>oldal\u00e1n &#8211; elbiciklizett Pekingbe, \u00e9s \u00e1tadta a magyar olimpiai csapat z\u00e1szlaj\u00e1t. Az \u00fat b\u0151velkedett kalandban s izgalmakban, igaz ezek ink\u00e1bb a <em>&#8222;kapunk-e orosz v\u00edzumot&#8221;<\/em> \u00e9s a <em>&#8222;hol a francba fogunk ma \u00e9jjel aludni ebben a k.va nagy sivatagban?&#8221;<\/em> k\u00e9rd\u00e9sek k\u00f6r\u00e9 csoportosultak, mongol bandit\u00e1kr\u00f3l \u00e9s kazah hulig\u00e1nokr\u00f3l nem sz\u00f3l a f\u00e1ma. A l\u00e9nyeg, hogy a n\u00e9h\u00e1ny besz\u00e9lget\u00e9s L\u00e9n\u00e1val engem arr\u00f3l gy\u0151z\u00f6tt meg, hogy ez els\u0151sorban a fejben jelentett \u00f3ri\u00e1si kih\u00edv\u00e1st az utaz\u00f3knak, \u00e9s csak azt\u00e1n testben. Azt\u00e1n ha nem \u00edgy van, L\u00e9na majd j\u00f3l kijav\u00edt egy kommentben, ugyanis id\u0151k\u00f6zben r\u00e1kapott az internetre is, de ezt csak \u00fagy z\u00e1r\u00f3jelben jegyeztem meg.:D<\/p>\n<p>Na de az ok, ami\u00e9rt ebbe az eg\u00e9sz gondolatmenetbe belefogtam: L\u00e9na \u00e9s Pista szeptember 9-\u00e9n, kedden este 7 \u00f3r\u00e1t\u00f3l a Pet\u0151fi M\u0171vel\u0151d\u00e9si K\u00f6zpontban tartja els\u0151 nyilv\u00e1nos \u00e9lm\u00e9nybesz\u00e1mol\u00f3j\u00e1t. B\u00e1r a plak\u00e1t nem hirdeti, tudtommal m\u00e9g vide\u00f3bej\u00e1tsz\u00e1sok is sz\u00ednes\u00edtik majd a besz\u00e9lget\u00e9st.<\/p>\n<p>Azt\u00e1n meg majd L\u00e9na  j\u00f3l nekifog \u00e9lm\u00e9nyeinek meg\u00edr\u00e1s\u00e1hoz, s rem\u00e9lj\u00fck, siker\u00fcl megk\u00f6zel\u00edtenie <a href=\"http:\/\/blog.justhvk.hu\/?p=226\">el\u0151z\u0151 k\u00f6nyv\u00e9nek sz\u00ednvonal\u00e1t<\/a>. Mert az j\u00f3 volt, nagyon j\u00f3.<\/p>\n<div class=\"fcbkbttn_buttons_block\" id=\"fcbkbttn_left\"><div class=\"fcbkbttn_like \"><fb:like href=\"https:\/\/blog.justhvk.hu\/blog\/pekingi-tudositoink-jelentik\/\" action=\"like\" colorscheme=\"light\" layout=\"button_count\"  size=\"small\"><\/fb:like><\/div><div class=\"fb-share-button  \" data-href=\"https:\/\/blog.justhvk.hu\/blog\/pekingi-tudositoink-jelentik\/\" data-type=\"button_count\" data-size=\"small\"><\/div><\/div>","protected":false},"excerpt":{"rendered":"<p>K\u00fcl\u00f6n bejegyz\u00e9ssel ugyan nem sz\u00f3rakoztattuk a nagy\u00e9rdem\u0171t blogunkon L\u00e9na hazat\u00e9r\u00e9s\u00e9r\u0151l, de att\u00f3l m\u00e9g a t\u00e9ny t\u00e9ny marad: a ped\u00e1los vil\u00e1gcsavarg\u00f3 &#8211; t\u00e1rs\u00e1val, Berta Istv\u00e1nnal oldal\u00e1n &#8211; elbiciklizett Pekingbe, \u00e9s \u00e1tadta a magyar olimpiai csapat z\u00e1szlaj\u00e1t. Az \u00fat b\u0151velkedett kalandban s izgalmakban, igaz ezek ink\u00e1bb a &#8222;kapunk-e orosz v\u00edzumot&#8221; \u00e9s a &#8222;hol a francba fogunk ma [&hellip;]<\/p>\n","protected":false},"author":5,"featured_media":0,"comment_status":"open","ping_status":"open","sticky":false,"template":"","format":"standard","meta":{"episode_type":"","audio_file":"","cover_image":"","cover_image_id":"","duration":"","filesize":"","date_recorded":"","explicit":"","block":"","filesize_raw":"","ngg_post_thumbnail":0,"footnotes":""},"categories":[352,353],"tags":[],"class_list":["post-756","post","type-post","status-publish","format-standard","hentry","category-lena","category-lenart-lena-ferenc"],"_links":{"self":[{"href":"https:\/\/blog.justhvk.hu\/blog\/wp-json\/wp\/v2\/posts\/756","targetHints":{"allow":["GET"]}}],"collection":[{"href":"https:\/\/blog.justhvk.hu\/blog\/wp-json\/wp\/v2\/posts"}],"about":[{"href":"https:\/\/blog.justhvk.hu\/blog\/wp-json\/wp\/v2\/types\/post"}],"author":[{"embeddable":true,"href":"https:\/\/blog.justhvk.hu\/blog\/wp-json\/wp\/v2\/users\/5"}],"replies":[{"embeddable":true,"href":"https:\/\/blog.justhvk.hu\/blog\/wp-json\/wp\/v2\/comments?post=756"}],"version-history":[{"count":0,"href":"https:\/\/blog.justhvk.hu\/blog\/wp-json\/wp\/v2\/posts\/756\/revisions"}],"wp:attachment":[{"href":"https:\/\/blog.justhvk.hu\/blog\/wp-json\/wp\/v2\/media?parent=756"}],"wp:term":[{"taxonomy":"category","embeddable":true,"href":"https:\/\/blog.justhvk.hu\/blog\/wp-json\/wp\/v2\/categories?post=756"},{"taxonomy":"post_tag","embeddable":true,"href":"https:\/\/blog.justhvk.hu\/blog\/wp-json\/wp\/v2\/tags?post=756"}],"curies":[{"name":"wp","href":"https:\/\/api.w.org\/{rel}","templated":true}]}}